{"id":17482,"date":"2022-01-27T16:07:24","date_gmt":"2022-01-27T19:07:24","guid":{"rendered":"https:\/\/www.sertsc.org.br\/site\/?p=17482"},"modified":"2022-01-27T16:07:24","modified_gmt":"2022-01-27T19:07:24","slug":"inicio-da-assembleia-geral-extraordinaria-para-negociacoes-da-cct","status":"publish","type":"post","link":"https:\/\/sertsc.org.br\/site\/inicio-da-assembleia-geral-extraordinaria-para-negociacoes-da-cct\/","title":{"rendered":"In\u00edcio da Assembleia Geral Extraordin\u00e1ria para negocia\u00e7\u00f5es da CCT"},"content":{"rendered":"<p>Nesta quarta-feira aconteceu a abertura da ASSEMBLEIA GERAL EXTRAORDIN\u00c1RIA para a defini\u00e7\u00e3o da comiss\u00e3o de negocia\u00e7\u00e3o para a Conven\u00e7\u00e3o Coletiva de Trabalho (CCT) do ano de 2022.<br \/>\nA reuni\u00e3o foi realizada no escrit\u00f3rio do Sindicato das Empresas de R\u00e1dio e Televis\u00e3o de Santa Catarina, no Centro de Florian\u00f3polis, e contou com a participa\u00e7\u00e3o presencial e on-line de representantes da radiodifus\u00e3o catarinense. A reuni\u00e3o foi conduzida pelo presidente do SERT\/SC, Humberto Ohf Andrade.<br \/>\nEsta foi apenas uma primeira etapa e as negocia\u00e7\u00f5es continuam em andamento.<\/p>\n<p><img fetchpriority=\"high\" decoding=\"async\" class=\"alignnone size-full wp-image-17483\" src=\"https:\/\/www.sertsc.org.br\/site\/wp-content\/uploads\/2022\/01\/277.jpg\" alt=\"\" width=\"940\" height=\"788\" \/><\/p>\n","protected":false},"excerpt":{"rendered":"<p>Nesta quarta-feira aconteceu a abertura da ASSEMBLEIA GERAL EXTRAORDIN\u00c1RIA para&hellip;<\/p>\n<p> <a class=\"more-link\" href=\"https:\/\/sertsc.org.br\/site\/inicio-da-assembleia-geral-extraordinaria-para-negociacoes-da-cct\/\">Leia mais<\/a><\/p>\n","protected":false},"author":1,"featured_media":17483,"comment_status":"open","ping_status":"open","sticky":false,"template":"","format":"standard","meta":{"footnotes":""},"categories":[33,3],"tags":[],"class_list":{"0":"post-17482","1":"post","2":"type-post","3":"status-publish","4":"format-standard","5":"has-post-thumbnail","7":"category-destaques","8":"category-noticias"},"_links":{"self":[{"href":"https:\/\/sertsc.org.br\/site\/wp-json\/wp\/v2\/posts\/17482","targetHints":{"allow":["GET"]}}],"collection":[{"href":"https:\/\/sertsc.org.br\/site\/wp-json\/wp\/v2\/posts"}],"about":[{"href":"https:\/\/sertsc.org.br\/site\/wp-json\/wp\/v2\/types\/post"}],"author":[{"embeddable":true,"href":"https:\/\/sertsc.org.br\/site\/wp-json\/wp\/v2\/users\/1"}],"replies":[{"embeddable":true,"href":"https:\/\/sertsc.org.br\/site\/wp-json\/wp\/v2\/comments?post=17482"}],"version-history":[{"count":0,"href":"https:\/\/sertsc.org.br\/site\/wp-json\/wp\/v2\/posts\/17482\/revisions"}],"wp:featuredmedia":[{"embeddable":true,"href":"https:\/\/sertsc.org.br\/site\/wp-json\/"}],"wp:attachment":[{"href":"https:\/\/sertsc.org.br\/site\/wp-json\/wp\/v2\/media?parent=17482"}],"wp:term":[{"taxonomy":"category","embeddable":true,"href":"https:\/\/sertsc.org.br\/site\/wp-json\/wp\/v2\/categories?post=17482"},{"taxonomy":"post_tag","embeddable":true,"href":"https:\/\/sertsc.org.br\/site\/wp-json\/wp\/v2\/tags?post=17482"}],"curies":[{"name":"wp","href":"https:\/\/api.w.org\/{rel}","templated":true}]}}