{"id":17479,"date":"2022-01-27T14:45:14","date_gmt":"2022-01-27T17:45:14","guid":{"rendered":"https:\/\/www.sertsc.org.br\/site\/?p=17479"},"modified":"2022-01-27T14:45:14","modified_gmt":"2022-01-27T17:45:14","slug":"governo-federal-substitui-papeis-e-passa-a-utilizar-certificacao-digital-para-veiculacao-de-midia","status":"publish","type":"post","link":"https:\/\/sertsc.org.br\/site\/governo-federal-substitui-papeis-e-passa-a-utilizar-certificacao-digital-para-veiculacao-de-midia\/","title":{"rendered":"Governo Federal substitui pap\u00e9is e passa a utilizar certifica\u00e7\u00e3o digital para veicula\u00e7\u00e3o de m\u00eddia"},"content":{"rendered":"<p>O governo federal vai passar a adotar o sistema de certifica\u00e7\u00e3o digital para veicula\u00e7\u00e3o de m\u00eddia estatal em r\u00e1dio e TV. A medida est\u00e1 sendo comemorada pelas emissoras, j\u00e1 que a ado\u00e7\u00e3o do novo sistema elimina o uso de pap\u00e9is e o envio da documenta\u00e7\u00e3o pelos Correios. O novo m\u00e9todo j\u00e1 poder\u00e1 ser utilizado pelas emissoras nas pr\u00f3ximas campanhas.<\/p>\n<p>Uma das entidades que celebraram o novo sistema foi a Associa\u00e7\u00e3o Catarinense de Emissoras de R\u00e1dio e Televis\u00e3o (ACAERT). A diretora da Rede Comercial ACAERT (RCA), Liza Rocha, explicou que a pr\u00f3xima campanha j\u00e1 ser\u00e1 com a certifica\u00e7\u00e3o digital. \u201cA partir da pr\u00f3xima campanha, todo o processo estar\u00e1 digitalizado. N\u00e3o teremos mais que imprimir, assinar e enviar via correio\u201d, comemorou a diretora.<\/p>\n<p>Segundo informa\u00e7\u00f5es da pr\u00f3pria ACAERT, o sistema digital \u00e9 resultado do Grupo de Trabalho para Efici\u00eancia (GTE) da Secretaria de Publicidade e Patroc\u00ednio da Secom Federal. A implanta\u00e7\u00e3o do novo processo contou com a participa\u00e7\u00e3o da ACAERT, representada pela diretora da RCA.<\/p>\n<p>O objetivo do grupo \u00e9 avaliar parte das normas e processos internos relacionados \u00e0 publicidade do Governo Federal. A ado\u00e7\u00e3o da certifica\u00e7\u00e3o digital foi confirmada pelo secret\u00e1rio de Publicidade de Patroc\u00ednio, Jos\u00e9 Ricardo da Veiga, coordenador do GTE. \u201cDentro do Grupo de Trabalho, tivemos a oportunidade de apresentar propostas de desburocratiza\u00e7\u00e3o dos processos da Secom, baseada na expertise operacional da RCA\u201d, destacou Liza Rocha.<\/p>\n<p>O presidente da ACAERT, Silvano Silva, tamb\u00e9m aprovou o novo m\u00e9todo implantado pelo governo federal. \u201cSem d\u00favida nenhuma \u00e9 uma grande conquista da radiodifus\u00e3o, que teve uma participa\u00e7\u00e3o fundamental da nossa entidade\u201d, ressaltou o presidente da entidade.<\/p>\n<p>Com informa\u00e7\u00f5es da ACAERT<\/p>\n<p><img fetchpriority=\"high\" decoding=\"async\" class=\"wp-image-17480 aligncenter\" src=\"https:\/\/www.sertsc.org.br\/site\/wp-content\/uploads\/2022\/01\/shutterstock_1691051851.jpg\" alt=\"\" width=\"524\" height=\"349\" \/><br \/>\nFonte: Tudo R\u00e1dio.<\/p>\n","protected":false},"excerpt":{"rendered":"<p>O governo federal vai passar a adotar o sistema de&hellip;<\/p>\n<p> <a class=\"more-link\" href=\"https:\/\/sertsc.org.br\/site\/governo-federal-substitui-papeis-e-passa-a-utilizar-certificacao-digital-para-veiculacao-de-midia\/\">Leia mais<\/a><\/p>\n","protected":false},"author":1,"featured_media":17480,"comment_status":"open","ping_status":"open","sticky":false,"template":"","format":"standard","meta":{"footnotes":""},"categories":[33,1,3],"tags":[],"class_list":{"0":"post-17479","1":"post","2":"type-post","3":"status-publish","4":"format-standard","5":"has-post-thumbnail","7":"category-destaques","8":"category-geral","9":"category-noticias"},"_links":{"self":[{"href":"https:\/\/sertsc.org.br\/site\/wp-json\/wp\/v2\/posts\/17479","targetHints":{"allow":["GET"]}}],"collection":[{"href":"https:\/\/sertsc.org.br\/site\/wp-json\/wp\/v2\/posts"}],"about":[{"href":"https:\/\/sertsc.org.br\/site\/wp-json\/wp\/v2\/types\/post"}],"author":[{"embeddable":true,"href":"https:\/\/sertsc.org.br\/site\/wp-json\/wp\/v2\/users\/1"}],"replies":[{"embeddable":true,"href":"https:\/\/sertsc.org.br\/site\/wp-json\/wp\/v2\/comments?post=17479"}],"version-history":[{"count":0,"href":"https:\/\/sertsc.org.br\/site\/wp-json\/wp\/v2\/posts\/17479\/revisions"}],"wp:featuredmedia":[{"embeddable":true,"href":"https:\/\/sertsc.org.br\/site\/wp-json\/"}],"wp:attachment":[{"href":"https:\/\/sertsc.org.br\/site\/wp-json\/wp\/v2\/media?parent=17479"}],"wp:term":[{"taxonomy":"category","embeddable":true,"href":"https:\/\/sertsc.org.br\/site\/wp-json\/wp\/v2\/categories?post=17479"},{"taxonomy":"post_tag","embeddable":true,"href":"https:\/\/sertsc.org.br\/site\/wp-json\/wp\/v2\/tags?post=17479"}],"curies":[{"name":"wp","href":"https:\/\/api.w.org\/{rel}","templated":true}]}}