{"id":17473,"date":"2022-01-27T08:18:40","date_gmt":"2022-01-27T11:18:40","guid":{"rendered":"https:\/\/www.sertsc.org.br\/site\/?p=17473"},"modified":"2022-01-27T08:18:40","modified_gmt":"2022-01-27T11:18:40","slug":"mais-de-200-entidades-manifestam-interesse-em-distribuir-tv-aberta-em-banda-ku","status":"publish","type":"post","link":"https:\/\/sertsc.org.br\/site\/mais-de-200-entidades-manifestam-interesse-em-distribuir-tv-aberta-em-banda-ku\/","title":{"rendered":"Mais de 200 entidades manifestam interesse em distribuir TV aberta em banda Ku"},"content":{"rendered":"<p>Os dados ainda s\u00e3o preliminares, mas este notici\u00e1rio apurou que houve at\u00e9 segunda, 24, nada menos do que 118 entidades e 107 manifesta\u00e7\u00f5es interessadas em realizar a migra\u00e7\u00e3o de seus canais de TV da banda C do sat\u00e9lite para a banda Ku; e 91 entidades e 41 manifesta\u00e7\u00f5es de emissoras interessadas em iniciar diretamente as transmiss\u00f5es em banda Ku.<\/p>\n<p>Dia 24 foi o prazo final dado pela Anatel em chamamento p\u00fablico para que as entidades interessadas se manifestassem no processo de migra\u00e7\u00e3o, como uma das etapas necess\u00e1rias para a implementa\u00e7\u00e3o das pol\u00edticas previstas no edital de 5G. Uma das diretrizes prev\u00ea justamente que as transmiss\u00f5es de TV aberta pela banda C do sat\u00e9lite ser\u00e3o migradas para a banda Ku como forma de evitar poss\u00edveis interfer\u00eancias na recep\u00e7\u00e3o dos sinais quando o 5G come\u00e7ar a operar na faixa de 3,5 GHz.<\/p>\n<p>Atualmente, boa parte destas emissoras de TV est\u00e3o no sat\u00e9lite StarOne C2, da Claro, com transmiss\u00f5es abertas em banda C, onde pode haver interfer\u00eancias. As empresas operadoras de sat\u00e9lite est\u00e3o, agora, buscando as emissoras de TV com propostas para realoca\u00e7\u00e3o dos canais em um novo sat\u00e9lite.<\/p>\n<p>As empresas mais ativas nesta disputa s\u00e3o a pr\u00f3pria StarOne, a Hispamar e a Eutelsat, por terem sat\u00e9lites em posi\u00e7\u00f5es orbitais pr\u00f3ximas \u00e0 utilizada atualmente (65\u00baO) e preparados para receber em banda Ku. Mas a Sky tamb\u00e9m tem feito uma oferta agressiva para ser a hospedeira destes sinais de TV aberta em seu sat\u00e9lite, e outras operadoras correm por fora com posi\u00e7\u00f5es orbitais menos \u00f3bvias. Uma defini\u00e7\u00e3o sobre os sat\u00e9lites precisa ser tomada at\u00e9 mar\u00e7o, e a pr\u00f3xima reuni\u00e3o do GAISPI (grupo que coordena esse processo) ser\u00e1 dia 26 de fevereiro.<\/p>\n<p>Depura\u00e7\u00e3o<br \/>\nO total de canais que efetivamente ser\u00e3o migrados ainda depende, inicialmente, de uma depura\u00e7\u00e3o das manifesta\u00e7\u00f5es encaminhadas \u00e0 Anatel, j\u00e1 que existem sobreposi\u00e7\u00f5es de pedidos e entidades que se manifestaram mais de uma vez. Mas a ordem de grandeza ser\u00e1 essa, o que \u00e9 importante para que as ofertas comerciais possam ser desenhadas pelos operadores de sat\u00e9lite. Os acordos entre emissoras e empresas com capacidade satelital ser\u00e3o individuais, mas a escolha do sat\u00e9lite precisa ser conjunta para simplificar o apontamento de antenas.<\/p>\n<p>N\u00e3o necessariamente precisa ser escolhido apenas um sat\u00e9lite, j\u00e1 que existem solu\u00e7\u00f5es de antenas que permitem a recep\u00e7\u00e3o de posi\u00e7\u00f5es orbitais diferentes, desde que n\u00e3o muito afastadas. Outra defini\u00e7\u00e3o importante \u00e9 o modelo de distribui\u00e7\u00e3o, se regionalizado, nacional, e qual ser\u00e1 a tecnologia de transmiss\u00e3o e recep\u00e7\u00e3o, o que determinar\u00e1 a taxa de compress\u00e3o dos sinais, a quantidade de transponders necess\u00e1ria para abrigar todos os canais na banda ku e a necessidade ou n\u00e3o de acesso condicionado para habilitar o funcionamento das caixas e libera\u00e7\u00e3o dos canais em cada regi\u00e3o.<\/p>\n<p>Vale lembrar que a pol\u00edtica p\u00fablica prev\u00ea a migra\u00e7\u00e3o gratuita, com a distribui\u00e7\u00e3o de kits de recep\u00e7\u00e3o em banda Ku, de todos os domic\u00edlios que tenham residentes inscritos no Cadastro \u00danico de programas sociais. Esse custo ser\u00e1 bancado pelas operadoras vencedoras do leil\u00e3o de 5G na faixa de 3,5 GHz nacional: Claro, TIM e Vivo. J\u00e1 os custos de remanejamento do sat\u00e9lite para as emissoras n\u00e3o ser\u00e1 subsidiado pela pol\u00edtica p\u00fablica.<\/p>\n<p><img fetchpriority=\"high\" decoding=\"async\" class=\" wp-image-17474 aligncenter\" src=\"https:\/\/www.sertsc.org.br\/site\/wp-content\/uploads\/2022\/01\/27-tv.jpg\" alt=\"\" width=\"548\" height=\"277\" \/><\/p>\n<p>Fonte: Tela Viva<\/p>\n","protected":false},"excerpt":{"rendered":"<p>Os dados ainda s\u00e3o preliminares, mas este notici\u00e1rio apurou que&hellip;<\/p>\n<p> <a class=\"more-link\" href=\"https:\/\/sertsc.org.br\/site\/mais-de-200-entidades-manifestam-interesse-em-distribuir-tv-aberta-em-banda-ku\/\">Leia mais<\/a><\/p>\n","protected":false},"author":1,"featured_media":17474,"comment_status":"open","ping_status":"open","sticky":false,"template":"","format":"standard","meta":{"footnotes":""},"categories":[33,3],"tags":[],"class_list":{"0":"post-17473","1":"post","2":"type-post","3":"status-publish","4":"format-standard","5":"has-post-thumbnail","7":"category-destaques","8":"category-noticias"},"_links":{"self":[{"href":"https:\/\/sertsc.org.br\/site\/wp-json\/wp\/v2\/posts\/17473","targetHints":{"allow":["GET"]}}],"collection":[{"href":"https:\/\/sertsc.org.br\/site\/wp-json\/wp\/v2\/posts"}],"about":[{"href":"https:\/\/sertsc.org.br\/site\/wp-json\/wp\/v2\/types\/post"}],"author":[{"embeddable":true,"href":"https:\/\/sertsc.org.br\/site\/wp-json\/wp\/v2\/users\/1"}],"replies":[{"embeddable":true,"href":"https:\/\/sertsc.org.br\/site\/wp-json\/wp\/v2\/comments?post=17473"}],"version-history":[{"count":0,"href":"https:\/\/sertsc.org.br\/site\/wp-json\/wp\/v2\/posts\/17473\/revisions"}],"wp:featuredmedia":[{"embeddable":true,"href":"https:\/\/sertsc.org.br\/site\/wp-json\/"}],"wp:attachment":[{"href":"https:\/\/sertsc.org.br\/site\/wp-json\/wp\/v2\/media?parent=17473"}],"wp:term":[{"taxonomy":"category","embeddable":true,"href":"https:\/\/sertsc.org.br\/site\/wp-json\/wp\/v2\/categories?post=17473"},{"taxonomy":"post_tag","embeddable":true,"href":"https:\/\/sertsc.org.br\/site\/wp-json\/wp\/v2\/tags?post=17473"}],"curies":[{"name":"wp","href":"https:\/\/api.w.org\/{rel}","templated":true}]}}