{"id":17467,"date":"2022-01-26T09:34:56","date_gmt":"2022-01-26T12:34:56","guid":{"rendered":"https:\/\/www.sertsc.org.br\/site\/?p=17467"},"modified":"2022-01-26T09:34:56","modified_gmt":"2022-01-26T12:34:56","slug":"kantar-ibope-media-realiza-webinar-sobre-as-tendencias-e-previsoes-de-midia-para-2022","status":"publish","type":"post","link":"https:\/\/sertsc.org.br\/site\/kantar-ibope-media-realiza-webinar-sobre-as-tendencias-e-previsoes-de-midia-para-2022\/","title":{"rendered":"Kantar IBOPE Media realiza webinar sobre as tend\u00eancias e previs\u00f5es de m\u00eddia para 2022"},"content":{"rendered":"<p>Nesta quinta-feira (27) a Kantar IBOPE Media vai realizar um webinar que pretende abordar as tend\u00eancias e previs\u00f5es de m\u00eddia para este ano de 2022. Adriana Favaro (Diretora de Desenvolvimento de Neg\u00f3cios da Kantar IBOPE Media) e Maura Coracini (Diretora de M\u00eddia &amp; Digital da Kantar \u2013 Divis\u00e3o Insights) abordar\u00e3o o estudo global de tend\u00eancias da Kantar, antecipando cinco tend\u00eancias e previs\u00f5es que &#8220;precisam estar no radar dos profissionais de marketing&#8221;, segundo a chamada do webinar. O evento virtual tem o apoio do IAB Brasil.<\/p>\n<p>Segundo a apresenta\u00e7\u00e3o do webinar, as diretoras da Kantar v\u00e3o abordar t\u00f3picos como &#8220;Streaming de v\u00eddeo: um mercado complexo e em constante evolu\u00e7\u00e3o&#8221;, &#8220;Remodelando o modelo comercial de m\u00eddia na Internet: como marcas e empresas de m\u00eddia navegar\u00e3o por mudan\u00e7as t\u00e3o radicais?&#8221;, &#8220;Uma abordagem diferente para os dados&#8221;, &#8220;M\u00eddia de performance e marketing: um playground em expans\u00e3o para marcas&#8221; e tamb\u00e9m &#8220;A vida durante uma pandemia \u2013 e o que isso agora significa para marcas e para a m\u00eddia&#8221;.<\/p>\n<p>Adriana Favaro j\u00e1 chegou a participar de uma live promovida pela AESP, onde o foco foi a discuss\u00e3o sobre a jornada do consumidor refor\u00e7ar um planejamento crossmedia, tendo como foco o estudo Inside Advertising, divulgado no ano passado.<\/p>\n<p>A transmiss\u00e3o ser\u00e1 realizada amanh\u00e3 (27), a partir das 10h00, com inscri\u00e7\u00f5es gratuitas. E o webinar \u00e9 mais um trabalho em conjunto entre a Kantar IBOPE Media e o IAB Brasil. As inscri\u00e7\u00f5es podem ser feitas pelo portal do IAB, atrav\u00e9s do link https:\/\/iabbrasil.com.br\/webinar-tendencias-e-previsoes-de-midia-2022\/.<\/p>\n<p>Mais dados<\/p>\n<p>A Kantar IBOPE Media tem imprimido uma s\u00e9rie de novidades para o mercado de m\u00eddia brasileiro, ampliando assim a oferta de dados sobre consumo das mais diferentes plataformas. E o r\u00e1dio tem sido impactado positivamente por essa nova movimenta\u00e7\u00e3o. Em dezembro passado, a empresa havia anunciado que iria oferecer novas m\u00e9tricas para aferi\u00e7\u00e3o de audi\u00eancia do r\u00e1dio. E esse trabalho foi iniciado neste m\u00eas de janeiro, j\u00e1 impactando diretamente o trabalho comercial das emissoras.<\/p>\n<p>Na novidade, a Kantar IBOPE Media passou a oferecer dados como &#8220;Impactos&#8221; e &#8220;Total de Ouvintes \u00danicos&#8221;, tendo como objetivo de posicionar o r\u00e1dio com n\u00fameros compar\u00e1veis com os de outras plataformas. Segundo a empresa, a audi\u00eancia est\u00e1 cada vez mais fragmentada entre diversos dispositivos e plataformas, sendo poss\u00edvel consumir \u00e1udio via servi\u00e7os de streaming, redes sociais, entre outros.<\/p>\n<p>Tamb\u00e9m no segundo semestre do ano passado, a Kantar anunciou uma Kantar IBOPE ferramenta para monitorar audi\u00eancia online de r\u00e1dio, atrav\u00e9s da plataforma Extended Radio, em parceria com as empresas Triton Digital e NextDial. &#8220;O r\u00e1dio vem acompanhando a evolu\u00e7\u00e3o do consumo de m\u00eddia do brasileiro h\u00e1 d\u00e9cadas. Se a aten\u00e7\u00e3o do consumidor est\u00e1 cada vez mais fragmentada em tantas m\u00eddias, \u00e9 preciso entender os pontos fortes do conte\u00fado de \u00e1udio em seus diferentes formatos e aproveitar as oportunidades para valorizar os espa\u00e7os publicit\u00e1rios do meio. O Extended Radio vai facilitar a compreens\u00e3o desses dados com a an\u00e1lise integrada de um consumo que j\u00e1 \u00e9 multimidia&#8221;, afirmou Giovana Alcantara, Diretora de Desenvolvimento de Neg\u00f3cios Regionais da Kantar IBOPE Media, em comunicado emitido na \u00e9poca.<\/p>\n<p><img fetchpriority=\"high\" decoding=\"async\" class=\"aligncenter\" src=\"http:\/\/radionotas.com\/wp-content\/uploads\/2019\/12\/bigstock-Man-and-woman-in-white-shirts-308171251-e1577667291226.jpg\" alt=\"Qu\u00e9 tan importante es la m\u00fasica para una estaci\u00f3n de radio? | radioNOTAS\" width=\"501\" height=\"334\" \/><\/p>\n<p>Fonte: Tudo R\u00e1dio<\/p>\n","protected":false},"excerpt":{"rendered":"<p>Nesta quinta-feira (27) a Kantar IBOPE Media vai realizar um&hellip;<\/p>\n<p> <a class=\"more-link\" href=\"https:\/\/sertsc.org.br\/site\/kantar-ibope-media-realiza-webinar-sobre-as-tendencias-e-previsoes-de-midia-para-2022\/\">Leia mais<\/a><\/p>\n","protected":false},"author":1,"featured_media":17468,"comment_status":"open","ping_status":"open","sticky":false,"template":"","format":"standard","meta":{"footnotes":""},"categories":[33,3],"tags":[],"class_list":{"0":"post-17467","1":"post","2":"type-post","3":"status-publish","4":"format-standard","5":"has-post-thumbnail","7":"category-destaques","8":"category-noticias"},"_links":{"self":[{"href":"https:\/\/sertsc.org.br\/site\/wp-json\/wp\/v2\/posts\/17467","targetHints":{"allow":["GET"]}}],"collection":[{"href":"https:\/\/sertsc.org.br\/site\/wp-json\/wp\/v2\/posts"}],"about":[{"href":"https:\/\/sertsc.org.br\/site\/wp-json\/wp\/v2\/types\/post"}],"author":[{"embeddable":true,"href":"https:\/\/sertsc.org.br\/site\/wp-json\/wp\/v2\/users\/1"}],"replies":[{"embeddable":true,"href":"https:\/\/sertsc.org.br\/site\/wp-json\/wp\/v2\/comments?post=17467"}],"version-history":[{"count":0,"href":"https:\/\/sertsc.org.br\/site\/wp-json\/wp\/v2\/posts\/17467\/revisions"}],"wp:featuredmedia":[{"embeddable":true,"href":"https:\/\/sertsc.org.br\/site\/wp-json\/"}],"wp:attachment":[{"href":"https:\/\/sertsc.org.br\/site\/wp-json\/wp\/v2\/media?parent=17467"}],"wp:term":[{"taxonomy":"category","embeddable":true,"href":"https:\/\/sertsc.org.br\/site\/wp-json\/wp\/v2\/categories?post=17467"},{"taxonomy":"post_tag","embeddable":true,"href":"https:\/\/sertsc.org.br\/site\/wp-json\/wp\/v2\/tags?post=17467"}],"curies":[{"name":"wp","href":"https:\/\/api.w.org\/{rel}","templated":true}]}}