{"id":17459,"date":"2022-01-24T15:10:21","date_gmt":"2022-01-24T18:10:21","guid":{"rendered":"https:\/\/www.sertsc.org.br\/site\/?p=17459"},"modified":"2022-01-24T15:10:21","modified_gmt":"2022-01-24T18:10:21","slug":"termina-segunda-24-prazo-para-emissoras-manifestarem-interesse-em-migrar-para-banda-ku","status":"publish","type":"post","link":"https:\/\/sertsc.org.br\/site\/termina-segunda-24-prazo-para-emissoras-manifestarem-interesse-em-migrar-para-banda-ku\/","title":{"rendered":"Termina segunda (24) prazo para emissoras manifestarem interesse em migrar para Banda KU"},"content":{"rendered":"<p>Transi\u00e7\u00e3o entre as bandas C e KU \u00e9 importante para que o sinal dos servi\u00e7os de 5G na faixa de 3.5 GHz n\u00e3o sofram interfer\u00eancia.<\/p>\n<p>As emissoras com sinal de TV aberta e gratuita e as concession\u00e1rias de radiodifus\u00e3o de sons e imagens t\u00eam at\u00e9 a pr\u00f3xima segunda-feira (24\/1) para comunicar o interesse em fazer a migra\u00e7\u00e3o da Banda C para a Banda KU \u2014 ambas s\u00e3o faixas de frequ\u00eancia utilizadas para a oferta do servi\u00e7o de internet. A Ag\u00eancia Nacional de Telecomunica\u00e7\u00f5es (Anatel) abriu o chamamento p\u00fablico no final do ano passado.<\/p>\n<p>A migra\u00e7\u00e3o para a Banda KU \u00e9 essencial para evitar poss\u00edveis problemas de interfer\u00eancias com os sinais dos servi\u00e7os de 5G na faixa 3,5 gigahertz (GHz). \u201cA faixa de radiofrequ\u00eancia Banda C tem intensa utiliza\u00e7\u00e3o pelo setor de radiodifus\u00e3o para levar a TV aberta e gratuita para todo o Pa\u00eds. A sua migra\u00e7\u00e3o para a Banda KU trar\u00e1 a oportunidade de ampliar a capacidade de sat\u00e9lites dispon\u00edveis para o setor, possibilitando mais programa\u00e7\u00f5es \u00e0 sociedade brasileira\u201d, explica o secret\u00e1rio nacional de Radiodifus\u00e3o do Minist\u00e9rio das Comunica\u00e7\u00f5es (MCom), Maximiliano Martinh\u00e3o.<\/p>\n<p>Al\u00e9m disso, de acordo com o secret\u00e1rio, este \u00e9 um processo fundamental para que as operadoras de telefonia consigam ofertar a tecnologia 5G para os usu\u00e1rios.<\/p>\n<p>Poder\u00e3o se manifestar no chamamento as entidades que, na data de 27 de setembro de 2021, transmitiam canais com sinal de TV aberta e gratuita, pass\u00edveis de recep\u00e7\u00e3o por meio de antenas parab\u00f3licas (TVRO) na Banda C satelital pelo p\u00fablico em geral. Tamb\u00e9m podem indicar o interesse, apenas cadastro de dados t\u00e9cnicos pela Anatel, as concession\u00e1rias de radiodifus\u00e3o de sons e imagens que n\u00e3o transmitiam canais com sinal de TV aberta e gratuita, mas que tenham disposi\u00e7\u00e3o para a transmiss\u00e3o do sinal por meio da Banda KU.<\/p>\n<p>As manifesta\u00e7\u00f5es, devidamente identificadas, devem ser encaminhadas, por meio do Sistema Eletr\u00f4nico de Informa\u00e7\u00f5es (SEI) da Anatel.<\/p>\n<p><img fetchpriority=\"high\" decoding=\"async\" class=\"wp-image-17460 aligncenter\" src=\"https:\/\/www.sertsc.org.br\/site\/wp-content\/uploads\/2022\/01\/5g-1-1024x576.jpg\" alt=\"\" width=\"553\" height=\"311\" \/><\/p>\n<p>Fonte: Infor Channel<\/p>\n","protected":false},"excerpt":{"rendered":"<p>Transi\u00e7\u00e3o entre as bandas C e KU \u00e9 importante para&hellip;<\/p>\n<p> <a class=\"more-link\" href=\"https:\/\/sertsc.org.br\/site\/termina-segunda-24-prazo-para-emissoras-manifestarem-interesse-em-migrar-para-banda-ku\/\">Leia mais<\/a><\/p>\n","protected":false},"author":1,"featured_media":17460,"comment_status":"open","ping_status":"open","sticky":false,"template":"","format":"standard","meta":{"footnotes":""},"categories":[33,3],"tags":[],"class_list":{"0":"post-17459","1":"post","2":"type-post","3":"status-publish","4":"format-standard","5":"has-post-thumbnail","7":"category-destaques","8":"category-noticias"},"_links":{"self":[{"href":"https:\/\/sertsc.org.br\/site\/wp-json\/wp\/v2\/posts\/17459","targetHints":{"allow":["GET"]}}],"collection":[{"href":"https:\/\/sertsc.org.br\/site\/wp-json\/wp\/v2\/posts"}],"about":[{"href":"https:\/\/sertsc.org.br\/site\/wp-json\/wp\/v2\/types\/post"}],"author":[{"embeddable":true,"href":"https:\/\/sertsc.org.br\/site\/wp-json\/wp\/v2\/users\/1"}],"replies":[{"embeddable":true,"href":"https:\/\/sertsc.org.br\/site\/wp-json\/wp\/v2\/comments?post=17459"}],"version-history":[{"count":0,"href":"https:\/\/sertsc.org.br\/site\/wp-json\/wp\/v2\/posts\/17459\/revisions"}],"wp:featuredmedia":[{"embeddable":true,"href":"https:\/\/sertsc.org.br\/site\/wp-json\/"}],"wp:attachment":[{"href":"https:\/\/sertsc.org.br\/site\/wp-json\/wp\/v2\/media?parent=17459"}],"wp:term":[{"taxonomy":"category","embeddable":true,"href":"https:\/\/sertsc.org.br\/site\/wp-json\/wp\/v2\/categories?post=17459"},{"taxonomy":"post_tag","embeddable":true,"href":"https:\/\/sertsc.org.br\/site\/wp-json\/wp\/v2\/tags?post=17459"}],"curies":[{"name":"wp","href":"https:\/\/api.w.org\/{rel}","templated":true}]}}