{"id":17454,"date":"2022-01-24T09:49:11","date_gmt":"2022-01-24T12:49:11","guid":{"rendered":"https:\/\/www.sertsc.org.br\/site\/?p=17454"},"modified":"2022-01-24T09:49:11","modified_gmt":"2022-01-24T12:49:11","slug":"o-radio-hoje-receita-publicitaria-do-radio-alemao-vai-na-contramao-do-mercado-e-sobe-no-final-de-2021","status":"publish","type":"post","link":"https:\/\/sertsc.org.br\/site\/o-radio-hoje-receita-publicitaria-do-radio-alemao-vai-na-contramao-do-mercado-e-sobe-no-final-de-2021\/","title":{"rendered":"O R\u00e1dio Hoje | Receita publicit\u00e1ria do r\u00e1dio alem\u00e3o vai na contram\u00e3o do mercado e sobe no final de 2021"},"content":{"rendered":"<p>Ainda com uma din\u00e2mica toda diferente devido \u00e0 mais uma onda da pandemia da covid-19, causada pela variante \u00f4micron, o mercado publicit\u00e1rio da Alemanha apresentou n\u00fameros negativos em dezembro de 2021, isso na compara\u00e7\u00e3o com o mesmo per\u00edodo do ano anterior. Por\u00e9m, o r\u00e1dio alem\u00e3o n\u00e3o acompanhou essa tend\u00eancia e registrou alta em seu faturamento, segundo dados da Nielsen. No geral, o investimento em m\u00eddia recuou -0,3%, enquanto o r\u00e1dio avan\u00e7ou 16,6%. Acompanhe os detalhes:<\/p>\n<p>Em valores absolutos, o relat\u00f3rio da Nielsen aponta que a receita de r\u00e1dio alcan\u00e7ou a marca de 206.123 milhares de euros em dezembro de 2021, contra 176.766 milhares de euros para o mesmo per\u00edodo de 2020, sendo um avan\u00e7o percentual de 16,6%. Neste mesmo per\u00edodo a televis\u00e3o apresentou leve retra\u00e7\u00e3o (-0,6%), assim como o digital (-2%)<\/p>\n<p>E j\u00e1 em rela\u00e7\u00e3o a todo o per\u00edodo do ano passado, de janeiro a dezembro, o r\u00e1dio da Alemanha registrou vendas totais de 1.926.021 milhares de euros, correspondendo uma ligeira queda de -0,7% em rela\u00e7\u00e3o ao mesmo per\u00edodo de 2020. Ou seja: as fortes vendas de fim de ano quase compensaram as quedas bruscas vistas no come\u00e7o do ano de 2021, devido ao per\u00edodo mais agudo da crise provocada pela covid-19 (quedas de -44,7% em janeiro e -32,8% em fevereiro).<\/p>\n<p>O r\u00e1dio alem\u00e3o tem se destacado durante a pandemia na manuten\u00e7\u00e3o de sua relev\u00e2ncia, audi\u00eancia e credibilidade, al\u00e9m de apresentar novidades tecnol\u00f3gicas importantes, como o crescimento da transmiss\u00e3o digital e tamb\u00e9m inova\u00e7\u00f5es para ambientes online. Por\u00e9m, ainda havia a preocupa\u00e7\u00e3o com as quedas de receita provocadas pela pandemia da covid-19. Os dados da Nielsen geram um certo otimismo no setor para 2022, mesmo com a \u00f4micron.<\/p>\n<p>Qual a raz\u00e3o de olhar para l\u00e1 fora?<\/p>\n<p>O tudoradio.com costuma observar esses pontos de curiosidade dos n\u00fameros do r\u00e1dio internacional para mapear poss\u00edveis mudan\u00e7as de h\u00e1bitos e a manuten\u00e7\u00e3o do consumo de r\u00e1dio em diferentes pa\u00edses. Assim como ocorreu no ano anterior, periodicamente a reda\u00e7\u00e3o do portal ir\u00e1 monitorar o desempenho do r\u00e1dio nos principais mercados do mundo e, \u00e9 claro, fazendo sempre uma compara\u00e7\u00e3o com a situa\u00e7\u00e3o brasileira. E, como de costume, repercutindo tamb\u00e9m qualquer n\u00famero confi\u00e1vel sobre o consumo de r\u00e1dio no Brasil.<\/p>\n<p><img fetchpriority=\"high\" decoding=\"async\" class=\" wp-image-17455 aligncenter\" src=\"https:\/\/www.sertsc.org.br\/site\/wp-content\/uploads\/2022\/01\/WhatsApp-Image-2022-01-24-at-9.48.02-AM.jpeg\" alt=\"\" width=\"502\" height=\"509\" \/><br \/>\nFonte: Tudo R\u00e1dio.<\/p>\n","protected":false},"excerpt":{"rendered":"<p>Ainda com uma din\u00e2mica toda diferente devido \u00e0 mais uma&hellip;<\/p>\n<p> <a class=\"more-link\" href=\"https:\/\/sertsc.org.br\/site\/o-radio-hoje-receita-publicitaria-do-radio-alemao-vai-na-contramao-do-mercado-e-sobe-no-final-de-2021\/\">Leia mais<\/a><\/p>\n","protected":false},"author":1,"featured_media":17455,"comment_status":"open","ping_status":"open","sticky":false,"template":"","format":"standard","meta":{"footnotes":""},"categories":[33,3],"tags":[],"class_list":{"0":"post-17454","1":"post","2":"type-post","3":"status-publish","4":"format-standard","5":"has-post-thumbnail","7":"category-destaques","8":"category-noticias"},"_links":{"self":[{"href":"https:\/\/sertsc.org.br\/site\/wp-json\/wp\/v2\/posts\/17454","targetHints":{"allow":["GET"]}}],"collection":[{"href":"https:\/\/sertsc.org.br\/site\/wp-json\/wp\/v2\/posts"}],"about":[{"href":"https:\/\/sertsc.org.br\/site\/wp-json\/wp\/v2\/types\/post"}],"author":[{"embeddable":true,"href":"https:\/\/sertsc.org.br\/site\/wp-json\/wp\/v2\/users\/1"}],"replies":[{"embeddable":true,"href":"https:\/\/sertsc.org.br\/site\/wp-json\/wp\/v2\/comments?post=17454"}],"version-history":[{"count":0,"href":"https:\/\/sertsc.org.br\/site\/wp-json\/wp\/v2\/posts\/17454\/revisions"}],"wp:featuredmedia":[{"embeddable":true,"href":"https:\/\/sertsc.org.br\/site\/wp-json\/"}],"wp:attachment":[{"href":"https:\/\/sertsc.org.br\/site\/wp-json\/wp\/v2\/media?parent=17454"}],"wp:term":[{"taxonomy":"category","embeddable":true,"href":"https:\/\/sertsc.org.br\/site\/wp-json\/wp\/v2\/categories?post=17454"},{"taxonomy":"post_tag","embeddable":true,"href":"https:\/\/sertsc.org.br\/site\/wp-json\/wp\/v2\/tags?post=17454"}],"curies":[{"name":"wp","href":"https:\/\/api.w.org\/{rel}","templated":true}]}}