{"id":17446,"date":"2022-01-21T08:43:24","date_gmt":"2022-01-21T11:43:24","guid":{"rendered":"https:\/\/www.sertsc.org.br\/site\/?p=17446"},"modified":"2022-01-21T08:43:24","modified_gmt":"2022-01-21T11:43:24","slug":"elza-soares-morre-aos-91-anos-no-rio-de-janeiro","status":"publish","type":"post","link":"https:\/\/sertsc.org.br\/site\/elza-soares-morre-aos-91-anos-no-rio-de-janeiro\/","title":{"rendered":"Elza Soares morre aos 91 anos no Rio de Janeiro"},"content":{"rendered":"<p>A cantora e compositora Elza Soares morreu aos 91 anos na tarde de ontem, 20. Elza estava em casa no Rio de Janeiro, e morreu de causas naturais.<\/p>\n<p>Em 60 anos de carreira, Elza Soares lan\u00e7ou 40 discos e ganhou mais de uma dezena de pr\u00eamios. \u00cdcone da m\u00fasica brasileira e uma das maiores artistas do mundo, a cantora foi considerada &#8221;Voz do Mil\u00eanio&#8221;, pela R\u00e1dio BBC, de Londres, em 1999.<\/p>\n<p>A artista ser\u00e1 velada no Theatro Municipal do Rio e, na tarde desta sexta-feira, 21, ser\u00e1 sepultada no Jardim da Saudade Sulacap.<\/p>\n<p><img fetchpriority=\"high\" decoding=\"async\" class=\"aligncenter\" src=\"https:\/\/ctb.org.br\/wp-content\/uploads\/2016\/01\/elzasoares.jpg\" alt=\"Elza Soares ganha de presente de anivers\u00e1rio o Pr\u00eamio da M\u00fasica Brasileira - CTB\" width=\"718\" height=\"405\" \/><\/p>\n<p>Fonte: MakingOf<\/p>\n","protected":false},"excerpt":{"rendered":"<p>A cantora e compositora Elza Soares morreu aos 91 anos&hellip;<\/p>\n<p> <a class=\"more-link\" href=\"https:\/\/sertsc.org.br\/site\/elza-soares-morre-aos-91-anos-no-rio-de-janeiro\/\">Leia mais<\/a><\/p>\n","protected":false},"author":1,"featured_media":17447,"comment_status":"open","ping_status":"open","sticky":false,"template":"","format":"standard","meta":{"footnotes":""},"categories":[33,3],"tags":[],"class_list":{"0":"post-17446","1":"post","2":"type-post","3":"status-publish","4":"format-standard","5":"has-post-thumbnail","7":"category-destaques","8":"category-noticias"},"_links":{"self":[{"href":"https:\/\/sertsc.org.br\/site\/wp-json\/wp\/v2\/posts\/17446","targetHints":{"allow":["GET"]}}],"collection":[{"href":"https:\/\/sertsc.org.br\/site\/wp-json\/wp\/v2\/posts"}],"about":[{"href":"https:\/\/sertsc.org.br\/site\/wp-json\/wp\/v2\/types\/post"}],"author":[{"embeddable":true,"href":"https:\/\/sertsc.org.br\/site\/wp-json\/wp\/v2\/users\/1"}],"replies":[{"embeddable":true,"href":"https:\/\/sertsc.org.br\/site\/wp-json\/wp\/v2\/comments?post=17446"}],"version-history":[{"count":0,"href":"https:\/\/sertsc.org.br\/site\/wp-json\/wp\/v2\/posts\/17446\/revisions"}],"wp:featuredmedia":[{"embeddable":true,"href":"https:\/\/sertsc.org.br\/site\/wp-json\/"}],"wp:attachment":[{"href":"https:\/\/sertsc.org.br\/site\/wp-json\/wp\/v2\/media?parent=17446"}],"wp:term":[{"taxonomy":"category","embeddable":true,"href":"https:\/\/sertsc.org.br\/site\/wp-json\/wp\/v2\/categories?post=17446"},{"taxonomy":"post_tag","embeddable":true,"href":"https:\/\/sertsc.org.br\/site\/wp-json\/wp\/v2\/tags?post=17446"}],"curies":[{"name":"wp","href":"https:\/\/api.w.org\/{rel}","templated":true}]}}