{"id":17421,"date":"2022-01-18T13:23:51","date_gmt":"2022-01-18T16:23:51","guid":{"rendered":"https:\/\/www.sertsc.org.br\/site\/?p=17421"},"modified":"2022-01-18T13:23:51","modified_gmt":"2022-01-18T16:23:51","slug":"twitter-inclui-brasil-em-projeto-contra-desinformacao","status":"publish","type":"post","link":"https:\/\/sertsc.org.br\/site\/twitter-inclui-brasil-em-projeto-contra-desinformacao\/","title":{"rendered":"Twitter inclui Brasil em projeto contra desinforma\u00e7\u00e3o"},"content":{"rendered":"<p><strong>Iniciativa testa nova ferramenta de den\u00fancias e visa avaliar o desempenho do mecanismo em grandes eventos c\u00edvicos, como as elei\u00e7\u00f5es presidenciais<\/strong><\/p>\n<p>Nesta segunda-feira, 17, o Twitter incluiu o Brasil aos testes de sua nova funcionalidade que pretende ajudar a combater a desinforma\u00e7\u00e3o. A ferramenta come\u00e7ou a ser testada em agosto do ano passado nos Estados Unidos, Austr\u00e1lia e Coreia do Sul. O projeto envolve um novo mecanismo de den\u00fancia de informa\u00e7\u00f5es falsas ou potencialmente enganosas na plataforma. Na pr\u00e1tica, ao acessar a op\u00e7\u00e3o \u201cDenunciar tweet\u201d o usu\u00e1rio ter\u00e1 a possibilidade de sinalizar para a plataforma que a informa\u00e7\u00e3o ali presente \u00e9 falsa.<\/p>\n<p>Depois de cinco meses de testes, a companhia decidiu ampliar os testes para novas regi\u00f5es, que n\u00e3o tivessem o ingl\u00eas como l\u00edngua m\u00e3e. S\u00e3o elas Brasil, Espanha e Filipinas. Em comunicado em seu blog, o Twitter explicou que selecionou esses pa\u00edses porque quer colher resultados de uma \u201cpequena, por\u00e9m geograficamente diversificada, gama de regi\u00f5es\u201d. A proximidade das elei\u00e7\u00f5es no Brasil e nas Filipinas tamb\u00e9m foi apontado como um motivo, j\u00e1 que a companhia quer saber como a ferramenta de den\u00fancias seria usada em grandes eventos c\u00edvico.<\/p>\n<p>Para a rede social, o objetivo dos testes \u00e9 entender se a ferramenta ser\u00e1 efetiva para que a comunidade de usu\u00e1rios denuncie desinforma\u00e7\u00e3o em tempo real. Apesar desse desejo, a plataforma informou que, por enquanto, menos de 10% da amostra de postagens analisada realmente correspondia a viola\u00e7\u00f5es de suas regras. Desde o in\u00edcio dos testes, o projeto j\u00e1 recebeu 3,73 milh\u00f5es de den\u00fancias referentes a 1,95 milh\u00e3o de diferentes tu\u00edtes publicados por 64 mil contas distintas.<\/p>\n<p>Press\u00e3o e pedido do MPF<\/p>\n<p>A inclus\u00e3o do Brasil no projeto, no entanto, n\u00e3o veio sem press\u00e3o. No in\u00edcio do ano, um movimento marcado pela hashtag #TwitterApoiaFakeNews questionava a falta de uma ferramenta que permitisse a den\u00fancia de not\u00edcias falsas com rela\u00e7\u00e3o \u00e0 Covid-19. O Minist\u00e9rio P\u00fablico Federal se envolveu no tema e enviou um of\u00edcio ao Twitter, solicitando que a plataforma prestasse esclarecimentos sobre as ferramentas dispon\u00edveis para den\u00fancia. A companhia chegou a responder os questionamentos em uma thread.<\/p>\n<p><img fetchpriority=\"high\" decoding=\"async\" class=\"aligncenter\" src=\"https:\/\/static.itatiaia.com.br\/admin\/Conteudo\/noticias\/189133\/original\/captura-de-tela-2022.png\" alt=\"Twitter adiciona op\u00e7\u00e3o que permite denunciar fake news no Brasil - R\u00e1dio  Itatiaia | A R\u00e1dio de Minas\" width=\"437\" height=\"276\" \/><\/p>\n<p>Fonte: Meio e Mensagem.<\/p>\n","protected":false},"excerpt":{"rendered":"<p>Iniciativa testa nova ferramenta de den\u00fancias e visa avaliar o&hellip;<\/p>\n<p> <a class=\"more-link\" href=\"https:\/\/sertsc.org.br\/site\/twitter-inclui-brasil-em-projeto-contra-desinformacao\/\">Leia mais<\/a><\/p>\n","protected":false},"author":1,"featured_media":17425,"comment_status":"open","ping_status":"open","sticky":false,"template":"","format":"standard","meta":{"footnotes":""},"categories":[33,3],"tags":[],"class_list":{"0":"post-17421","1":"post","2":"type-post","3":"status-publish","4":"format-standard","5":"has-post-thumbnail","7":"category-destaques","8":"category-noticias"},"_links":{"self":[{"href":"https:\/\/sertsc.org.br\/site\/wp-json\/wp\/v2\/posts\/17421","targetHints":{"allow":["GET"]}}],"collection":[{"href":"https:\/\/sertsc.org.br\/site\/wp-json\/wp\/v2\/posts"}],"about":[{"href":"https:\/\/sertsc.org.br\/site\/wp-json\/wp\/v2\/types\/post"}],"author":[{"embeddable":true,"href":"https:\/\/sertsc.org.br\/site\/wp-json\/wp\/v2\/users\/1"}],"replies":[{"embeddable":true,"href":"https:\/\/sertsc.org.br\/site\/wp-json\/wp\/v2\/comments?post=17421"}],"version-history":[{"count":0,"href":"https:\/\/sertsc.org.br\/site\/wp-json\/wp\/v2\/posts\/17421\/revisions"}],"wp:featuredmedia":[{"embeddable":true,"href":"https:\/\/sertsc.org.br\/site\/wp-json\/"}],"wp:attachment":[{"href":"https:\/\/sertsc.org.br\/site\/wp-json\/wp\/v2\/media?parent=17421"}],"wp:term":[{"taxonomy":"category","embeddable":true,"href":"https:\/\/sertsc.org.br\/site\/wp-json\/wp\/v2\/categories?post=17421"},{"taxonomy":"post_tag","embeddable":true,"href":"https:\/\/sertsc.org.br\/site\/wp-json\/wp\/v2\/tags?post=17421"}],"curies":[{"name":"wp","href":"https:\/\/api.w.org\/{rel}","templated":true}]}}