{"id":17415,"date":"2022-01-18T08:34:49","date_gmt":"2022-01-18T11:34:49","guid":{"rendered":"https:\/\/www.sertsc.org.br\/site\/?p=17415"},"modified":"2022-01-18T08:34:49","modified_gmt":"2022-01-18T11:34:49","slug":"edital-de-convocacao-assembleia-geral-extraordinaria-4","status":"publish","type":"post","link":"https:\/\/sertsc.org.br\/site\/edital-de-convocacao-assembleia-geral-extraordinaria-4\/","title":{"rendered":"EDITAL DE CONVOCA\u00c7\u00c3O ASSEMBLEIA GERAL EXTRAORDIN\u00c1RIA"},"content":{"rendered":"<p style=\"text-align: justify;\"><strong>EDITAL DE CONVOCA\u00c7\u00c3O<\/strong><br \/>\n<strong>ASSEMBLEIA GERAL EXTRAORDIN\u00c1RIA<\/strong><\/p>\n<p>&nbsp;<\/p>\n<p style=\"text-align: justify;\">O Presidente do Sindicato das Empresas de R\u00e1dio e Televis\u00e3o do Estado de Santa Catarina \u2013 SERT\/SC, no uso das atribui\u00e7\u00f5es regimentais contidas no Estatuto Social da entidade, <strong>CONVOCA<\/strong> toda a categoria econ\u00f4mica para comparecer\/participar da <strong>ASSEMBLEIA GERAL EXTRAORDIN\u00c1RIA<\/strong>, a realizar-se por meio digital, via ferramenta eletr\u00f4nica do Google Meet (o link ser\u00e1 encaminhado pelo endere\u00e7o eletr\u00f4nico e pelo WhaspApp dos Radiodifusores no dia 24 de janeiro), e tamb\u00e9m presencialmente na sede do sindicato (Rua Saldanha Marinho, 374, sala 603 \u2013 Florian\u00f3polis\/SC) no <strong>dia 26 de janeiro de 2022<\/strong> ocorrendo a <strong>1\u00aa CONVOCA\u00c7\u00c3O \u00e0s 9h30min<\/strong> com a presen\u00e7a de no m\u00ednimo tr\u00eas quarto (3\/4) das filiadas e em<strong> 2\u00aa CONVOCA\u00c7\u00c3O \u00e0s 10h<\/strong> com qualquer n\u00famero de filiadas para deliberarem pela maioria absoluta de votos das empresas presentes na Assembleia, sobre a seguinte:<\/p>\n<p style=\"text-align: justify;\"><strong>ORDEM DO DIA:<\/strong><\/p>\n<p style=\"text-align: justify;\">1) Delibera\u00e7\u00e3o sobre a pauta das reivindica\u00e7\u00f5es do exerc\u00edcio de 2022 apresentadas pelos Sindicatos dos Radialistas;<\/p>\n<p style=\"text-align: justify;\">2) Forma\u00e7\u00e3o da Comiss\u00e3o de Negocia\u00e7\u00e3o;<\/p>\n<p style=\"text-align: justify;\">3) Delibera\u00e7\u00e3o quanto a perman\u00eancia da AGE aberta at\u00e9 a conclus\u00e3o da negocia\u00e7\u00e3o ou instru\u00e7\u00e3o do Diss\u00eddio Coletivo.<\/p>\n<p>&nbsp;<\/p>\n<p>Florian\u00f3polis, 18 de janeiro de 2022.<\/p>\n<p>&nbsp;<\/p>\n<p><strong>Humberto Ohf de Andrade<\/strong><br \/>\n<strong>PRESIDENTE DO SERT\/SC<\/strong><\/p>\n<p>&nbsp;<\/p>\n","protected":false},"excerpt":{"rendered":"<p>EDITAL DE CONVOCA\u00c7\u00c3O ASSEMBLEIA GERAL EXTRAORDIN\u00c1RIA &nbsp; O Presidente do&hellip;<\/p>\n<p> <a class=\"more-link\" href=\"https:\/\/sertsc.org.br\/site\/edital-de-convocacao-assembleia-geral-extraordinaria-4\/\">Leia mais<\/a><\/p>\n","protected":false},"author":1,"featured_media":17420,"comment_status":"open","ping_status":"open","sticky":false,"template":"","format":"standard","meta":{"footnotes":""},"categories":[33,1,3],"tags":[],"class_list":{"0":"post-17415","1":"post","2":"type-post","3":"status-publish","4":"format-standard","5":"has-post-thumbnail","7":"category-destaques","8":"category-geral","9":"category-noticias"},"_links":{"self":[{"href":"https:\/\/sertsc.org.br\/site\/wp-json\/wp\/v2\/posts\/17415","targetHints":{"allow":["GET"]}}],"collection":[{"href":"https:\/\/sertsc.org.br\/site\/wp-json\/wp\/v2\/posts"}],"about":[{"href":"https:\/\/sertsc.org.br\/site\/wp-json\/wp\/v2\/types\/post"}],"author":[{"embeddable":true,"href":"https:\/\/sertsc.org.br\/site\/wp-json\/wp\/v2\/users\/1"}],"replies":[{"embeddable":true,"href":"https:\/\/sertsc.org.br\/site\/wp-json\/wp\/v2\/comments?post=17415"}],"version-history":[{"count":0,"href":"https:\/\/sertsc.org.br\/site\/wp-json\/wp\/v2\/posts\/17415\/revisions"}],"wp:featuredmedia":[{"embeddable":true,"href":"https:\/\/sertsc.org.br\/site\/wp-json\/"}],"wp:attachment":[{"href":"https:\/\/sertsc.org.br\/site\/wp-json\/wp\/v2\/media?parent=17415"}],"wp:term":[{"taxonomy":"category","embeddable":true,"href":"https:\/\/sertsc.org.br\/site\/wp-json\/wp\/v2\/categories?post=17415"},{"taxonomy":"post_tag","embeddable":true,"href":"https:\/\/sertsc.org.br\/site\/wp-json\/wp\/v2\/tags?post=17415"}],"curies":[{"name":"wp","href":"https:\/\/api.w.org\/{rel}","templated":true}]}}