{"id":17414,"date":"2022-01-18T08:31:38","date_gmt":"2022-01-18T11:31:38","guid":{"rendered":"https:\/\/www.sertsc.org.br\/site\/?p=17414"},"modified":"2022-01-18T08:31:38","modified_gmt":"2022-01-18T11:31:38","slug":"e-na-europa-em-apenas-1-dia-radio-alcanca-77-da-populacao-da-suica-principais-marcas-do-meio-crescem-na-franca","status":"publish","type":"post","link":"https:\/\/sertsc.org.br\/site\/e-na-europa-em-apenas-1-dia-radio-alcanca-77-da-populacao-da-suica-principais-marcas-do-meio-crescem-na-franca\/","title":{"rendered":"E na Europa? Em apenas 1 dia, r\u00e1dio alcan\u00e7a 77% da popula\u00e7\u00e3o da Su\u00ed\u00e7a. Principais marcas do meio crescem na Fran\u00e7a"},"content":{"rendered":"<p>O tudoradio.com segue monitorando a atual situa\u00e7\u00e3o do meio r\u00e1dio em diferentes mercados internacionais. E as not\u00edcias seguem positivas: na Fran\u00e7a, onde a escuta de r\u00e1dio ainda \u00e9 predominante em FM anal\u00f3gico, as principais emissoras no pa\u00eds apresentaram avan\u00e7os de audi\u00eancia digital na reta final de 2021. J\u00e1 na Su\u00ed\u00e7a, onde as escutas ocorrem de forma digital, o r\u00e1dio alcan\u00e7a 77% da popula\u00e7\u00e3o local em apenas 1 dia. Os dados foram repercutidos pela imprensa especializada na Europa. Acompanhe:<\/p>\n<p>A Su\u00ed\u00e7a \u00e9 um dos pa\u00edses com a digitaliza\u00e7\u00e3o do r\u00e1dio em est\u00e1gio muito avan\u00e7ado, ou seja, o mercado local j\u00e1 encaminha a opera\u00e7\u00e3o de forma exclusiva para o modo digital (streaming e transmiss\u00e3o via ondas terrestres, em DAB). E por l\u00e1 os n\u00fameros do meio s\u00e3o impressionantes: No segundo semestre de 2021, num dia m\u00e9dio, a transmiss\u00e3o de r\u00e1dio atingiu 77% da popula\u00e7\u00e3o local, segundo levantamento da Mediapulse Foundation. Para efeitos comparativos, a TV su\u00ed\u00e7a tem um alcance di\u00e1rio de 61% da popula\u00e7\u00e3o local.<\/p>\n<p>No recorte relacionado \u00e0 divis\u00e3o do pa\u00eds por l\u00ednguas, a Su\u00ed\u00e7a que fala alem\u00e3o \u00e9 aquela que passa mais tempo ouvindo r\u00e1dio: 89 minutos por dia. J\u00e1 a parte do pa\u00eds que fala italiano tem uma m\u00e9dia di\u00e1ria de escutas de 86 minutos, enquanto a parcela francesa fica com 69 minutos. Mas o alcance di\u00e1rio entre aqueles que falam italiano \u00e9 superior, chegando a 81%, contra 77% dos falantes da l\u00edngua alem\u00e3 e 74% para aqueles que falam franc\u00eas.<\/p>\n<p>A Su\u00ed\u00e7a \u00e9 um pa\u00eds que tem chamado a aten\u00e7\u00e3o da ind\u00fastria de r\u00e1dio mundial, por ter indicado que encaminha a digitaliza\u00e7\u00e3o completa do meio para este ano de 2022. Conforme noticiado no ano passado pelo tudoradio.com, de acordo com a Sociedade Su\u00ed\u00e7a de Radiodifus\u00e3o (SRG), o desligamento do FM anal\u00f3gico no pa\u00eds vai come\u00e7ar pelas r\u00e1dios p\u00fablicas, que far\u00e3o a transi\u00e7\u00e3o para o FM digital a partir de 2022. As r\u00e1dios privadas tamb\u00e9m seguir\u00e3o para o padr\u00e3o digital DAB+ e deixar\u00e3o de transmitir no FM anal\u00f3gico at\u00e9 janeiro de 2023.<\/p>\n<p>Importante salientar que a digitaliza\u00e7\u00e3o do r\u00e1dio n\u00e3o resulta no encerramento da transmiss\u00e3o de r\u00e1dio via ondas terrestres, mas sim do FM anal\u00f3gico.<\/p>\n<p>E na Fran\u00e7a\u2026<\/p>\n<p>Mais n\u00fameros expressivos para o r\u00e1dio na Fran\u00e7a, outro importante mercado de r\u00e1dio na Europa, este dominado por grandes redes nacionais, presentes em praticamente todos os dials FMs franceses. Diferente da vizinha Su\u00ed\u00e7a, a audi\u00eancia francesa segue muito concentrada no FM tradicional, mas v\u00ea uma parcela de crescimento daqueles que buscam acompanhar as emissoras por canais digitais, como DAB + e tamb\u00e9m o streaming de \u00e1udio.<\/p>\n<p>Segundo um levantamento local, em 2021, 1,9 bilh\u00e3o de escutas ativas foram feitas nas 1.400 r\u00e1dios e webr\u00e1dios certificadas pela ACPM na Fran\u00e7a, ou seja, um aumento de 2% no volume de escutas em rela\u00e7\u00e3o a 2020 e mais de 15% em rela\u00e7\u00e3o a 2019. Em resumo: a transmiss\u00e3o de r\u00e1dio digital agora representa mais de 5 milh\u00f5es de ouvintes ativos na Fran\u00e7a todos os dias.<\/p>\n<p>Marcas tradicionais e de ampla penetra\u00e7\u00e3o no territ\u00f3rio franc\u00eas continuam dominando a audi\u00eancia local, s\u00e3o elas: France Inter, RMC, France Info, NRJ e FIP. Marcas conhecidas como Nostalgie, Skyrock e Cherie FM tamb\u00e9m est\u00e3o bem posicionadas. Em rela\u00e7\u00e3o aos grupos e marcas, das 15 primeiras colocadas, apenas duas n\u00e3o apresentaram crescimento, apresentando estabilidades em suas audi\u00eancias digitais. Os dados s\u00e3o da ACPM.<\/p>\n<p>J\u00e1 os dados da M\u00e9diam\u00e9trie, relacionados \u00e0 todas as escutas de r\u00e1dio, com destaque para o anal\u00f3gico, aponta que o meio atingiu 74,5% da popula\u00e7\u00e3o local entre os meses de novembro e dezembro de 2021, contra 74,2% do mesmo per\u00edodo em 2020 (dados de segunda \u00e0 sexta-feira, 05h-24h, popula\u00e7\u00e3o com 13 anos ou mais). O tempo m\u00e9dio de escuta por l\u00e1 \u00e9 de 2h42 (por ouvinte). No total o r\u00e1dio chega a 40.8 milh\u00f5es de pessoas na Fran\u00e7a.<\/p>\n<p>Qual a raz\u00e3o de olhar para l\u00e1 fora?<\/p>\n<p>O tudoradio.com costuma observar esses pontos de curiosidade dos n\u00fameros do r\u00e1dio internacional para mapear poss\u00edveis mudan\u00e7as de h\u00e1bitos e a manuten\u00e7\u00e3o do consumo de r\u00e1dio em diferentes pa\u00edses. Assim como ocorreu no ano anterior, periodicamente a reda\u00e7\u00e3o do portal ir\u00e1 monitorar o desempenho do r\u00e1dio nos principais mercados do mundo e, \u00e9 claro, fazendo sempre uma compara\u00e7\u00e3o com a situa\u00e7\u00e3o brasileira. E, como de costume, repercutindo tamb\u00e9m qualquer n\u00famero confi\u00e1vel sobre o consumo de r\u00e1dio no Brasil.<\/p>\n<p><img fetchpriority=\"high\" decoding=\"async\" class=\"wp-image-17416 aligncenter\" src=\"https:\/\/www.sertsc.org.br\/site\/wp-content\/uploads\/2022\/01\/18-radio-franca-1024x538.jpg\" alt=\"\" width=\"610\" height=\"321\" \/><\/p>\n<p>Fonte: Tudo R\u00e1dio.<\/p>\n","protected":false},"excerpt":{"rendered":"<p>O tudoradio.com segue monitorando a atual situa\u00e7\u00e3o do meio r\u00e1dio&hellip;<\/p>\n<p> <a class=\"more-link\" href=\"https:\/\/sertsc.org.br\/site\/e-na-europa-em-apenas-1-dia-radio-alcanca-77-da-populacao-da-suica-principais-marcas-do-meio-crescem-na-franca\/\">Leia mais<\/a><\/p>\n","protected":false},"author":1,"featured_media":17416,"comment_status":"open","ping_status":"open","sticky":false,"template":"","format":"standard","meta":{"footnotes":""},"categories":[33,3],"tags":[],"class_list":{"0":"post-17414","1":"post","2":"type-post","3":"status-publish","4":"format-standard","5":"has-post-thumbnail","7":"category-destaques","8":"category-noticias"},"_links":{"self":[{"href":"https:\/\/sertsc.org.br\/site\/wp-json\/wp\/v2\/posts\/17414","targetHints":{"allow":["GET"]}}],"collection":[{"href":"https:\/\/sertsc.org.br\/site\/wp-json\/wp\/v2\/posts"}],"about":[{"href":"https:\/\/sertsc.org.br\/site\/wp-json\/wp\/v2\/types\/post"}],"author":[{"embeddable":true,"href":"https:\/\/sertsc.org.br\/site\/wp-json\/wp\/v2\/users\/1"}],"replies":[{"embeddable":true,"href":"https:\/\/sertsc.org.br\/site\/wp-json\/wp\/v2\/comments?post=17414"}],"version-history":[{"count":0,"href":"https:\/\/sertsc.org.br\/site\/wp-json\/wp\/v2\/posts\/17414\/revisions"}],"wp:featuredmedia":[{"embeddable":true,"href":"https:\/\/sertsc.org.br\/site\/wp-json\/"}],"wp:attachment":[{"href":"https:\/\/sertsc.org.br\/site\/wp-json\/wp\/v2\/media?parent=17414"}],"wp:term":[{"taxonomy":"category","embeddable":true,"href":"https:\/\/sertsc.org.br\/site\/wp-json\/wp\/v2\/categories?post=17414"},{"taxonomy":"post_tag","embeddable":true,"href":"https:\/\/sertsc.org.br\/site\/wp-json\/wp\/v2\/tags?post=17414"}],"curies":[{"name":"wp","href":"https:\/\/api.w.org\/{rel}","templated":true}]}}