{"id":17408,"date":"2022-01-17T11:43:14","date_gmt":"2022-01-17T14:43:14","guid":{"rendered":"https:\/\/www.sertsc.org.br\/site\/?p=17408"},"modified":"2022-01-17T11:43:14","modified_gmt":"2022-01-17T14:43:14","slug":"radio-e-exaltado-no-palco-do-conhecimento-da-rio-innovation-week-no-rio-de-janeiro","status":"publish","type":"post","link":"https:\/\/sertsc.org.br\/site\/radio-e-exaltado-no-palco-do-conhecimento-da-rio-innovation-week-no-rio-de-janeiro\/","title":{"rendered":"R\u00e1dio \u00e9 exaltado no Palco do Conhecimento da Rio Innovation Week, no Rio de Janeiro"},"content":{"rendered":"<p><strong>Rio de Janeiro \u2013 Profissionais da \u00e1rea de comunica\u00e7\u00e3o participa\u00e7\u00e3o da mesa de discuss\u00e3o \u201c30 anos da CBN: das ondas ao podcast, o futuro do \u00e1udio\u201d<\/strong><\/p>\n<p>O meio r\u00e1dio foi exaltado por grandes profissionais da \u00e1rea de comunica\u00e7\u00e3o e publicidade no Palco do Conhecimento, na Rio Innovation Week, evento que foi realizado no \u00faltimo final de semana, no Rio de Janeiro. Nomes como o do publicit\u00e1rio Washington Olivetto; M\u00e1rcia Menezes, head de Jornalismo Digital da Globo; e de Marcelo Kischinhevsky, professor e pesquisador de R\u00e1dio da UFRJ, destacaram o papel do r\u00e1dio nos tempos atuais.<\/p>\n<p>Os depoimentos ocorreram durante a mesa de discuss\u00e3o \u201c30 anos da CBN: das ondas ao podcast, o futuro do \u00e1udio\u201d, que ocorreu no s\u00e1bado (15). Participaram do debate Marcelo Kischinhevsky &#8211; Professor e pesquisador de R\u00e1dio da UFRJ; M\u00e1rcia Menezes, Head de Jornalismo Digital da Globo; Washington Olivetto, publicit\u00e1rio, fundador da W\/GGK, da W\/Brasil e da WMcCann, e Gustavo Mansur, Country Manager da Kuack Media. A media\u00e7\u00e3o foi de Thiago Barbosa &#8211; Gerente de Produtos Digitais da CBN.<\/p>\n<p>Para Washington Olivetto, tanto o r\u00e1dio quanto o podcast, que se popularizou nos \u00faltimos anos &#8211; possuem capacidade singular de lidar com a instantaneidade e a imagina\u00e7\u00e3o do p\u00fablico se comparado aos demais meios de comunica\u00e7\u00e3o. \u201cO r\u00e1dio continua vanguarda por ter duas caracter\u00edsticas imbat\u00edveis: a instantaneidade e a capacidade de mexer com a imagina\u00e7\u00e3o das pessoas. Esse tipo de imagina\u00e7\u00e3o o r\u00e1dio sempre vai ter e o podcast tamb\u00e9m. E isso bem produzido tem tudo para ser cada vez mais sucesso, seja para os anunciantes que apostaram nisso, seja para as ag\u00eancias que precisam de prest\u00edgio para trabalho criativo\u201d, comentou Olivetto.<\/p>\n<p>Para M\u00e1rcia Menezes, o formato do \u00e1udio traz \u201cuma temperatura do que est\u00e1 acontecendo\u201d e mistura, no jornalismo, a informa\u00e7\u00e3o com a \u201cemo\u00e7\u00e3o e a verdade\u201d. \u201cA voz traz o componente do humano, da verdade. Fizemos uma pesquisa em 2020 no Brasil que mostra que os novos formatos de \u00e1udio entram muito nas \u00e1reas urbanas, especialmente Sudeste e capitais do Nordeste. Ele captura &#8211; seja jornalismo ou entretenimento &#8211; v\u00e1rias gera\u00e7\u00f5es, especialmente entre os jovens a partir de 15 e 16 fala muito com a popula\u00e7\u00e3o brasileira, com a classe C\u201d, ressaltou.<\/p>\n<p>J\u00e1 na avalia\u00e7\u00e3o de Marcelo Kischinhevsky, o r\u00e1dio se adaptou melhor ao ecossistema digital do que a televis\u00e3o aberta no pa\u00eds. Ele avalia que o r\u00e1dio est\u00e1 cada vez mais inserido na l\u00f3gica multiplataforma ao passo em que est\u00e1 presente no smartphone, nas m\u00eddias sociais, na TV por assinatura e at\u00e9 nos smart speakers (assistentes de voz). \u201cUma das pr\u00f3ximas tend\u00eancias para os pr\u00f3ximos anos, diz, ser\u00e1 o formato de \u201cr\u00e1dio h\u00edbrido\u201d, disse o professor.<\/p>\n<p><img fetchpriority=\"high\" decoding=\"async\" class=\" wp-image-17409 aligncenter\" src=\"https:\/\/www.sertsc.org.br\/site\/wp-content\/uploads\/2022\/01\/17-radio.jpg\" alt=\"\" width=\"543\" height=\"271\" \/><\/p>\n<p>Fonte: Tudo R\u00e1dio<\/p>\n","protected":false},"excerpt":{"rendered":"<p>Rio de Janeiro \u2013 Profissionais da \u00e1rea de comunica\u00e7\u00e3o participa\u00e7\u00e3o&hellip;<\/p>\n<p> <a class=\"more-link\" href=\"https:\/\/sertsc.org.br\/site\/radio-e-exaltado-no-palco-do-conhecimento-da-rio-innovation-week-no-rio-de-janeiro\/\">Leia mais<\/a><\/p>\n","protected":false},"author":1,"featured_media":17409,"comment_status":"open","ping_status":"open","sticky":false,"template":"","format":"standard","meta":{"footnotes":""},"categories":[33,3],"tags":[],"class_list":{"0":"post-17408","1":"post","2":"type-post","3":"status-publish","4":"format-standard","5":"has-post-thumbnail","7":"category-destaques","8":"category-noticias"},"_links":{"self":[{"href":"https:\/\/sertsc.org.br\/site\/wp-json\/wp\/v2\/posts\/17408","targetHints":{"allow":["GET"]}}],"collection":[{"href":"https:\/\/sertsc.org.br\/site\/wp-json\/wp\/v2\/posts"}],"about":[{"href":"https:\/\/sertsc.org.br\/site\/wp-json\/wp\/v2\/types\/post"}],"author":[{"embeddable":true,"href":"https:\/\/sertsc.org.br\/site\/wp-json\/wp\/v2\/users\/1"}],"replies":[{"embeddable":true,"href":"https:\/\/sertsc.org.br\/site\/wp-json\/wp\/v2\/comments?post=17408"}],"version-history":[{"count":0,"href":"https:\/\/sertsc.org.br\/site\/wp-json\/wp\/v2\/posts\/17408\/revisions"}],"wp:featuredmedia":[{"embeddable":true,"href":"https:\/\/sertsc.org.br\/site\/wp-json\/"}],"wp:attachment":[{"href":"https:\/\/sertsc.org.br\/site\/wp-json\/wp\/v2\/media?parent=17408"}],"wp:term":[{"taxonomy":"category","embeddable":true,"href":"https:\/\/sertsc.org.br\/site\/wp-json\/wp\/v2\/categories?post=17408"},{"taxonomy":"post_tag","embeddable":true,"href":"https:\/\/sertsc.org.br\/site\/wp-json\/wp\/v2\/tags?post=17408"}],"curies":[{"name":"wp","href":"https:\/\/api.w.org\/{rel}","templated":true}]}}