{"id":17403,"date":"2022-01-14T11:59:02","date_gmt":"2022-01-14T14:59:02","guid":{"rendered":"https:\/\/www.sertsc.org.br\/site\/?p=17403"},"modified":"2022-01-14T11:59:02","modified_gmt":"2022-01-14T14:59:02","slug":"por-que-dia-25-de-setembro-e-comemorado-o-dia-do-radio","status":"publish","type":"post","link":"https:\/\/sertsc.org.br\/site\/por-que-dia-25-de-setembro-e-comemorado-o-dia-do-radio\/","title":{"rendered":"Por que dia 25 de setembro \u00e9 comemorado o dia do r\u00e1dio?"},"content":{"rendered":"<p>No dia 25 de setembro \u00e9 comemorado o Dia do R\u00e1dio. A data foi escolhida em comemora\u00e7\u00e3o do anivers\u00e1rio de Roquete Pinto, considerado \u201cPai do R\u00e1dio Brasileiro\u201d.<\/p>\n<p>&nbsp;<\/p>\n<p><img fetchpriority=\"high\" decoding=\"async\" class=\"wp-image-17404 aligncenter\" src=\"https:\/\/www.sertsc.org.br\/site\/wp-content\/uploads\/2022\/01\/2-1024x1024.png\" alt=\"\" width=\"472\" height=\"472\" \/><\/p>\n<p>Fonte: Tudo R\u00e1dio<\/p>\n","protected":false},"excerpt":{"rendered":"<p>No dia 25 de setembro \u00e9 comemorado o Dia do&hellip;<\/p>\n<p> <a class=\"more-link\" href=\"https:\/\/sertsc.org.br\/site\/por-que-dia-25-de-setembro-e-comemorado-o-dia-do-radio\/\">Leia mais<\/a><\/p>\n","protected":false},"author":1,"featured_media":17404,"comment_status":"open","ping_status":"open","sticky":false,"template":"","format":"standard","meta":{"footnotes":""},"categories":[33],"tags":[],"class_list":{"0":"post-17403","1":"post","2":"type-post","3":"status-publish","4":"format-standard","5":"has-post-thumbnail","7":"category-destaques"},"_links":{"self":[{"href":"https:\/\/sertsc.org.br\/site\/wp-json\/wp\/v2\/posts\/17403","targetHints":{"allow":["GET"]}}],"collection":[{"href":"https:\/\/sertsc.org.br\/site\/wp-json\/wp\/v2\/posts"}],"about":[{"href":"https:\/\/sertsc.org.br\/site\/wp-json\/wp\/v2\/types\/post"}],"author":[{"embeddable":true,"href":"https:\/\/sertsc.org.br\/site\/wp-json\/wp\/v2\/users\/1"}],"replies":[{"embeddable":true,"href":"https:\/\/sertsc.org.br\/site\/wp-json\/wp\/v2\/comments?post=17403"}],"version-history":[{"count":0,"href":"https:\/\/sertsc.org.br\/site\/wp-json\/wp\/v2\/posts\/17403\/revisions"}],"wp:featuredmedia":[{"embeddable":true,"href":"https:\/\/sertsc.org.br\/site\/wp-json\/"}],"wp:attachment":[{"href":"https:\/\/sertsc.org.br\/site\/wp-json\/wp\/v2\/media?parent=17403"}],"wp:term":[{"taxonomy":"category","embeddable":true,"href":"https:\/\/sertsc.org.br\/site\/wp-json\/wp\/v2\/categories?post=17403"},{"taxonomy":"post_tag","embeddable":true,"href":"https:\/\/sertsc.org.br\/site\/wp-json\/wp\/v2\/tags?post=17403"}],"curies":[{"name":"wp","href":"https:\/\/api.w.org\/{rel}","templated":true}]}}