{"id":17396,"date":"2022-01-13T09:17:07","date_gmt":"2022-01-13T12:17:07","guid":{"rendered":"https:\/\/www.sertsc.org.br\/site\/?p=17396"},"modified":"2022-01-13T09:17:07","modified_gmt":"2022-01-13T12:17:07","slug":"radios-de-seis-cidades-brasileiras-recebem-autorizacao-para-migrar-para-o-fm","status":"publish","type":"post","link":"https:\/\/sertsc.org.br\/site\/radios-de-seis-cidades-brasileiras-recebem-autorizacao-para-migrar-para-o-fm\/","title":{"rendered":"R\u00e1dios de seis cidades brasileiras recebem autoriza\u00e7\u00e3o para migrar para o FM"},"content":{"rendered":"<p>MCom libera a migra\u00e7\u00e3o para emissoras em S\u00e3o Paulo, Santa Catarina, Goi\u00e1s, Cear\u00e1 e Par\u00e1<\/p>\n<p>O processo de migra\u00e7\u00e3o de emissoras de AM (amplitude modulada) para FM (frequ\u00eancia modulada) d\u00e1 um novo passo e segue progredindo com a publica\u00e7\u00e3o, nesta quarta (12\/1), de mais seis termos aditivos assinados pelo Minist\u00e9rio das Comunica\u00e7\u00f5es (MCom). Eles permitem a adapta\u00e7\u00e3o da outorga de r\u00e1dios em Altamira (PA), Tau\u00e1 (CE), Aparecida de Goi\u00e2nia (GO), Blumenau (SC), Guaruj\u00e1 (SP) e S\u00e3o Manuel (SP), que poder\u00e3o transmitir em FM. Os extratos dos termos est\u00e3o no Di\u00e1rio Oficial da Uni\u00e3o (DOU).<\/p>\n<p>\u201cNossa inten\u00e7\u00e3o \u00e9 assegurar que essas e outras emissoras possam continuar a presta\u00e7\u00e3o dos servi\u00e7os no FM, n\u00e3o apenas ampliando o alcance da atividade, mas tamb\u00e9m diversificando o conte\u00fado e aumentando a concorr\u00eancia\u201d, revela Maximiliano Martinh\u00e3o, secret\u00e1rio de Radiodifus\u00e3o do MCom. A celebra\u00e7\u00e3o dos termos n\u00e3o altera o prazo original de vig\u00eancia de cada outorga. A pasta est\u00e1 dedicada \u00e0 meta de concluir o processo de migra\u00e7\u00e3o em 2022.<\/p>\n<p>A transi\u00e7\u00e3o atende uma demanda das pr\u00f3prias emissoras AM, que em grande parte sofrem com a perda de audi\u00eancia, s\u00e3o mais suscet\u00edveis a ru\u00eddos e interfer\u00eancias \u2013 em especial nos grandes centros urbanos \u2013 e arcam com custos elevados (de energia, por exemplo) para a manuten\u00e7\u00e3o das esta\u00e7\u00f5es. Com a mudan\u00e7a, as emissoras podem transmitir com mais qualidade e alcan\u00e7ar um p\u00fablico maior, visto que alguns aparelhos (como celulares e tablets) sequer captam o sinal AM.<\/p>\n<p>FAIXA ESTENDIDA \u2013 Para bem acomodar todas as esta\u00e7\u00f5es no espectro limitado, o MCom inaugurou a faixa \u201cFM Estendida\u201d, que integra frequ\u00eancias de 76,1 a 87,5 MHz: a faixa inteira (a convencional e a estendida) recebe o nome de \u201cFM 2.0\u201d. Com as novas autoriza\u00e7\u00f5es, chega a 915 o total de r\u00e1dios AM autorizadas a migrar para FM desde que o processo foi iniciado. O n\u00famero representa 55% do total (1.670) de emissoras que solicitaram a migra\u00e7\u00e3o.<\/p>\n<p>As emissoras autorizadas a transmitir na faixa estendida poder\u00e3o ficar cinco anos operando de forma simult\u00e2nea, tanto em AM quanto em FM. J\u00e1 as que ir\u00e3o operar na faixa convencional (88 a 108 MHz) ter\u00e3o seis meses de transi\u00e7\u00e3o nas duas faixas.<\/p>\n<p>Fonte: Auvaro Maia<\/p>\n<p><img fetchpriority=\"high\" decoding=\"async\" class=\"wp-image-17397 aligncenter\" src=\"https:\/\/www.sertsc.org.br\/site\/wp-content\/uploads\/2022\/01\/radio-1-1024x678.jpg\" alt=\"\" width=\"497\" height=\"329\" \/><\/p>\n","protected":false},"excerpt":{"rendered":"<p>MCom libera a migra\u00e7\u00e3o para emissoras em S\u00e3o Paulo, Santa&hellip;<\/p>\n<p> <a class=\"more-link\" href=\"https:\/\/sertsc.org.br\/site\/radios-de-seis-cidades-brasileiras-recebem-autorizacao-para-migrar-para-o-fm\/\">Leia mais<\/a><\/p>\n","protected":false},"author":1,"featured_media":17397,"comment_status":"open","ping_status":"open","sticky":false,"template":"","format":"standard","meta":{"footnotes":""},"categories":[33,3],"tags":[],"class_list":{"0":"post-17396","1":"post","2":"type-post","3":"status-publish","4":"format-standard","5":"has-post-thumbnail","7":"category-destaques","8":"category-noticias"},"_links":{"self":[{"href":"https:\/\/sertsc.org.br\/site\/wp-json\/wp\/v2\/posts\/17396","targetHints":{"allow":["GET"]}}],"collection":[{"href":"https:\/\/sertsc.org.br\/site\/wp-json\/wp\/v2\/posts"}],"about":[{"href":"https:\/\/sertsc.org.br\/site\/wp-json\/wp\/v2\/types\/post"}],"author":[{"embeddable":true,"href":"https:\/\/sertsc.org.br\/site\/wp-json\/wp\/v2\/users\/1"}],"replies":[{"embeddable":true,"href":"https:\/\/sertsc.org.br\/site\/wp-json\/wp\/v2\/comments?post=17396"}],"version-history":[{"count":0,"href":"https:\/\/sertsc.org.br\/site\/wp-json\/wp\/v2\/posts\/17396\/revisions"}],"wp:featuredmedia":[{"embeddable":true,"href":"https:\/\/sertsc.org.br\/site\/wp-json\/"}],"wp:attachment":[{"href":"https:\/\/sertsc.org.br\/site\/wp-json\/wp\/v2\/media?parent=17396"}],"wp:term":[{"taxonomy":"category","embeddable":true,"href":"https:\/\/sertsc.org.br\/site\/wp-json\/wp\/v2\/categories?post=17396"},{"taxonomy":"post_tag","embeddable":true,"href":"https:\/\/sertsc.org.br\/site\/wp-json\/wp\/v2\/tags?post=17396"}],"curies":[{"name":"wp","href":"https:\/\/api.w.org\/{rel}","templated":true}]}}