{"id":17389,"date":"2022-01-12T13:31:17","date_gmt":"2022-01-12T16:31:17","guid":{"rendered":"https:\/\/www.sertsc.org.br\/site\/?p=17389"},"modified":"2022-01-12T13:31:17","modified_gmt":"2022-01-12T16:31:17","slug":"aerj-promove-live-para-abordar-em-relacao-as-eleicoes-2022-e-a-lei-geral-de-protecao-de-dados-pessoais","status":"publish","type":"post","link":"https:\/\/sertsc.org.br\/site\/aerj-promove-live-para-abordar-em-relacao-as-eleicoes-2022-e-a-lei-geral-de-protecao-de-dados-pessoais\/","title":{"rendered":"Aerj promove live para abordar em rela\u00e7\u00e3o as elei\u00e7\u00f5es 2022 e a Lei Geral de Prote\u00e7\u00e3o de Dados Pessoais"},"content":{"rendered":"<p>A Aerj (Associa\u00e7\u00e3o das Emissoras de R\u00e1dio e Televis\u00e3o do Estado do Rio de Janeiro) promoveu na \u00faltima ter\u00e7a-feira (11) uma live para tratar sobre as elei\u00e7\u00f5es de 2022 e a Lei Geral de Prote\u00e7\u00e3o de Dados Pessoais. A transmiss\u00e3o ocorreu pelo canal da secretaria da entidade, no YouTube.<\/p>\n<p>Comandada pelo Vice-Presidente da Aerj, Andr\u00e9 Dias, na manh\u00e3 da \u00faltima ter\u00e7a-feira (11) foi realizada uma live para abordar assuntos de interesse ao radiodifusor. Um dos temas abordados foram as elei\u00e7\u00f5es de 2022, quando os eleitores v\u00e3o \u00e0s urnas para eleger o presidente da Rep\u00fablica, os governadores dos estados e um ter\u00e7o dos senadores; al\u00e9m de toda bancada de deputados federais, estaduais e distritais. Tamb\u00e9m foi elencado na transmiss\u00e3o informa\u00e7\u00f5es referentes \u00e0 Lei Geral de Prote\u00e7\u00e3o de Dados Pessoais, esta que se aplica aos mais diversos setores, incluindo a radiodifus\u00e3o.<\/p>\n<p>Apesar da live j\u00e1 ter sido realizada, o internauta que n\u00e3o conseguiu acompanhar a transmiss\u00e3o ao vivo pode acessar o canal da secretaria da Aerj no YouTube e conferir na \u00edntegra o programa.<\/p>\n<p><img fetchpriority=\"high\" decoding=\"async\" class=\"wp-image-17393 aligncenter\" src=\"https:\/\/www.sertsc.org.br\/site\/wp-content\/uploads\/2022\/01\/Radio20Web_f576a4a90da0abba9fc1526694ec054b.jpg\" alt=\"\" width=\"476\" height=\"279\" \/><\/p>\n<p>Fonte: Tudo R\u00e1dio<\/p>\n<p>&nbsp;<\/p>\n","protected":false},"excerpt":{"rendered":"<p>A Aerj (Associa\u00e7\u00e3o das Emissoras de R\u00e1dio e Televis\u00e3o do&hellip;<\/p>\n<p> <a class=\"more-link\" href=\"https:\/\/sertsc.org.br\/site\/aerj-promove-live-para-abordar-em-relacao-as-eleicoes-2022-e-a-lei-geral-de-protecao-de-dados-pessoais\/\">Leia mais<\/a><\/p>\n","protected":false},"author":1,"featured_media":17393,"comment_status":"open","ping_status":"open","sticky":false,"template":"","format":"standard","meta":{"footnotes":""},"categories":[33,1,3],"tags":[],"class_list":{"0":"post-17389","1":"post","2":"type-post","3":"status-publish","4":"format-standard","5":"has-post-thumbnail","7":"category-destaques","8":"category-geral","9":"category-noticias"},"_links":{"self":[{"href":"https:\/\/sertsc.org.br\/site\/wp-json\/wp\/v2\/posts\/17389","targetHints":{"allow":["GET"]}}],"collection":[{"href":"https:\/\/sertsc.org.br\/site\/wp-json\/wp\/v2\/posts"}],"about":[{"href":"https:\/\/sertsc.org.br\/site\/wp-json\/wp\/v2\/types\/post"}],"author":[{"embeddable":true,"href":"https:\/\/sertsc.org.br\/site\/wp-json\/wp\/v2\/users\/1"}],"replies":[{"embeddable":true,"href":"https:\/\/sertsc.org.br\/site\/wp-json\/wp\/v2\/comments?post=17389"}],"version-history":[{"count":0,"href":"https:\/\/sertsc.org.br\/site\/wp-json\/wp\/v2\/posts\/17389\/revisions"}],"wp:featuredmedia":[{"embeddable":true,"href":"https:\/\/sertsc.org.br\/site\/wp-json\/"}],"wp:attachment":[{"href":"https:\/\/sertsc.org.br\/site\/wp-json\/wp\/v2\/media?parent=17389"}],"wp:term":[{"taxonomy":"category","embeddable":true,"href":"https:\/\/sertsc.org.br\/site\/wp-json\/wp\/v2\/categories?post=17389"},{"taxonomy":"post_tag","embeddable":true,"href":"https:\/\/sertsc.org.br\/site\/wp-json\/wp\/v2\/tags?post=17389"}],"curies":[{"name":"wp","href":"https:\/\/api.w.org\/{rel}","templated":true}]}}