{"id":17380,"date":"2022-01-12T09:11:03","date_gmt":"2022-01-12T12:11:03","guid":{"rendered":"https:\/\/www.sertsc.org.br\/site\/?p=17380"},"modified":"2022-01-12T09:11:03","modified_gmt":"2022-01-12T12:11:03","slug":"como-usar-as-midias-sociais-para-alavancar-o-resultado-comercial-da-radio","status":"publish","type":"post","link":"https:\/\/sertsc.org.br\/site\/como-usar-as-midias-sociais-para-alavancar-o-resultado-comercial-da-radio\/","title":{"rendered":"Como usar as m\u00eddias sociais para alavancar o resultado comercial da r\u00e1dio"},"content":{"rendered":"<p>H\u00e1 quem diga que as m\u00eddias sociais s\u00e3o vil\u00e3s que comem boa parte do or\u00e7amento de marketing das marcas, que s\u00e3o intrusas nas m\u00eddias e banalizam o investimento. Talvez a postura tenha de ser um pouco diferente&#8230; A revolu\u00e7\u00e3o acontece quando se come\u00e7a a pensar nas m\u00eddias sociais como aliadas dos neg\u00f3cios da radiodifus\u00e3o e \u00e9 esse o caminho deste post.<\/p>\n<p>M\u00eddias Sociais: vil\u00e3s?<\/p>\n<p>Para in\u00edcio de conversa n\u00e3o d\u00e1 para entender as m\u00eddias sociais como uma possibilidade de m\u00eddia ing\u00eanua, isto \u00e9, quem n\u00e3o souber contra argumentar frente \u00e0s obje\u00e7\u00f5es tende a perder boas oportunidades e deixar com que se transforme de fato em um limitador de resultados.<\/p>\n<p>Primeiro, o marketing digital pode ser mais barato, mas pouqu\u00edssima gente sabe faz\u00ea-lo, ent\u00e3o os R$ 100,00 que o seu potencial cliente gasta patrocinando um post do Instagram pode representar exatamente retorno zero de vendas para ele. De nada adianta ter um acr\u00e9scimo de 5.000 seguidores se estes n\u00e3o moram na regi\u00e3o ou n\u00e3o t\u00eam perfil para compra do produto\/servi\u00e7o. E tudo fica uma quest\u00e3o de refer\u00eancia: investir em r\u00e1dio necessita de um valor mais robusto, por\u00e9m o resultado n\u00e3o \u00e9 jogar dinheiro fora e sim engajar uma audi\u00eancia qualificada para os produtos e servi\u00e7os que o seu anunciante precisa vender.<\/p>\n<p>Quem nunca escutou do cliente: \u201ceu invisto no Instagram e no Facebook\u201d? Por essas e outras antes de ir prospectar, \u00e9 necess\u00e1rio fazer um diagn\u00f3stico e um mapeamento das carater\u00edsticas e das necessidades mais vis\u00edveis do potencial anunciante. Muitas vezes aquele que falou que investe nessas redes sociais fez o \u00faltimo post em maio de 2021&#8230; Quem n\u00e3o tem rec\u00eancia, nem frequ\u00eancia, pode apenas ter a resposta decorada, mas que n\u00e3o traduz a realidade.<\/p>\n<p>As redes sociais podem assumir um papel fundamental para potencializar as vendas da r\u00e1dio, basta compreend\u00ea-las e us\u00e1-las adequadamente. O primeiro cuidado \u00e9 n\u00e3o passar a valoriz\u00e1-las mais do que espa\u00e7o na programa\u00e7\u00e3o da r\u00e1dio. Lembre que a ess\u00eancia do neg\u00f3cio \u00e9 a r\u00e1dio e n\u00e3o o perfil no Instagram, a Fanpage, ou at\u00e9 mesmo o canal do Youtube da r\u00e1dio. Use-os como potencializadores e n\u00e3o como substitutos.<\/p>\n<p>M\u00eddias sociais: aliadas?<\/p>\n<p>O Marketing Digital, principalmente com enfoque nas m\u00eddias sociais, \u00e9 importante como suporte para fomentar ainda mais a comercializa\u00e7\u00e3o dos espa\u00e7os na pr\u00f3pria r\u00e1dio, mas n\u00e3o pode se sobrepor. \u00c9 importante entender que as redes sociais s\u00e3o esp\u00e9cies de \u201cterrenos alugados\u201d, os donos de verdade (Instagram, Facebopok, Youtube&#8230;) podem definir e modificar as regras quando bem entenderem.<\/p>\n<p>Use as redes sociais para alavancar os resultados da r\u00e1dio. Fa\u00e7a campanhas que levem o seguidor do Instagram para o programa que est\u00e1 acontecendo na r\u00e1dio, estabele\u00e7a conex\u00f5es como: inscreva-se pelo nosso Instagram e veja os resultados durante o programa X. Crie conte\u00fados relacionados, poste nas redes sociais p\u00edlulas destes conte\u00fados, convide o seguidor a assistir on-line e pelo r\u00e1dio mais conte\u00fados como aquele.<\/p>\n<p>Torne suas redes sociais convidativas ao engajamento, poste conte\u00fado de qualidade, com frequ\u00eancia, convide a audi\u00eancia para participar. Mostre essa participa\u00e7\u00e3o e estimule os seus potenciais anunciantes a acompanhar as suas campanhas que fazem a conex\u00e3o entre a r\u00e1dio e o on-line. A receita \u00e9 transformar as suas redes sociais em argumentos de vendas para fechar mais neg\u00f3cios. Porque tudo \u00e9 uma quest\u00e3o de refer\u00eancia e perspectiva!<\/p>\n<p>Kelly Costa atua h\u00e1 mais de 17 anos na doc\u00eancia do ensino superior em disciplinas de gradua\u00e7\u00e3o e p\u00f3s gradua\u00e7\u00e3o com enfoque em Marketing e Vendas, al\u00e9m de prestar consultoria para empresas de distintos segmentos. Atualmente \u00e9 gerente executiva do SERT\/SC e colunista do nosso site.<\/p>\n<p><img fetchpriority=\"high\" decoding=\"async\" class=\"wp-image-17391 aligncenter\" src=\"https:\/\/www.sertsc.org.br\/site\/wp-content\/uploads\/2022\/01\/WhatsApp-Image-2022-01-12-at-08.32.13-1.jpeg\" alt=\"\" width=\"542\" height=\"454\" \/><\/p>\n","protected":false},"excerpt":{"rendered":"<p>H\u00e1 quem diga que as m\u00eddias sociais s\u00e3o vil\u00e3s que&hellip;<\/p>\n<p> <a class=\"more-link\" href=\"https:\/\/sertsc.org.br\/site\/como-usar-as-midias-sociais-para-alavancar-o-resultado-comercial-da-radio\/\">Leia mais<\/a><\/p>\n","protected":false},"author":1,"featured_media":17391,"comment_status":"open","ping_status":"open","sticky":false,"template":"","format":"standard","meta":{"footnotes":""},"categories":[33,3],"tags":[],"class_list":{"0":"post-17380","1":"post","2":"type-post","3":"status-publish","4":"format-standard","5":"has-post-thumbnail","7":"category-destaques","8":"category-noticias"},"_links":{"self":[{"href":"https:\/\/sertsc.org.br\/site\/wp-json\/wp\/v2\/posts\/17380","targetHints":{"allow":["GET"]}}],"collection":[{"href":"https:\/\/sertsc.org.br\/site\/wp-json\/wp\/v2\/posts"}],"about":[{"href":"https:\/\/sertsc.org.br\/site\/wp-json\/wp\/v2\/types\/post"}],"author":[{"embeddable":true,"href":"https:\/\/sertsc.org.br\/site\/wp-json\/wp\/v2\/users\/1"}],"replies":[{"embeddable":true,"href":"https:\/\/sertsc.org.br\/site\/wp-json\/wp\/v2\/comments?post=17380"}],"version-history":[{"count":0,"href":"https:\/\/sertsc.org.br\/site\/wp-json\/wp\/v2\/posts\/17380\/revisions"}],"wp:featuredmedia":[{"embeddable":true,"href":"https:\/\/sertsc.org.br\/site\/wp-json\/"}],"wp:attachment":[{"href":"https:\/\/sertsc.org.br\/site\/wp-json\/wp\/v2\/media?parent=17380"}],"wp:term":[{"taxonomy":"category","embeddable":true,"href":"https:\/\/sertsc.org.br\/site\/wp-json\/wp\/v2\/categories?post=17380"},{"taxonomy":"post_tag","embeddable":true,"href":"https:\/\/sertsc.org.br\/site\/wp-json\/wp\/v2\/tags?post=17380"}],"curies":[{"name":"wp","href":"https:\/\/api.w.org\/{rel}","templated":true}]}}