{"id":17311,"date":"2022-01-03T10:46:18","date_gmt":"2022-01-03T13:46:18","guid":{"rendered":"https:\/\/www.sertsc.org.br\/site\/?p=17311"},"modified":"2022-01-03T10:46:18","modified_gmt":"2022-01-03T13:46:18","slug":"17-tendencias-da-industria-jornalistica","status":"publish","type":"post","link":"https:\/\/sertsc.org.br\/site\/17-tendencias-da-industria-jornalistica\/","title":{"rendered":"17 tend\u00eancias da ind\u00fastria jornal\u00edstica"},"content":{"rendered":"<p>A partir de levantamento da Reuters Institute, Associa\u00e7\u00e3o Nacional de Jornais (ANJ) apresenta t\u00f3picos para 2022.<\/p>\n<p>No decorrer dos \u00faltimos meses, pesquisadores da Reuters Institute foram a campo a fim de desvendar o que ocorrer\u00e1 com o jornalismo, sobretudo ao longo do pr\u00f3ximo ano. Diante de tal inten\u00e7\u00e3o, a entidade mapeou 33 pa\u00edses para apresentar um progn\u00f3stico sobre a ind\u00fastria de not\u00edcias pelo mundo. A partir de tal estudo, cujo a \u00edntegra est\u00e1 dispon\u00edvel na internet (em ingl\u00eas), a Associa\u00e7\u00e3o Nacional de Jornal (ANJ) listou o que ser\u00e1 importante para o meio da comunica\u00e7\u00e3o nos 12 pr\u00f3ximos meses.<\/p>\n<p>A lista da ANJ pontua os desejos do p\u00fablico consumidor de informa\u00e7\u00f5es. Nesse sentido, um dos itens mostra que, no geral, a confian\u00e7a nas not\u00edcias aumentou diante da pandemia da Covid-19. Mas, por outro lado, enquanto h\u00e1 pessoas que demonstram preocupa\u00e7\u00e3o com a prolifera\u00e7\u00e3o de desinforma\u00e7\u00f5es, uma parcela assume: n\u00e3o confia nas informa\u00e7\u00f5es que assistem, leem ou escutam de ve\u00edculos de m\u00eddia.<\/p>\n<p>&nbsp;<\/p>\n<p>As tend\u00eancias da ind\u00fastria jornal\u00edstica para 2022 podem ser conferidas abaixo, na lista da ANJ sobre as tend\u00eancias da ind\u00fastria jornal\u00edstica para o pr\u00f3ximo ano:<\/p>\n<p>1. A confian\u00e7a nas not\u00edcias aumentou ap\u00f3s a pandemia;<br \/>\n2. Pessoas que n\u00e3o confiam nas not\u00edcias tendem a ser mais velhas, menos educadas e menos interessadas em pol\u00edtica;<br \/>\n3. Mais pessoas est\u00e3o preocupadas com a desinforma\u00e7\u00e3o, e as not\u00edcias falsas sobre Covid-19 est\u00e3o no topo das preocupa\u00e7\u00f5es;<br \/>\n4. O uso de organiza\u00e7\u00f5es de not\u00edcias como fonte de not\u00edcias sobre Covid-19 est\u00e1 associado a uma menor cren\u00e7a na desinforma\u00e7\u00e3o sobre vacinas;<br \/>\n5. A maioria das pessoas deseja que as not\u00edcias sejam neutras e reflitam uma ampla gama de pontos de vista;<br \/>\n6. O acesso \u00e0s not\u00edcias est\u00e1 se tornando mais distribu\u00eddo, especialmente para o p\u00fablico jovem;<br \/>\n7. Pessoas que usam pesquisa, redes sociais e agregadores t\u00eam dietas de not\u00edcias mais diversificadas;<br \/>\n8. Apenas 5% vivem em c\u00e2maras de eco de not\u00edcias online politicamente partid\u00e1rias;<br \/>\n9. A grande m\u00eddia luta para ser notada em redes sociais mais novas e mais visuais;<br \/>\n10. A pandemia acelerou o fim da impress\u00e3o;<br \/>\n11. A receita do leitor agora \u00e9 considerada mais importante do que os an\u00fancios entre os l\u00edderes de not\u00edcias pesquisados;<br \/>\n12. Mais pessoas pagam por not\u00edcias online, mas a maioria n\u00e3o;<br \/>\n13. A maioria das pessoas n\u00e3o quer que os governos intervenham para ajudar as organiza\u00e7\u00f5es de not\u00edcias;<br \/>\n14. Apenas 22% dos 180 principais editores em 240 grandes ve\u00edculos em 12 mercados s\u00e3o mulheres;<br \/>\n15. Apenas 15% dos 80 principais editores em 100 marcas em cinco mercados n\u00e3o s\u00e3o brancos;<br \/>\n16. Os l\u00edderes do notici\u00e1rio sentem que a ind\u00fastria n\u00e3o est\u00e1 fazendo o suficiente para resolver seu problema de diversidade;<br \/>\n17. As reda\u00e7\u00f5es adotam o trabalho h\u00edbrido, mas muitas ainda est\u00e3o descobrindo como faz\u00ea-lo funcionar.<\/p>\n<p>&nbsp;<\/p>\n<p>Fonte: Comunique-se Portal.<img fetchpriority=\"high\" decoding=\"async\" class=\"alignnone size-large wp-image-17312\" src=\"https:\/\/www.sertsc.org.br\/site\/wp-content\/uploads\/2022\/01\/tendencias-pixabay-1280x720-1-1024x576.jpg\" alt=\"\" width=\"1024\" height=\"576\" \/><\/p>\n","protected":false},"excerpt":{"rendered":"<p>A partir de levantamento da Reuters Institute, Associa\u00e7\u00e3o Nacional de&hellip;<\/p>\n<p> <a class=\"more-link\" href=\"https:\/\/sertsc.org.br\/site\/17-tendencias-da-industria-jornalistica\/\">Leia mais<\/a><\/p>\n","protected":false},"author":1,"featured_media":17312,"comment_status":"open","ping_status":"open","sticky":false,"template":"","format":"standard","meta":{"footnotes":""},"categories":[3],"tags":[],"class_list":{"0":"post-17311","1":"post","2":"type-post","3":"status-publish","4":"format-standard","5":"has-post-thumbnail","7":"category-noticias"},"_links":{"self":[{"href":"https:\/\/sertsc.org.br\/site\/wp-json\/wp\/v2\/posts\/17311","targetHints":{"allow":["GET"]}}],"collection":[{"href":"https:\/\/sertsc.org.br\/site\/wp-json\/wp\/v2\/posts"}],"about":[{"href":"https:\/\/sertsc.org.br\/site\/wp-json\/wp\/v2\/types\/post"}],"author":[{"embeddable":true,"href":"https:\/\/sertsc.org.br\/site\/wp-json\/wp\/v2\/users\/1"}],"replies":[{"embeddable":true,"href":"https:\/\/sertsc.org.br\/site\/wp-json\/wp\/v2\/comments?post=17311"}],"version-history":[{"count":0,"href":"https:\/\/sertsc.org.br\/site\/wp-json\/wp\/v2\/posts\/17311\/revisions"}],"wp:featuredmedia":[{"embeddable":true,"href":"https:\/\/sertsc.org.br\/site\/wp-json\/"}],"wp:attachment":[{"href":"https:\/\/sertsc.org.br\/site\/wp-json\/wp\/v2\/media?parent=17311"}],"wp:term":[{"taxonomy":"category","embeddable":true,"href":"https:\/\/sertsc.org.br\/site\/wp-json\/wp\/v2\/categories?post=17311"},{"taxonomy":"post_tag","embeddable":true,"href":"https:\/\/sertsc.org.br\/site\/wp-json\/wp\/v2\/tags?post=17311"}],"curies":[{"name":"wp","href":"https:\/\/api.w.org\/{rel}","templated":true}]}}