{"id":17294,"date":"2021-12-17T09:38:31","date_gmt":"2021-12-17T12:38:31","guid":{"rendered":"https:\/\/www.sertsc.org.br\/site\/?p=17294"},"modified":"2021-12-17T09:38:31","modified_gmt":"2021-12-17T12:38:31","slug":"comissao-debate-projeto-que-obriga-plataformas-digitais-a-repartir-receita-publicitaria-com-midia-tradicional","status":"publish","type":"post","link":"https:\/\/sertsc.org.br\/site\/comissao-debate-projeto-que-obriga-plataformas-digitais-a-repartir-receita-publicitaria-com-midia-tradicional\/","title":{"rendered":"Comiss\u00e3o debate projeto que obriga plataformas digitais a repartir receita publicit\u00e1ria com m\u00eddia tradicional"},"content":{"rendered":"<p style=\"text-align: justify;\">Proposta altera o Marco Civil da Internet<\/p>\n<p>&nbsp;<\/p>\n<p style=\"text-align: justify;\">A Comiss\u00e3o de Ci\u00eancia e Tecnologia, Comunica\u00e7\u00e3o e Inform\u00e1tica da C\u00e2mara dos Deputados realiza audi\u00eancia p\u00fablica nesta quinta-feira (16) para discutir o Projeto de Lei 1354\/21, que obriga as plataformas digitais que disponibilizam conte\u00fado noticioso a dividir com a m\u00eddia tradicional as receitas publicit\u00e1rias advindas da reprodu\u00e7\u00e3o das not\u00edcias. A proposta altera o Marco Civil da Internet.<\/p>\n<p>&nbsp;<\/p>\n<p style=\"text-align: justify;\">De acordo com o texto, a m\u00eddia receber\u00e1 pelo menos 50% da receita bruta, exclu\u00eddos os impostos, obtida com a publica\u00e7\u00e3o da not\u00edcia. O projeto tamb\u00e9m obriga as plataformas digitais com poder significativo de mercado (mais de 50% dos usu\u00e1rios) a reservar no m\u00ednimo 30% do conte\u00fado noticioso para fontes diversas da m\u00eddia tradicional.<\/p>\n<p>&nbsp;<\/p>\n<p style=\"text-align: justify;\">O debate atende a requerimentos dos deputados Gerv\u00e1sio Maia (PSB-PB), relator da proposta na comiss\u00e3o, Aliel Machado (PSB-PR) e Paulo Ganime (Novo-RJ).<\/p>\n<p style=\"text-align: justify;\">Convidados<br \/>\nForam convidados para discutir o assunto com os parlamentares, entre outros:<br \/>\n&#8211; o presidente da Associa\u00e7\u00e3o Nacional de Jornais (ANJ), Marcelo Rech;<br \/>\n&#8211; a gerente de Pol\u00edticas P\u00fablicas da Meta (antigo Facebook) no Brasil, Monica Steffen Guise;<br \/>\n&#8211; o diretor de Rela\u00e7\u00f5es Governamentais do Google no Brasil, Marcelo Lacerda;<br \/>\n&#8211; o presidente da Associa\u00e7\u00e3o Brasileira de R\u00e1dio e Televis\u00e3o (Abratel), M\u00e1rcio Novaes;<br \/>\n&#8211; o coordenador da Comiss\u00e3o Jur\u00eddica da Associa\u00e7\u00e3o Nacional de Editores de Revistas (Aner), Andr\u00e9 Marsiglia;<br \/>\n&#8211; o coordenador do Comit\u00ea Jur\u00eddico da C\u00e2mara Brasileira da Economia Digital (camara-e.net), Igor Luna;<br \/>\n&#8211; a l\u00edder do Grupo de Trabalho de Regula\u00e7\u00e3o e Internet da Associa\u00e7\u00e3o das Empresas de Tecnologia da Informa\u00e7\u00e3o e Comunica\u00e7\u00e3o e de Tecnologias Digitais (Brasscom), Ana Paula Bialer.<\/p>\n<p>&nbsp;<\/p>\n<p style=\"text-align: justify;\">A audi\u00eancia est\u00e1 marcada para as 14h30, no plen\u00e1rio 14. Os interessados podem acompanhar por meio do portal e-Democracia, inclusive enviando perguntas, cr\u00edticas e sugest\u00f5es aos participantes.<\/p>\n<p style=\"text-align: justify;\">Da Reda\u00e7\u00e3o &#8211; MB<\/p>\n<p style=\"text-align: justify;\">Fonte: Ag\u00eancia C\u00e2mara de Not\u00edcias<\/p>\n<p><img fetchpriority=\"high\" decoding=\"async\" class=\"alignnone size-full wp-image-17296\" src=\"https:\/\/www.sertsc.org.br\/site\/wp-content\/uploads\/2021\/12\/usando-notebook-900x450-2.jpg\" alt=\"\" width=\"900\" height=\"450\" \/><\/p>\n","protected":false},"excerpt":{"rendered":"<p>Proposta altera o Marco Civil da Internet &nbsp; A Comiss\u00e3o&hellip;<\/p>\n<p> <a class=\"more-link\" href=\"https:\/\/sertsc.org.br\/site\/comissao-debate-projeto-que-obriga-plataformas-digitais-a-repartir-receita-publicitaria-com-midia-tradicional\/\">Leia mais<\/a><\/p>\n","protected":false},"author":1,"featured_media":17296,"comment_status":"open","ping_status":"open","sticky":false,"template":"","format":"standard","meta":{"footnotes":""},"categories":[1,3],"tags":[],"class_list":{"0":"post-17294","1":"post","2":"type-post","3":"status-publish","4":"format-standard","5":"has-post-thumbnail","7":"category-geral","8":"category-noticias"},"_links":{"self":[{"href":"https:\/\/sertsc.org.br\/site\/wp-json\/wp\/v2\/posts\/17294","targetHints":{"allow":["GET"]}}],"collection":[{"href":"https:\/\/sertsc.org.br\/site\/wp-json\/wp\/v2\/posts"}],"about":[{"href":"https:\/\/sertsc.org.br\/site\/wp-json\/wp\/v2\/types\/post"}],"author":[{"embeddable":true,"href":"https:\/\/sertsc.org.br\/site\/wp-json\/wp\/v2\/users\/1"}],"replies":[{"embeddable":true,"href":"https:\/\/sertsc.org.br\/site\/wp-json\/wp\/v2\/comments?post=17294"}],"version-history":[{"count":0,"href":"https:\/\/sertsc.org.br\/site\/wp-json\/wp\/v2\/posts\/17294\/revisions"}],"wp:featuredmedia":[{"embeddable":true,"href":"https:\/\/sertsc.org.br\/site\/wp-json\/"}],"wp:attachment":[{"href":"https:\/\/sertsc.org.br\/site\/wp-json\/wp\/v2\/media?parent=17294"}],"wp:term":[{"taxonomy":"category","embeddable":true,"href":"https:\/\/sertsc.org.br\/site\/wp-json\/wp\/v2\/categories?post=17294"},{"taxonomy":"post_tag","embeddable":true,"href":"https:\/\/sertsc.org.br\/site\/wp-json\/wp\/v2\/tags?post=17294"}],"curies":[{"name":"wp","href":"https:\/\/api.w.org\/{rel}","templated":true}]}}