{"id":17230,"date":"2021-12-08T14:19:13","date_gmt":"2021-12-08T17:19:13","guid":{"rendered":"https:\/\/www.sertsc.org.br\/site\/?p=17230"},"modified":"2021-12-08T14:19:13","modified_gmt":"2021-12-08T17:19:13","slug":"sert-sc-anuncia-nova-gerente-executiva","status":"publish","type":"post","link":"https:\/\/sertsc.org.br\/site\/sert-sc-anuncia-nova-gerente-executiva\/","title":{"rendered":"SERT\/SC anuncia nova gerente executiva"},"content":{"rendered":"<p style=\"text-align: justify;\">Kelly Costa, professora e parceira do SERT\/SC, ser\u00e1 a nova gerente executiva do sindicato. Ela assumir\u00e1 o posto atualmente ocupado por G\u00e9deas Silva, que, ap\u00f3s 18 anos na entidade, decidiu focar em seus neg\u00f3cios particulares. Kelly assumir\u00e1 o cargo no dia 1 de janeiro de 2022, mesma data em que se iniciar\u00e1 a gest\u00e3o presidida por Humberto Ohf de Andrade.<\/p>\n<p style=\"text-align: justify;\">\n<p style=\"text-align: justify;\">O SERT\/SC agradece a G\u00e9deas Silva pela sua dedica\u00e7\u00e3o \u00e0 entidade e torce pelo \u00eaxito de seus futuros projetos. Ao mesmo tempo, o SERT\/SC deseja todo sucesso para Kelly Costa, que, com seu conhecimento e talento, certamente levar\u00e1 o sindicato para patamares ainda mais elevados de gest\u00e3o e qualidade.<\/p>\n<p style=\"text-align: justify;\">\n<p style=\"text-align: justify;\">Sobre Kelly Costa<\/p>\n<p style=\"text-align: justify;\">Coordenadora e professora do MBA em Gest\u00e3o Estrat\u00e9gica de Vendas Complexas e das gradua\u00e7\u00f5es em Gest\u00e3o Comercial, Gest\u00e3o Financeira e Gest\u00e3o de Recursos Humanos da Faculdade Cesusc. Atua h\u00e1 mais de vinte anos nas \u00e1reas de marketing e vendas, prestando consultoria e ministrando capacita\u00e7\u00f5es para empresas de diferentes segmentos. Graduada em Administra\u00e7\u00e3o, p\u00f3s-graduada em Gest\u00e3o Estrat\u00e9gica de Marketing e mestre em Administra\u00e7\u00e3o com \u00eanfase em Relationship Marketing. Parceira do SERT\/SC, ministrou diversos cursos na Universidade Corporativa da entidade e prestou consultoria para emissoras filiadas.<\/p>\n<p style=\"text-align: center;\"><img fetchpriority=\"high\" decoding=\"async\" class=\"wp-image-17232 aligncenter\" src=\"https:\/\/www.sertsc.org.br\/site\/wp-content\/uploads\/2021\/12\/WhatsApp-Image-2021-12-07-at-18.20.33-1-768x1024.jpeg\" alt=\"\" width=\"326\" height=\"435\" \/>Humberto Ohf de Andrade e Kelly Costa<\/p>\n<p>&nbsp;<\/p>\n<p style=\"text-align: center;\"><img decoding=\"async\" class=\"wp-image-17231 aligncenter\" src=\"https:\/\/www.sertsc.org.br\/site\/wp-content\/uploads\/2021\/12\/WhatsApp-Image-2021-12-07-at-18.20.32-768x1024.jpeg\" alt=\"\" width=\"325\" height=\"434\" \/>Humberto Ohf de Andrade, G\u00e9deas Silva e Kelly Costa<\/p>\n","protected":false},"excerpt":{"rendered":"<p>Kelly Costa, professora e parceira do SERT\/SC, ser\u00e1 a nova&hellip;<\/p>\n<p> <a class=\"more-link\" href=\"https:\/\/sertsc.org.br\/site\/sert-sc-anuncia-nova-gerente-executiva\/\">Leia mais<\/a><\/p>\n","protected":false},"author":1,"featured_media":17231,"comment_status":"open","ping_status":"open","sticky":false,"template":"","format":"standard","meta":{"footnotes":""},"categories":[33],"tags":[],"class_list":{"0":"post-17230","1":"post","2":"type-post","3":"status-publish","4":"format-standard","5":"has-post-thumbnail","7":"category-destaques"},"_links":{"self":[{"href":"https:\/\/sertsc.org.br\/site\/wp-json\/wp\/v2\/posts\/17230","targetHints":{"allow":["GET"]}}],"collection":[{"href":"https:\/\/sertsc.org.br\/site\/wp-json\/wp\/v2\/posts"}],"about":[{"href":"https:\/\/sertsc.org.br\/site\/wp-json\/wp\/v2\/types\/post"}],"author":[{"embeddable":true,"href":"https:\/\/sertsc.org.br\/site\/wp-json\/wp\/v2\/users\/1"}],"replies":[{"embeddable":true,"href":"https:\/\/sertsc.org.br\/site\/wp-json\/wp\/v2\/comments?post=17230"}],"version-history":[{"count":0,"href":"https:\/\/sertsc.org.br\/site\/wp-json\/wp\/v2\/posts\/17230\/revisions"}],"wp:featuredmedia":[{"embeddable":true,"href":"https:\/\/sertsc.org.br\/site\/wp-json\/"}],"wp:attachment":[{"href":"https:\/\/sertsc.org.br\/site\/wp-json\/wp\/v2\/media?parent=17230"}],"wp:term":[{"taxonomy":"category","embeddable":true,"href":"https:\/\/sertsc.org.br\/site\/wp-json\/wp\/v2\/categories?post=17230"},{"taxonomy":"post_tag","embeddable":true,"href":"https:\/\/sertsc.org.br\/site\/wp-json\/wp\/v2\/tags?post=17230"}],"curies":[{"name":"wp","href":"https:\/\/api.w.org\/{rel}","templated":true}]}}