{"id":17223,"date":"2021-12-08T08:41:06","date_gmt":"2021-12-08T11:41:06","guid":{"rendered":"https:\/\/www.sertsc.org.br\/site\/?p=17223"},"modified":"2021-12-08T08:41:06","modified_gmt":"2021-12-08T11:41:06","slug":"podcasts-ampliam-opcoes-de-conteudo-das-radios","status":"publish","type":"post","link":"https:\/\/sertsc.org.br\/site\/podcasts-ampliam-opcoes-de-conteudo-das-radios\/","title":{"rendered":"Podcasts ampliam op\u00e7\u00f5es de conte\u00fado das r\u00e1dios"},"content":{"rendered":"<p style=\"text-align: justify;\"><strong>Com a ascens\u00e3o do formato via streaming de \u00e1udio, emissoras investem na produ\u00e7\u00e3o fora do ao vivo para conquistar audi\u00eancia a qualquer momento.<\/strong><\/p>\n<p style=\"text-align: justify;\">Utilizar o \u00e1udio como alternativa de consumo de conte\u00fado fez com que o consumo de podcasts crescesse no Pa\u00eds. Uma pesquisa da Globo realizada junto ao Instituto Brasileiro de Geografia e Estat\u00edstica (Ibope) entre setembro de 2020 e fevereiro de 2021, mostrou que mais da metade dos brasileiros (57%) passaram a ouvir programas do tipo no ano passado. Ao todo, foram ouvidas mais de mil pessoas na pesquisa.<\/p>\n<p style=\"text-align: justify;\">Al\u00e9m da produ\u00e7\u00e3o independente de podcasts, grandes nomes do mercado de r\u00e1dios tem investido no formato, tais como CBN, Band FM e a Jovem Pan.<\/p>\n<p style=\"text-align: justify;\">\u201cDurante a \u00faltima d\u00e9cada e meia, o que vimos e ajudamos a conduzir \u00e9 um renascimento do \u00e1udio. O streaming mudou fundamentalmente o ecossistema do \u00e1udio com a redu\u00e7\u00e3o das barreiras de entrada e a democratiza\u00e7\u00e3o do acesso ao \u00e1udio para ouvintes em todo o mundo\u201d, afirma Javier Pi\u00f1ol, diretor do Spotify Studios na Am\u00e9rica Latina e US Latin.<\/p>\n<p style=\"text-align: justify;\">O executivo afirma que a plataforma considera os podcasts um formato definitivo de \u00e1udio com uma experi\u00eancia completamente diferente em que o usu\u00e1rio tem acesso a uma combina\u00e7\u00e3o \u00fanica de conte\u00fado e inova\u00e7\u00e3o.<\/p>\n<p style=\"text-align: justify;\">Uma das diferen\u00e7as mais not\u00f3rias se encontra no modelo de consumo e transmiss\u00e3o. Se o usu\u00e1rio antes precisava sintonizar em um aparelho a sua r\u00e1dio preferida, em um hor\u00e1rio espec\u00edfico, o streaming chegou para modificar este h\u00e1bito. O programa Os Pingos nos Is, por exemplo, que aborda tem\u00e1ticas pol\u00edticas em formato de bate-papo, conta com as edi\u00e7\u00f5es tamb\u00e9m na plataforma do Spotify. Al\u00e9m disso, a r\u00e1dio tamb\u00e9m faz a transmiss\u00e3o online da sua programa\u00e7\u00e3o no YouTube \u2014 com dura\u00e7\u00e3o que, por vezes, passa de duas horas. E este n\u00e3o \u00e9 o \u00fanico investimento do tipo. As principais not\u00edcias do dia s\u00e3o divididas em duas edi\u00e7\u00f5es no Jovem Pan Top News, com pequenas doses de conte\u00fado, que variam de tr\u00eas a cinco minutos.<\/p>\n<p style=\"text-align: justify;\">Segundo Bruno Telloli, gerente de cultura e tend\u00eancias no YouTube Brasil, a leveza com a qual o formato \u00e9 constru\u00eddo atrai os usu\u00e1rios da plataforma. \u201cO podcast traz proximidade com o usu\u00e1rio, principalmente os que s\u00e3o ao vivo, porque tem a intera\u00e7\u00e3o em tempo real com os espectadores e com os ouvintes. [\u2026] Ao mesmo tempo em que voc\u00ea transforma uma entrevista em bate papo, o conte\u00fado fica mais leve\u201d, comenta, sob o adendo de que muitos podcasts tamb\u00e9m acabaram transmitindo grava\u00e7\u00f5es online. \u201cDentro do YouTube eram muitas, de fato, as mat\u00e9rias jornal\u00edsticas sobre acontecimentos, e os ve\u00edculos sacaram que esses formatos de discuss\u00e3o chamam a aten\u00e7\u00e3o\u201d, acrescenta o gerente.<\/p>\n<p style=\"text-align: justify;\"><strong>Proximidade e acesso<\/strong><\/p>\n<p style=\"text-align: justify;\">O formato \u00e9 uma das apostas da CBN. O podcast CBN Entrevista reproduz nas plataformas de streaming de \u00e1udio as principais entrevistas que foram ao ar na grade da r\u00e1dio. Se, antes, a not\u00edcia em \u00e1udio era consumida durante trajetos de carro, agora r\u00e1dios investem no formato para levar jornalismo aos ouvintes. \u201cQuando voc\u00ea tem um podcast voltado para o jornalismo, tamb\u00e9m \u00e9 um conte\u00fado interessante, principalmente porque as pessoas estavam tentando entender a situa\u00e7\u00e3o do mundo, do Brasil como um todo, e os ve\u00edculos come\u00e7aram a se adaptar\u201d, aponta Bruno sobre a tend\u00eancia de aumento de consumo que ocorreu durante o per\u00edodo da pandemia.<\/p>\n<p style=\"text-align: justify;\">Entre os motivos que provaram a ascens\u00e3o do podcast de jornalismo est\u00e1 a facilidade de acesso. \u201cPodcast se encaixa em qualquer momento do dia das pessoas e isso facilita o acesso a todo tipo de informa\u00e7\u00e3o e conte\u00fado, incluindo o jornalismo\u201d, diz Javier. \u201cO formato contribui para o jornalismo com caracter\u00edsticas que o fazem \u00fanico: o tom \u00edntimo, que aproxima o jornalista do consumidor de not\u00edcias, somado a uma certa informalidade que, quando acrescentada sem perder o rigor da apura\u00e7\u00e3o jornal\u00edstica, atrai novas audi\u00eancias que n\u00e3o necessariamente consumiam not\u00edcias em seu dia a dia\u201d.<\/p>\n<p>O diretor do Spotify Studios entende, ainda, que a variedade de estilos dentro da podosfera \u00e9 outro ponto que colabora para ressignificar o consumo de \u00e1udio.<\/p>\n<p>Para al\u00e9m do jornalismo, as r\u00e1dios tamb\u00e9m apostam em seus conte\u00fados diversificados para se inserir nas plataformas. A Band FM, por exemplo, levou para o on demand seu programa que est\u00e1 no ar h\u00e1 mais de 30 anos, A Hora do Ronco.<\/p>\n<p>\u201cS\u00e3o os players cada vez mais, de fato, apostando em divulgar podcasts, pois os usu\u00e1rios come\u00e7aram a perceber que tem podcasts de diferentes temas, assuntos\u201d, indica Bruno. \u201cSe voc\u00ea curte cinema, esporte, fofoca, publicidade, tem um podcast pra voc\u00ea. Ent\u00e3o, acho que \u00e9 um trabalho bastante tamb\u00e9m dos lados dos criadores que vem ajudando a desmistificar algo que era s\u00f3 um nicho\u201d, finaliza.<\/p>\n<p><img fetchpriority=\"high\" decoding=\"async\" class=\"alignnone size-large wp-image-17224\" src=\"https:\/\/www.sertsc.org.br\/site\/wp-content\/uploads\/2021\/12\/podcast-1024x576.jpg\" alt=\"\" width=\"1024\" height=\"576\" \/><\/p>\n<p>&nbsp;<\/p>\n<p>&nbsp;<\/p>\n<p>&nbsp;<\/p>\n<p>Fonte: Meio e Mensagem<\/p>\n","protected":false},"excerpt":{"rendered":"<p>Com a ascens\u00e3o do formato via streaming de \u00e1udio, emissoras&hellip;<\/p>\n<p> <a class=\"more-link\" href=\"https:\/\/sertsc.org.br\/site\/podcasts-ampliam-opcoes-de-conteudo-das-radios\/\">Leia mais<\/a><\/p>\n","protected":false},"author":1,"featured_media":17224,"comment_status":"open","ping_status":"open","sticky":false,"template":"","format":"standard","meta":{"footnotes":""},"categories":[33],"tags":[],"class_list":{"0":"post-17223","1":"post","2":"type-post","3":"status-publish","4":"format-standard","5":"has-post-thumbnail","7":"category-destaques"},"_links":{"self":[{"href":"https:\/\/sertsc.org.br\/site\/wp-json\/wp\/v2\/posts\/17223","targetHints":{"allow":["GET"]}}],"collection":[{"href":"https:\/\/sertsc.org.br\/site\/wp-json\/wp\/v2\/posts"}],"about":[{"href":"https:\/\/sertsc.org.br\/site\/wp-json\/wp\/v2\/types\/post"}],"author":[{"embeddable":true,"href":"https:\/\/sertsc.org.br\/site\/wp-json\/wp\/v2\/users\/1"}],"replies":[{"embeddable":true,"href":"https:\/\/sertsc.org.br\/site\/wp-json\/wp\/v2\/comments?post=17223"}],"version-history":[{"count":0,"href":"https:\/\/sertsc.org.br\/site\/wp-json\/wp\/v2\/posts\/17223\/revisions"}],"wp:featuredmedia":[{"embeddable":true,"href":"https:\/\/sertsc.org.br\/site\/wp-json\/"}],"wp:attachment":[{"href":"https:\/\/sertsc.org.br\/site\/wp-json\/wp\/v2\/media?parent=17223"}],"wp:term":[{"taxonomy":"category","embeddable":true,"href":"https:\/\/sertsc.org.br\/site\/wp-json\/wp\/v2\/categories?post=17223"},{"taxonomy":"post_tag","embeddable":true,"href":"https:\/\/sertsc.org.br\/site\/wp-json\/wp\/v2\/tags?post=17223"}],"curies":[{"name":"wp","href":"https:\/\/api.w.org\/{rel}","templated":true}]}}