{"id":17216,"date":"2021-12-07T23:08:35","date_gmt":"2021-12-08T02:08:35","guid":{"rendered":"https:\/\/www.sertsc.org.br\/site\/?p=17216"},"modified":"2021-12-07T23:08:35","modified_gmt":"2021-12-08T02:08:35","slug":"mcom-publica-edital-de-chamamento-da-segunda-fase-do-programa-digitaliza-brasil","status":"publish","type":"post","link":"https:\/\/sertsc.org.br\/site\/mcom-publica-edital-de-chamamento-da-segunda-fase-do-programa-digitaliza-brasil\/","title":{"rendered":"Mcom publica edital de chamamento da segunda fase do programa Digitaliza Brasil"},"content":{"rendered":"<p style=\"text-align: justify;\">Nesta segunda-feira (6), foi publicado o edital de chamamento da segunda fase do Programa Digitaliza Brasil, que tem como compromisso a conclus\u00e3o do processo de digitaliza\u00e7\u00e3o dos sinais de televis\u00e3o anal\u00f3gica. A publica\u00e7\u00e3o foi feita no Di\u00e1rio Oficial da Uni\u00e3o (DOU), pelo Secret\u00e1rio de Radiofus\u00e3o do Minist\u00e9rio das Comunica\u00e7\u00f5es, Maximiliano Martinh\u00e3o.<\/p>\n<p style=\"text-align: justify;\">O programa levar\u00e1 o sinal digital a 344 munic\u00edpios, sendo 26 no Esp\u00edrito Santo, 97 no Paran\u00e1, 10 no Rio de Janeiro, 93 no Rio Grande do Sul e 118 em Santa Catarina. Nesta etapa do processo de digitaliza\u00e7\u00e3o, o MCom quer engajar as prefeituras de munic\u00edpios aptos para receber os equipamentos de convers\u00e3o para o sinal digital e, assim, encerrar as transmiss\u00f5es anal\u00f3gicas.<\/p>\n<p style=\"text-align: justify;\">\u201cExistem ainda muitas cidades no Brasil que s\u00f3 t\u00eam sinal anal\u00f3gico e as pessoas n\u00e3o podem usufruir das novidades que a TV digital traz. Ent\u00e3o estamos avan\u00e7ando com o Digitaliza Brasil para mudar essa realidade\u201d, destaca o secret\u00e1rio.<\/p>\n<p style=\"text-align: justify;\">O presidente da Abratel, M\u00e1rcio Novaes, destacou o sucesso do programa. \u201cAp\u00f3s a conclus\u00e3o da primeira fase do programa com praticamente 100% de ades\u00e3o das prefeituras e das emissoras da regi\u00e3o nordeste e do Estado de Minas Gerais, avan\u00e7amos para a segunda fase com a certeza de que o n\u00famero de ades\u00e3o ser\u00e1 pr\u00f3ximo da taxa de 100%, o que comprova o sucesso do Programa Digitaliza Brasil conduzido pelo Ministro Fabio Faria e pelos t\u00e9cnicos do Minist\u00e9rio das Comunica\u00e7\u00f5es e da Ag\u00eancia Nacional de Telecomunica\u00e7\u00f5es\u201d, afirmou.<\/p>\n<p style=\"text-align: justify;\">A meta esperada pelo Minist\u00e9rio \u00e9 de concluir o processo de digitaliza\u00e7\u00e3o at\u00e9 o fim de 2022. Mais de 23 milh\u00f5es de brasileiros ser\u00e3o beneficiados com a chegada da TV digital, um servi\u00e7o aberto e gratuito que proporciona mais qualidade de som e imagem, al\u00e9m de diversidade na programa\u00e7\u00e3o de TV. Outro benef\u00edcio \u00e9 a recep\u00e7\u00e3o do sinal em aparelhos m\u00f3veis e port\u00e1teis, como os celulares e os tablets.<\/p>\n<p>Fonte: Abratel<\/p>\n","protected":false},"excerpt":{"rendered":"<p>Nesta segunda-feira (6), foi publicado o edital de chamamento da&hellip;<\/p>\n<p> <a class=\"more-link\" href=\"https:\/\/sertsc.org.br\/site\/mcom-publica-edital-de-chamamento-da-segunda-fase-do-programa-digitaliza-brasil\/\">Leia mais<\/a><\/p>\n","protected":false},"author":1,"featured_media":17217,"comment_status":"open","ping_status":"open","sticky":false,"template":"","format":"standard","meta":{"footnotes":""},"categories":[3],"tags":[],"class_list":{"0":"post-17216","1":"post","2":"type-post","3":"status-publish","4":"format-standard","5":"has-post-thumbnail","7":"category-noticias"},"_links":{"self":[{"href":"https:\/\/sertsc.org.br\/site\/wp-json\/wp\/v2\/posts\/17216","targetHints":{"allow":["GET"]}}],"collection":[{"href":"https:\/\/sertsc.org.br\/site\/wp-json\/wp\/v2\/posts"}],"about":[{"href":"https:\/\/sertsc.org.br\/site\/wp-json\/wp\/v2\/types\/post"}],"author":[{"embeddable":true,"href":"https:\/\/sertsc.org.br\/site\/wp-json\/wp\/v2\/users\/1"}],"replies":[{"embeddable":true,"href":"https:\/\/sertsc.org.br\/site\/wp-json\/wp\/v2\/comments?post=17216"}],"version-history":[{"count":0,"href":"https:\/\/sertsc.org.br\/site\/wp-json\/wp\/v2\/posts\/17216\/revisions"}],"wp:featuredmedia":[{"embeddable":true,"href":"https:\/\/sertsc.org.br\/site\/wp-json\/"}],"wp:attachment":[{"href":"https:\/\/sertsc.org.br\/site\/wp-json\/wp\/v2\/media?parent=17216"}],"wp:term":[{"taxonomy":"category","embeddable":true,"href":"https:\/\/sertsc.org.br\/site\/wp-json\/wp\/v2\/categories?post=17216"},{"taxonomy":"post_tag","embeddable":true,"href":"https:\/\/sertsc.org.br\/site\/wp-json\/wp\/v2\/tags?post=17216"}],"curies":[{"name":"wp","href":"https:\/\/api.w.org\/{rel}","templated":true}]}}