{"id":17203,"date":"2021-12-06T11:50:43","date_gmt":"2021-12-06T14:50:43","guid":{"rendered":"https:\/\/www.sertsc.org.br\/site\/?p=17203"},"modified":"2021-12-06T11:50:43","modified_gmt":"2021-12-06T14:50:43","slug":"inteligencia-artificial-e-automacao-passam-a-ser-pilares-de-grade-do-nab-show-2022","status":"publish","type":"post","link":"https:\/\/sertsc.org.br\/site\/inteligencia-artificial-e-automacao-passam-a-ser-pilares-de-grade-do-nab-show-2022\/","title":{"rendered":"Intelig\u00eancia artificial e automa\u00e7\u00e3o passam a ser pilares de grade do NAB Show 2022"},"content":{"rendered":"<p style=\"text-align: justify;\">S\u00e3o Paulo &#8211; &#8220;Conte\u00fado Inteligente&#8221; \u00e9 adicionado como um quarto pilar da programa\u00e7\u00e3o principal. A inten\u00e7\u00e3o \u00e9 debater as mudan\u00e7as vividas pelas empresas de m\u00eddia<\/p>\n<p style=\"text-align: justify;\">Em comunicado \u00e0 imprensa internacional, a NAB (National Association of Broadcasters, associa\u00e7\u00e3o da radiodifus\u00e3o dos Estados Unidos), anunciou que adicionou um quarto \u201cpilar de conte\u00fado\u201d para o NAB Show 2022, congresso e feira que ser\u00e3o realizados em abril do pr\u00f3ximo ano, de forma presencial e virtual. Trata-se do \u201cIntelligent Content\u201d, ou seja, &#8220;Conte\u00fado Inteligente&#8221;, que ter\u00e1 a miss\u00e3o de mostrar os impactos dos dados, intelig\u00eancia artificial e automa\u00e7\u00e3o nas empresas de m\u00eddia e entretenimento. O NAB Show 2022, assim como o Radio Show 2022, est\u00e3o confirmados novamente para Las Vegas.<\/p>\n<p style=\"text-align: justify;\">\u201cA m\u00eddia est\u00e1 se tornando mais orientada a dados e o NAB Show oferece uma plataforma \u00fanica para guiar nossa comunidade durante essa transi\u00e7\u00e3o. Este destino espec\u00edfico marca nosso compromisso em expandir o uso de dados pela ind\u00fastria e criar oportunidades para a ind\u00fastria de m\u00eddia liderar o futuro do conte\u00fado\u201d, afirmou Chris Brown, vice-presidente executivo e diretor administrativo da NAB, Global Connections and Events.<\/p>\n<p style=\"text-align: justify;\">O quarto pilar adicionado \u00e0 edi\u00e7\u00e3o de 2022, Intelligent Content, vai se juntar aos outros tr\u00eas j\u00e1 anunciados anteriormente: \u201cCriar\u201d, \u201cConectar\u201d e \u201cCapitalizar\u201d.<\/p>\n<p style=\"text-align: justify;\">O novo &#8220;showcase&#8221; mostrar\u00e1 como utilizar os dados no ciclo de vida do conte\u00fado das empresas de m\u00eddia. E uma vitrine adicional contar\u00e1 com eventos de networking, exposi\u00e7\u00f5es focadas no futuro e programa\u00e7\u00e3o educacional, estas que apresentar\u00e3o novas tend\u00eancias em automa\u00e7\u00e3o de produ\u00e7\u00e3o, personaliza\u00e7\u00e3o de conte\u00fado e experi\u00eancias imersivas.<\/p>\n<p style=\"text-align: justify;\">Segundo a NAB, o novo showcase destacar\u00e1 &#8220;novas oportunidades de engajamento apresentadas por plataformas sempre ativas e redes emergentes, e o papel que os dados desempenhar\u00e3o conforme a ind\u00fastria abre novos modelos de monetiza\u00e7\u00e3o&#8221;. Essa experi\u00eancia estar\u00e1 localizada no novo West Hall do Centro de Conven\u00e7\u00f5es de Las Vegas e ter\u00e1 as empresas AWS, MediaKind e Microsoft como \u00e2ncoras.<\/p>\n<p style=\"text-align: justify;\"><strong>Expectativa para 2022: confirma\u00e7\u00f5es da grade presencial e Radio Show integrado ao NAB Show<\/strong><\/p>\n<p style=\"text-align: justify;\">O CES 2022 (Consumer Electronics Show), tamb\u00e9m realizado em Las Vegas, segue confirmada para acontecer entre 5 e 8 de janeiro. O que amplia as expectativas positivas sobre a realiza\u00e7\u00e3o do evento presencial do NAB Show no pr\u00f3ximo ano. Semelhante ao NAB Show do ano passado, o CES presencial foi cancelado em 2021 devido \u00e0 pandemia e, no momento, a situa\u00e7\u00e3o da variante delta no pa\u00eds norte-americano ainda deixa d\u00favidas sobre as realiza\u00e7\u00f5es dos eventos presenciais. Com o CES confirmado, aumenta a seguran\u00e7a de realiza\u00e7\u00e3o da programa\u00e7\u00e3o prevista para o NAB Show.<\/p>\n<p style=\"text-align: justify;\">Em outubro passado, o tudoradio.com repercutiu o an\u00fancio da NAB e da RAB (Radio Advertising Bureau) sobre a integra\u00e7\u00e3o definitiva entre os eventos Radio Show (considerado o principal evento dedicado exclusivamente \u00e0 ind\u00fastria de r\u00e1dio norte-americana) e NAB Show, a partir da edi\u00e7\u00e3o do pr\u00f3ximo ano. Isso encerra o car\u00e1ter itinerante do evento (que visitava anualmente uma cidade diferente dos EUA) e visa dar um car\u00e1ter mais global ao Radio Show. O an\u00fancio ampliou as expectativas para o NAB Show 2022, este que ser\u00e1 o primeiro evento presencial da NAB desde a edi\u00e7\u00e3o de 2019.<\/p>\n<p style=\"text-align: justify;\">\nInicialmente, a ideia de fazer o Radio Show de forma que se encaixasse na agenda do NAB Show surgiu com o cancelamento das edi\u00e7\u00f5es 2020 de ambos os eventos, devido \u00e0 pandemia da covid-19. As duas programa\u00e7\u00f5es seriam realizadas neste m\u00eas de outubro, em Las Vegas, como edi\u00e7\u00f5es de 2021. Por\u00e9m, assim como ocorreu no ano passado, toda a programa\u00e7\u00e3o presencial relacionada \u00e0 NAB foi cancelada, devido ao repique de casos da covid-19, ocasionados pela variante delta.<\/p>\n<p style=\"text-align: justify;\">\u201cEsta mudan\u00e7a oferece mais oportunidades em um local para profissionais de r\u00e1dio e eleva o r\u00e1dio no ecossistema de m\u00eddia maior representado no NAB Show\u201d, disse a NAB no an\u00fancio. A decis\u00e3o de agrupar os dois eventos foi realizada de forma conjunta entre a NAB e o Radio Advertising Bureau, sendo um planejamento de longo prazo, conforme anunciado em outubro e repercutido pelo tudoradio.com.<\/p>\n<p style=\"text-align: justify;\"><strong>Delega\u00e7\u00e3o brasileira<\/strong><\/p>\n<p style=\"text-align: justify;\">As principais associa\u00e7\u00f5es do setor de r\u00e1dio e TV do pa\u00eds, assim como executivos das principais emissoras, j\u00e1 est\u00e3o acostumadas a organizar delega\u00e7\u00f5es para a acompanhar a NAB Show em Las Vegas (EUA), inclusive com a realiza\u00e7\u00e3o de eventos paralelos, como o Caf\u00e9 da Manh\u00e3 da ABERT\/AESP e o SET &amp; Trinta. Pelo o que apurou o tudoradio.com, havia uma grande expectativa por parte dos radiodifusores em poder agregar a programa\u00e7\u00e3o do Radio Show na mesma viagem destinada ao NAB Show.<\/p>\n<p style=\"text-align: justify;\">O cancelamento da edi\u00e7\u00e3o de 2021 e as d\u00favidas relacionadas \u00e0 possibilidade de viagens internacionais devido aos protocolos relacionados \u00e0 pandemia da covid-19 estavam frustrando os executivos ouvidos pelo tudoradio.com, j\u00e1 que para o ano seguinte a expectativa era de retorno \u00e0 agenda tradicional da NAB, com o NAB Show no primeiro semestre em Las Vegas e o Radio Show apenas no segundo semestre, em outra cidade do pa\u00eds (a expectativa era de Nashville).<\/p>\n<p style=\"text-align: justify;\">Agora a situa\u00e7\u00e3o muda: o NAB Show 2022 est\u00e1 confirmado (23 a 27 de abril de 2022) e ser\u00e1 o primeiro evento presencial da NAB desde 2019. E, com o an\u00fancio feito pela associa\u00e7\u00e3o sobre a ida do Radio Show para Las Vegas, a expectativa da delega\u00e7\u00e3o brasileira \u00e9 novamente elevada.<\/p>\n<p style=\"text-align: justify;\">+ NAB e RAB anunciam a integra\u00e7\u00e3o do Radio Show ao NAB Show a partir de 2022<\/p>\n<p>Fonte: Tudoradio<\/p>\n<p style=\"text-align: justify;\">\n","protected":false},"excerpt":{"rendered":"<p>S\u00e3o Paulo &#8211; &#8220;Conte\u00fado Inteligente&#8221; \u00e9 adicionado como um quarto&hellip;<\/p>\n<p> <a class=\"more-link\" href=\"https:\/\/sertsc.org.br\/site\/inteligencia-artificial-e-automacao-passam-a-ser-pilares-de-grade-do-nab-show-2022\/\">Leia mais<\/a><\/p>\n","protected":false},"author":1,"featured_media":17204,"comment_status":"open","ping_status":"open","sticky":false,"template":"","format":"standard","meta":{"footnotes":""},"categories":[33],"tags":[],"class_list":{"0":"post-17203","1":"post","2":"type-post","3":"status-publish","4":"format-standard","5":"has-post-thumbnail","7":"category-destaques"},"_links":{"self":[{"href":"https:\/\/sertsc.org.br\/site\/wp-json\/wp\/v2\/posts\/17203","targetHints":{"allow":["GET"]}}],"collection":[{"href":"https:\/\/sertsc.org.br\/site\/wp-json\/wp\/v2\/posts"}],"about":[{"href":"https:\/\/sertsc.org.br\/site\/wp-json\/wp\/v2\/types\/post"}],"author":[{"embeddable":true,"href":"https:\/\/sertsc.org.br\/site\/wp-json\/wp\/v2\/users\/1"}],"replies":[{"embeddable":true,"href":"https:\/\/sertsc.org.br\/site\/wp-json\/wp\/v2\/comments?post=17203"}],"version-history":[{"count":0,"href":"https:\/\/sertsc.org.br\/site\/wp-json\/wp\/v2\/posts\/17203\/revisions"}],"wp:featuredmedia":[{"embeddable":true,"href":"https:\/\/sertsc.org.br\/site\/wp-json\/"}],"wp:attachment":[{"href":"https:\/\/sertsc.org.br\/site\/wp-json\/wp\/v2\/media?parent=17203"}],"wp:term":[{"taxonomy":"category","embeddable":true,"href":"https:\/\/sertsc.org.br\/site\/wp-json\/wp\/v2\/categories?post=17203"},{"taxonomy":"post_tag","embeddable":true,"href":"https:\/\/sertsc.org.br\/site\/wp-json\/wp\/v2\/tags?post=17203"}],"curies":[{"name":"wp","href":"https:\/\/api.w.org\/{rel}","templated":true}]}}