{"id":17188,"date":"2021-12-02T08:32:03","date_gmt":"2021-12-02T11:32:03","guid":{"rendered":"https:\/\/www.sertsc.org.br\/site\/?p=17188"},"modified":"2021-12-02T08:32:03","modified_gmt":"2021-12-02T11:32:03","slug":"ministerio-das-comunicacoes-esta-recebendo-sugestoes-sobre-calendario-da-voz-do-brasil-para-2022","status":"publish","type":"post","link":"https:\/\/sertsc.org.br\/site\/ministerio-das-comunicacoes-esta-recebendo-sugestoes-sobre-calendario-da-voz-do-brasil-para-2022\/","title":{"rendered":"Minist\u00e9rio das Comunica\u00e7\u00f5es est\u00e1 recebendo sugest\u00f5es sobre calend\u00e1rio da Voz do Brasil para 2022"},"content":{"rendered":"<p style=\"text-align: justify;\">Bras\u00edlia &#8211; Sugest\u00f5es de datas e hor\u00e1rios para flexibiliza\u00e7\u00e3o ou dispensa da retransmiss\u00e3o do programa est\u00e3o sendo recebidos at\u00e9 o dia 22 de dezembro<\/p>\n<p style=\"text-align: justify;\">\nO Minist\u00e9rio das Comunica\u00e7\u00f5es (MCom) abriu uma Consulta P\u00fablica para receber sugest\u00f5es sobre a flexibiliza\u00e7\u00e3o (ou dispensa) do hor\u00e1rio de retransmiss\u00e3o do programa de r\u00e1dio \u201cA Voz do Brasil\u201d. O intuito \u00e9 estruturar um calend\u00e1rio para 2022, indicando ocasi\u00f5es nas quais haja conflito de hor\u00e1rio para a divulga\u00e7\u00e3o de eventos com interesse p\u00fablico.<\/p>\n<p style=\"text-align: justify;\">\nAs sugest\u00f5es podem ser enviadas com datas de eventos que justifiquem a mudan\u00e7a \u2013 ou mesmo desobriguem a retransmiss\u00e3o do conte\u00fado. A consulta p\u00fablica ficar\u00e1 aberta at\u00e9 22 de dezembro na plataforma Participa + Brasil. As datas e eventos indicados podem ter abrang\u00eancia nacional, estadual, distrital ou municipal, considerados como de excepcional interesse p\u00fablico e transmitidos por emissoras.<\/p>\n<p style=\"text-align: justify;\">\nExemplos disso s\u00e3o as festas tradicionais em uma cidade, partidas de evento esportivo e demais manifesta\u00e7\u00f5es ou acontecimentos com repercuss\u00e3o p\u00fablica, cuja transmiss\u00e3o pudesse ser interrompida, na ocasi\u00e3o, pelo programa \u201cA Voz do Brasil\u201d. Para que a sugest\u00e3o seja considerada no calend\u00e1rio, \u00e9 preciso que seja comprovada a absoluta incompatibilidade entre os hor\u00e1rios.<\/p>\n<p style=\"text-align: justify;\">\u201cQueremos garantir que a popula\u00e7\u00e3o possa acompanhar a transmiss\u00e3o de conte\u00fados excepcionais. Ao mesmo tempo, tamb\u00e9m atendemos os radiodifusores que t\u00eam interesse na transmiss\u00e3o desses eventos\u201d, destacou o secret\u00e1rio de Radiodifus\u00e3o do MCom, Maximiliano Martinh\u00e3o. Clique aqui para participar da consulta p\u00fablica.<\/p>\n<p style=\"text-align: justify;\">Vale ressaltar que as emissoras de r\u00e1dio continuam obrigadas a retransmitir, diariamente, o programa \u201cA Voz do Brasil\u201d no hor\u00e1rio entre \u00e0s 19h e \u00e0s 22h, exceto aos s\u00e1bados, domingos e feriados. O MCom j\u00e1 autoriza a flexibiliza\u00e7\u00e3o do hor\u00e1rio de retransmiss\u00e3o do programa no caso de jogos de futebol da Sele\u00e7\u00e3o Brasileira.<\/p>\n<p style=\"text-align: justify;\">De acordo com a Portaria 1.394\/2020, a flexibiliza\u00e7\u00e3o do hor\u00e1rio \u00e9 v\u00e1lida para as emissoras que desejarem retransmitir jogos com in\u00edcio marcado entre as 19h e 20h30, desde que o programa seja transmitido sem cortes, at\u00e9 23h do mesmo dia.<\/p>\n<p>&nbsp;<\/p>\n<p>&nbsp;<\/p>\n<p>&nbsp;<\/p>\n<p style=\"text-align: justify;\">Fonte: Com informa\u00e7\u00f5es do Minist\u00e9rio das Comunica\u00e7\u00f5es<\/p>\n<p style=\"text-align: justify;\">\n","protected":false},"excerpt":{"rendered":"<p>Bras\u00edlia &#8211; Sugest\u00f5es de datas e hor\u00e1rios para flexibiliza\u00e7\u00e3o ou&hellip;<\/p>\n<p> <a class=\"more-link\" href=\"https:\/\/sertsc.org.br\/site\/ministerio-das-comunicacoes-esta-recebendo-sugestoes-sobre-calendario-da-voz-do-brasil-para-2022\/\">Leia mais<\/a><\/p>\n","protected":false},"author":1,"featured_media":17189,"comment_status":"open","ping_status":"open","sticky":false,"template":"","format":"standard","meta":{"footnotes":""},"categories":[3],"tags":[],"class_list":{"0":"post-17188","1":"post","2":"type-post","3":"status-publish","4":"format-standard","5":"has-post-thumbnail","7":"category-noticias"},"_links":{"self":[{"href":"https:\/\/sertsc.org.br\/site\/wp-json\/wp\/v2\/posts\/17188","targetHints":{"allow":["GET"]}}],"collection":[{"href":"https:\/\/sertsc.org.br\/site\/wp-json\/wp\/v2\/posts"}],"about":[{"href":"https:\/\/sertsc.org.br\/site\/wp-json\/wp\/v2\/types\/post"}],"author":[{"embeddable":true,"href":"https:\/\/sertsc.org.br\/site\/wp-json\/wp\/v2\/users\/1"}],"replies":[{"embeddable":true,"href":"https:\/\/sertsc.org.br\/site\/wp-json\/wp\/v2\/comments?post=17188"}],"version-history":[{"count":0,"href":"https:\/\/sertsc.org.br\/site\/wp-json\/wp\/v2\/posts\/17188\/revisions"}],"wp:featuredmedia":[{"embeddable":true,"href":"https:\/\/sertsc.org.br\/site\/wp-json\/"}],"wp:attachment":[{"href":"https:\/\/sertsc.org.br\/site\/wp-json\/wp\/v2\/media?parent=17188"}],"wp:term":[{"taxonomy":"category","embeddable":true,"href":"https:\/\/sertsc.org.br\/site\/wp-json\/wp\/v2\/categories?post=17188"},{"taxonomy":"post_tag","embeddable":true,"href":"https:\/\/sertsc.org.br\/site\/wp-json\/wp\/v2\/tags?post=17188"}],"curies":[{"name":"wp","href":"https:\/\/api.w.org\/{rel}","templated":true}]}}