{"id":17146,"date":"2021-11-29T08:17:58","date_gmt":"2021-11-29T11:17:58","guid":{"rendered":"https:\/\/www.sertsc.org.br\/site\/?p=17146"},"modified":"2021-11-29T08:17:58","modified_gmt":"2021-11-29T11:17:58","slug":"abert-e-meta-fecham-parceria-e-lancam-programa-de-treinamento-e-fundos-para-emissoras-de-radio-e-tv","status":"publish","type":"post","link":"https:\/\/sertsc.org.br\/site\/abert-e-meta-fecham-parceria-e-lancam-programa-de-treinamento-e-fundos-para-emissoras-de-radio-e-tv\/","title":{"rendered":"ABERT e Meta fecham parceria e lan\u00e7am programa de treinamento e fundos para emissoras de r\u00e1dio e TV"},"content":{"rendered":"<p style=\"text-align: justify;\">A Associa\u00e7\u00e3o Brasileira de Emissoras de R\u00e1dio e Televis\u00e3o (ABERT) \u00e9 a nova parceira da Meta e desenvolver\u00e1 uma edi\u00e7\u00e3o do &#8220;Acelerando a Transforma\u00e7\u00e3o Digital&#8221;, programa de treinamento, mentoria e fundos de inova\u00e7\u00e3o que visa ajudar as organiza\u00e7\u00f5es de not\u00edcias do Brasil. A parceria \u00e9 parte do investimento da Meta no pa\u00eds de mais de US$ 2,6 milh\u00f5es divulgado em setembro, em programas desenvolvidos em colabora\u00e7\u00e3o com associa\u00e7\u00f5es de imprensa, que representam hoje mais de 3.000 ve\u00edculos no pa\u00eds.<\/p>\n<p style=\"text-align: justify;\">\u201cA chegada da ABERT como parceira expande o nosso apoio \u00e0s organiza\u00e7\u00f5es de not\u00edcias no Brasil. Nosso compromisso \u00e9 desenvolver programas, treinamentos e iniciativas que atendam ve\u00edculos de diferentes tamanhos, formatos e regi\u00f5es de todo o pa\u00eds. S\u00e3o milhares de associados que ser\u00e3o impactados a partir do ano que vem&#8221;, afirma a diretora de Parcerias de Not\u00edcias do Facebook para a Am\u00e9rica Latina, Claudia Gurfinkel.<\/p>\n<p style=\"text-align: justify;\">Ao lado do Centro Internacional para Jornalistas (ICFJ, na sigla em ingl\u00eas), o Meta Journalism Project tem trabalhado com diversas associa\u00e7\u00f5es de imprensa no Brasil para promover a transforma\u00e7\u00e3o digital, construir modelos de neg\u00f3cios sustent\u00e1veis \u2013 dentro e fora do Facebook \u2013, desenvolver novos p\u00fablicos e fortalecer sua cobertura em todo o pa\u00eds. Al\u00e9m da ABERT, a Associa\u00e7\u00e3o de Jornalismo Digital (Ajor), a Associa\u00e7\u00e3o Nacional de Editores de Revistas (ANER), a Associa\u00e7\u00e3o Nacional de Jornais (ANJ) e a Associa\u00e7\u00e3o Brasileira de Jornalismo Investigativo (Abraji) tamb\u00e9m integram a parceria.<\/p>\n<p style=\"text-align: justify;\">\u201cA parceria entre a Meta e a ABERT \u00e9 um importante incentivo ao jornalismo profissional e ao combate \u00e0 desinforma\u00e7\u00e3o. Milhares de emissoras de r\u00e1dio e televis\u00e3o, de todas as dimens\u00f5es, ter\u00e3o acesso a um conte\u00fado de transforma\u00e7\u00e3o digital. A miss\u00e3o do jornalismo profissional, seja por meio da radiodifus\u00e3o ou por suas extens\u00f5es na internet, \u00e9 a de levar informa\u00e7\u00e3o, apurada e certificada, \u00e0 sociedade brasileira. \u00c9 importante que todos estejam preparados para esse ambiente de converg\u00eancia tecnol\u00f3gica. A iniciativa atende a essa finalidade e, por isso, deve ser celebrada\u201d, afirma o presidente da ABERT, Fl\u00e1vio Lara Resende.<\/p>\n<p style=\"text-align: justify;\">A edi\u00e7\u00e3o do &#8220;Acelerando a Transforma\u00e7\u00e3o Digital&#8221; focada em emissoras de r\u00e1dio e televis\u00e3o j\u00e1 est\u00e1 aberta para inscri\u00e7\u00f5es,\u00a0<a href=\"https:\/\/www.icfj.org\/our-work\/inscricoes-abertas-para-o-programa-acelerando-transformacao-digital-radio-tv?utm_term=ABERT+Informa+-+ABERT+e+Meta+fecham+parceria+e+lancam+programa+de+treinamento+e+fundos+para+emissoras+de+radio+e+televisao&amp;utm_campaign=Diretoria+de+Assuntos+Legais&amp;utm_source=e-goi&amp;utm_medium=email\" target=\"_blank\" rel=\"noopener noreferrer\" data-saferedirecturl=\"https:\/\/www.google.com\/url?q=https:\/\/mkt.abert.org.br\/go\/51882-b4eb05d7b3-2b73d-7adc2f25fa37656b3be22a5cd5c4aejewZheZOP7e14xe8Bg4x&amp;source=gmail&amp;ust=1637867915093000&amp;usg=AOvVaw02_K0qHLIR9pgHaT8oyO2n\"><u><span style=\"color: #0000ff;\">AQUI<\/span><\/u><\/a>.<\/p>\n<p style=\"text-align: justify;\">Com in\u00edcio em 2022, o programa conta com duas fases e ter\u00e1 in\u00edcio com uma s\u00e9rie de treinamentos virtuais com especialistas internacionais em m\u00eddia. Entre os t\u00f3picos abordados est\u00e3o monetiza\u00e7\u00e3o, melhores pr\u00e1ticas para distribui\u00e7\u00e3o de conte\u00fado, audi\u00eancia, cultura de dados e novos formatos de produ\u00e7\u00e3o.<\/p>\n<p style=\"text-align: justify;\">Ap\u00f3s a conclus\u00e3o do treinamento, os participantes tamb\u00e9m poder\u00e3o se inscrever para a segunda etapa do programa, que incluir\u00e1 sess\u00f5es de mentoria e fundos de inova\u00e7\u00e3o de at\u00e9 US$15 mil para apoiar os participantes selecionados no desenvolvimento de projetos, produtos ou em melhorias de processos.<\/p>\n<p style=\"text-align: justify;\">Para receber not\u00edcias, treinamentos e oportunidades de programas para organiza\u00e7\u00f5es de not\u00edcias, inscreva-se na newsletter do Meta Journalism Project,\u00a0<u><a href=\"https:\/\/newsletterbr.splashthat.com\/?utm_term=ABERT+Informa+-+ABERT+e+Meta+fecham+parceria+e+lancam+programa+de+treinamento+e+fundos+para+emissoras+de+radio+e+televisao&amp;utm_campaign=Diretoria+de+Assuntos+Legais&amp;utm_source=e-goi&amp;utm_medium=email\" target=\"_blank\" rel=\"noopener noreferrer\" data-saferedirecturl=\"https:\/\/www.google.com\/url?q=https:\/\/mkt.abert.org.br\/go\/51882-b4eb05d7b3-2b73d-7adc2f25fa37656b3be22a5cd5c4aejewZheZOP7e14xe8Bg4y&amp;source=gmail&amp;ust=1637867915093000&amp;usg=AOvVaw2UKiiiujFrtcqK7LMSzHdp\"><span style=\"color: #0000ff;\">AQUI<\/span><\/a><span style=\"color: #9c00ff;\">.<\/span><\/u><\/p>\n<p style=\"text-align: justify;\">Fonte: ABERT<\/p>\n","protected":false},"excerpt":{"rendered":"<p>A Associa\u00e7\u00e3o Brasileira de Emissoras de R\u00e1dio e Televis\u00e3o (ABERT)&hellip;<\/p>\n<p> <a class=\"more-link\" href=\"https:\/\/sertsc.org.br\/site\/abert-e-meta-fecham-parceria-e-lancam-programa-de-treinamento-e-fundos-para-emissoras-de-radio-e-tv\/\">Leia mais<\/a><\/p>\n","protected":false},"author":1,"featured_media":17149,"comment_status":"open","ping_status":"open","sticky":false,"template":"","format":"standard","meta":{"footnotes":""},"categories":[33,3],"tags":[],"class_list":{"0":"post-17146","1":"post","2":"type-post","3":"status-publish","4":"format-standard","5":"has-post-thumbnail","7":"category-destaques","8":"category-noticias"},"_links":{"self":[{"href":"https:\/\/sertsc.org.br\/site\/wp-json\/wp\/v2\/posts\/17146","targetHints":{"allow":["GET"]}}],"collection":[{"href":"https:\/\/sertsc.org.br\/site\/wp-json\/wp\/v2\/posts"}],"about":[{"href":"https:\/\/sertsc.org.br\/site\/wp-json\/wp\/v2\/types\/post"}],"author":[{"embeddable":true,"href":"https:\/\/sertsc.org.br\/site\/wp-json\/wp\/v2\/users\/1"}],"replies":[{"embeddable":true,"href":"https:\/\/sertsc.org.br\/site\/wp-json\/wp\/v2\/comments?post=17146"}],"version-history":[{"count":0,"href":"https:\/\/sertsc.org.br\/site\/wp-json\/wp\/v2\/posts\/17146\/revisions"}],"wp:featuredmedia":[{"embeddable":true,"href":"https:\/\/sertsc.org.br\/site\/wp-json\/"}],"wp:attachment":[{"href":"https:\/\/sertsc.org.br\/site\/wp-json\/wp\/v2\/media?parent=17146"}],"wp:term":[{"taxonomy":"category","embeddable":true,"href":"https:\/\/sertsc.org.br\/site\/wp-json\/wp\/v2\/categories?post=17146"},{"taxonomy":"post_tag","embeddable":true,"href":"https:\/\/sertsc.org.br\/site\/wp-json\/wp\/v2\/tags?post=17146"}],"curies":[{"name":"wp","href":"https:\/\/api.w.org\/{rel}","templated":true}]}}