{"id":17141,"date":"2021-11-26T10:07:29","date_gmt":"2021-11-26T13:07:29","guid":{"rendered":"https:\/\/www.sertsc.org.br\/site\/?p=17141"},"modified":"2021-11-26T10:07:29","modified_gmt":"2021-11-26T13:07:29","slug":"voz-do-brasil-aberta-consulta-publica-para-calendario-de-2022","status":"publish","type":"post","link":"https:\/\/sertsc.org.br\/site\/voz-do-brasil-aberta-consulta-publica-para-calendario-de-2022\/","title":{"rendered":"Voz do Brasil: aberta consulta p\u00fablica para calend\u00e1rio de 2022"},"content":{"rendered":"<p style=\"text-align: justify;\">As sugest\u00f5es devem ser encaminhadas at\u00e9 o dia 22 de dezembro pela plataforma Participa + Brasil<br \/>\nO Minist\u00e9rio das Comunica\u00e7\u00f5es (MCom) publicou, nesta segunda-feira (22), o aviso de Consulta P\u00fablica n\u00ba 4\/2021 para receber contribui\u00e7\u00f5es \u00e0 proposta de elabora\u00e7\u00e3o do calend\u00e1rio de flexibiliza\u00e7\u00e3o ou dispensa do hor\u00e1rio de retransmiss\u00e3o do programa A Voz do Brasil em 2022.<\/p>\n<p style=\"text-align: justify;\">As sugest\u00f5es dever\u00e3o indicar datas e hor\u00e1rios para flexibiliza\u00e7\u00e3o ou dispensa da retransmiss\u00e3o; a abrang\u00eancia \u2013 se nacional, estadual, distrital ou municipal \u2013 da flexibiliza\u00e7\u00e3o ou dispensa; o excepcional interesse p\u00fablico na divulga\u00e7\u00e3o de eventos, manifesta\u00e7\u00f5es ou acontecimentos de grande apelo ou repercuss\u00e3o p\u00fablica nacional, estadual, distrital ou municipal; e a absoluta incompatibilidade com os hor\u00e1rios originais para retransmiss\u00e3o do programa.<\/p>\n<p style=\"text-align: justify;\">Todos os requisitos dever\u00e3o estar presentes e devidamente demostrados na contribui\u00e7\u00e3o para que os casos indicados passem a incorporar o calend\u00e1rio de flexibiliza\u00e7\u00e3o e dispensa da Voz do Brasil no pr\u00f3ximo ano.<\/p>\n<p style=\"text-align: justify;\">As sugest\u00f5es devem ser encaminhadas at\u00e9 o dia 22 de dezembro pela plataforma Participa + Brasil <a href=\"https:\/\/www.gov.br\/participamaisbrasil\/calendario-de-flexibilizacao-e-dispensa-da-obrigacao-de-retransmitir-a-voz-do-brasil-2022?utm_term=ABERT+Informa+-+Voz+do+Brasil%3A+aberta+consulta+publica+para+calendario+de+2022&amp;utm_campaign=PDF+Whatsapp&amp;utm_source=e-goi&amp;utm_medium=email\">(clique aqui).<\/a><\/p>\n<p style=\"text-align: justify;\">Fonte: Abert<\/p>\n","protected":false},"excerpt":{"rendered":"<p>As sugest\u00f5es devem ser encaminhadas at\u00e9 o dia 22 de&hellip;<\/p>\n<p> <a class=\"more-link\" href=\"https:\/\/sertsc.org.br\/site\/voz-do-brasil-aberta-consulta-publica-para-calendario-de-2022\/\">Leia mais<\/a><\/p>\n","protected":false},"author":1,"featured_media":17142,"comment_status":"open","ping_status":"open","sticky":false,"template":"","format":"standard","meta":{"footnotes":""},"categories":[3],"tags":[],"class_list":{"0":"post-17141","1":"post","2":"type-post","3":"status-publish","4":"format-standard","5":"has-post-thumbnail","7":"category-noticias"},"_links":{"self":[{"href":"https:\/\/sertsc.org.br\/site\/wp-json\/wp\/v2\/posts\/17141","targetHints":{"allow":["GET"]}}],"collection":[{"href":"https:\/\/sertsc.org.br\/site\/wp-json\/wp\/v2\/posts"}],"about":[{"href":"https:\/\/sertsc.org.br\/site\/wp-json\/wp\/v2\/types\/post"}],"author":[{"embeddable":true,"href":"https:\/\/sertsc.org.br\/site\/wp-json\/wp\/v2\/users\/1"}],"replies":[{"embeddable":true,"href":"https:\/\/sertsc.org.br\/site\/wp-json\/wp\/v2\/comments?post=17141"}],"version-history":[{"count":0,"href":"https:\/\/sertsc.org.br\/site\/wp-json\/wp\/v2\/posts\/17141\/revisions"}],"wp:featuredmedia":[{"embeddable":true,"href":"https:\/\/sertsc.org.br\/site\/wp-json\/"}],"wp:attachment":[{"href":"https:\/\/sertsc.org.br\/site\/wp-json\/wp\/v2\/media?parent=17141"}],"wp:term":[{"taxonomy":"category","embeddable":true,"href":"https:\/\/sertsc.org.br\/site\/wp-json\/wp\/v2\/categories?post=17141"},{"taxonomy":"post_tag","embeddable":true,"href":"https:\/\/sertsc.org.br\/site\/wp-json\/wp\/v2\/tags?post=17141"}],"curies":[{"name":"wp","href":"https:\/\/api.w.org\/{rel}","templated":true}]}}