{"id":16981,"date":"2021-11-03T08:47:09","date_gmt":"2021-11-03T11:47:09","guid":{"rendered":"https:\/\/www.sertsc.org.br\/site\/?p=16981"},"modified":"2021-11-03T08:47:09","modified_gmt":"2021-11-03T11:47:09","slug":"anpd-aprova-regulamento-sobre-processo-de-fiscalizacao-e-aplicacao-de-sancoes","status":"publish","type":"post","link":"https:\/\/sertsc.org.br\/site\/anpd-aprova-regulamento-sobre-processo-de-fiscalizacao-e-aplicacao-de-sancoes\/","title":{"rendered":"ANPD aprova regulamento sobre processo de fiscaliza\u00e7\u00e3o e aplica\u00e7\u00e3o de san\u00e7\u00f5es"},"content":{"rendered":"<div class=\"itemBody\">\n<div class=\"itemFullText\">\n<p style=\"text-align: justify;\">O Conselho Diretor da Autoridade Nacional de Prote\u00e7\u00e3o de Dados (ANPD) publicou, nesta sexta-feira (29), a Resolu\u00e7\u00e3o CD\/ANPD n\u00ba 1, que aprova o Regulamento do Processo de Fiscaliza\u00e7\u00e3o e do Processo Administrativo Sancionador.<\/p>\n<p style=\"text-align: justify;\">O regulamento tem por objetivo estabelecer os procedimentos inerentes ao processo de fiscaliza\u00e7\u00e3o e as regras a serem observadas na aplica\u00e7\u00e3o de san\u00e7\u00f5es pela ANPD.<\/p>\n<p style=\"text-align: justify;\">De acordo com a diretora Miriam Wimmer, \u201co regulamento \u00e9 um est\u00edmulo \u00e0 promo\u00e7\u00e3o da cultura de prote\u00e7\u00e3o de dados pessoais, uma vez que prev\u00ea uma atua\u00e7\u00e3o responsiva, com a ado\u00e7\u00e3o de medidas proporcionais ao risco identificado e \u00e0 postura dos agentes regulados\u201d.<\/p>\n<p style=\"text-align: justify;\">A resolu\u00e7\u00e3o se aplica aos titulares de dados, aos agentes de tratamento, pessoas naturais ou jur\u00eddicas, de direito p\u00fablico ou privado e demais interessados no tratamento de dados pessoais.<\/p>\n<p style=\"text-align: justify;\">Com a publica\u00e7\u00e3o, a nova norma j\u00e1 est\u00e1 em vigor e o primeiro ciclo de monitoramento pela ANPD ter\u00e1 in\u00edcio em janeiro de 2022. A \u00edntegra da resolu\u00e7\u00e3o pode ser acessada\u00a0<a href=\"https:\/\/www.in.gov.br\/en\/web\/dou\/-\/resolucao-cd\/anpd-n-1-de-28-de-outubro-de-2021-355817513\">AQUI<\/a><\/p>\n<p style=\"text-align: justify;\">Para auxiliar as emissoras de r\u00e1dio e TV, a ABERT preparou uma cartilha com orienta\u00e7\u00f5es, informa\u00e7\u00f5es e documentos sobre a Lei Geral de Prote\u00e7\u00e3o de Dados (LGPD).\u00a0<a href=\"https:\/\/www.abert.org.br\/web\/cartilhalgpd\">AQUI<\/a><\/p>\n<\/div>\n<div class=\"clr\" style=\"text-align: justify;\"><\/div>\n<div class=\"clr\" style=\"text-align: justify;\"><\/div>\n<\/div>\n<div class=\"itemLinks\" style=\"text-align: justify;\">\n<div class=\"clr\"><\/div>\n<\/div>\n<div class=\"clr\" style=\"text-align: justify;\">Fonte: ABERT<\/div>\n","protected":false},"excerpt":{"rendered":"<p>O Conselho Diretor da Autoridade Nacional de Prote\u00e7\u00e3o de Dados&hellip;<\/p>\n<p> <a class=\"more-link\" href=\"https:\/\/sertsc.org.br\/site\/anpd-aprova-regulamento-sobre-processo-de-fiscalizacao-e-aplicacao-de-sancoes\/\">Leia mais<\/a><\/p>\n","protected":false},"author":1,"featured_media":16982,"comment_status":"open","ping_status":"open","sticky":false,"template":"","format":"standard","meta":{"footnotes":""},"categories":[3],"tags":[],"class_list":{"0":"post-16981","1":"post","2":"type-post","3":"status-publish","4":"format-standard","5":"has-post-thumbnail","7":"category-noticias"},"_links":{"self":[{"href":"https:\/\/sertsc.org.br\/site\/wp-json\/wp\/v2\/posts\/16981","targetHints":{"allow":["GET"]}}],"collection":[{"href":"https:\/\/sertsc.org.br\/site\/wp-json\/wp\/v2\/posts"}],"about":[{"href":"https:\/\/sertsc.org.br\/site\/wp-json\/wp\/v2\/types\/post"}],"author":[{"embeddable":true,"href":"https:\/\/sertsc.org.br\/site\/wp-json\/wp\/v2\/users\/1"}],"replies":[{"embeddable":true,"href":"https:\/\/sertsc.org.br\/site\/wp-json\/wp\/v2\/comments?post=16981"}],"version-history":[{"count":0,"href":"https:\/\/sertsc.org.br\/site\/wp-json\/wp\/v2\/posts\/16981\/revisions"}],"wp:featuredmedia":[{"embeddable":true,"href":"https:\/\/sertsc.org.br\/site\/wp-json\/"}],"wp:attachment":[{"href":"https:\/\/sertsc.org.br\/site\/wp-json\/wp\/v2\/media?parent=16981"}],"wp:term":[{"taxonomy":"category","embeddable":true,"href":"https:\/\/sertsc.org.br\/site\/wp-json\/wp\/v2\/categories?post=16981"},{"taxonomy":"post_tag","embeddable":true,"href":"https:\/\/sertsc.org.br\/site\/wp-json\/wp\/v2\/tags?post=16981"}],"curies":[{"name":"wp","href":"https:\/\/api.w.org\/{rel}","templated":true}]}}