{"id":16961,"date":"2021-11-01T08:45:00","date_gmt":"2021-11-01T11:45:00","guid":{"rendered":"https:\/\/www.sertsc.org.br\/site\/?p=16961"},"modified":"2021-11-01T08:45:00","modified_gmt":"2021-11-01T11:45:00","slug":"sert-sc-lanca-novo-curso-no-dia-11-de-novembro","status":"publish","type":"post","link":"https:\/\/sertsc.org.br\/site\/sert-sc-lanca-novo-curso-no-dia-11-de-novembro\/","title":{"rendered":"SERT\/SC lan\u00e7a novo curso no dia 11 de novembro"},"content":{"rendered":"<p>Mais um novo curso ser\u00e1 lan\u00e7ado pela Universidade Corporativa SERT\/SC: Abordagens de Vendas para R\u00e1dio. O objetivo \u00e9 aprimorar o desempenho dos contatos comerciais das emissoras, otimizando a intera\u00e7\u00e3o com o cliente. Ser\u00e3o ensinadas t\u00e9cnicas de abordagem mais assertivas, buscando uma performance superior e, por consequ\u00eancia, maior motiva\u00e7\u00e3o para alcan\u00e7ar os objetivos tra\u00e7ados.<\/p>\n<p>A consultora e professora Kelly Costa foi quem desenvolveu todo o conte\u00fado, que foi dividido em sete blocos. Escuta ativa, fechamento, gatilhos mentais, negocia\u00e7\u00e3o, prospec\u00e7\u00e3o e venda consultiva s\u00e3o alguns dos t\u00f3picos abordados. Tudo \u00e9 tratado visando a aplica\u00e7\u00e3o pr\u00e1tica, de forma a incentivar a emissora e seus profissionais a mudarem a forma como geram resultados.<\/p>\n<p>O curso de Abordagens de Vendas para R\u00e1dio estar\u00e1 dispon\u00edvel na Universidade Corporativa SERT\/SC a partir do dia 11 de novembro de 2021. As aulas estar\u00e3o dispon\u00edveis gratuitamente para as emissoras filiadas ao SERT\/SC que estiverem em dia com as suas mensalidades. Para saber mais, entre em contato com a equipe do sindicato ou acesse o site sertsc.org.br\/cursos<\/p>\n<div style=\"width: 720px;\" class=\"wp-video\"><video class=\"wp-video-shortcode\" id=\"video-16961-1\" width=\"720\" height=\"720\" preload=\"metadata\" controls=\"controls\"><source type=\"video\/mp4\" src=\"https:\/\/www.sertsc.org.br\/site\/wp-content\/uploads\/2021\/11\/WhatsApp-Video-2021-11-01-at-08.19.12.mp4?_=1\" \/><a href=\"https:\/\/www.sertsc.org.br\/site\/wp-content\/uploads\/2021\/11\/WhatsApp-Video-2021-11-01-at-08.19.12.mp4\">https:\/\/www.sertsc.org.br\/site\/wp-content\/uploads\/2021\/11\/WhatsApp-Video-2021-11-01-at-08.19.12.mp4<\/a><\/video><\/div>\n","protected":false},"excerpt":{"rendered":"<p>Mais um novo curso ser\u00e1 lan\u00e7ado pela Universidade Corporativa SERT\/SC:&hellip;<\/p>\n<p> <a class=\"more-link\" href=\"https:\/\/sertsc.org.br\/site\/sert-sc-lanca-novo-curso-no-dia-11-de-novembro\/\">Leia mais<\/a><\/p>\n","protected":false},"author":1,"featured_media":16969,"comment_status":"open","ping_status":"open","sticky":false,"template":"","format":"standard","meta":{"footnotes":""},"categories":[33,3],"tags":[],"class_list":{"0":"post-16961","1":"post","2":"type-post","3":"status-publish","4":"format-standard","5":"has-post-thumbnail","7":"category-destaques","8":"category-noticias"},"_links":{"self":[{"href":"https:\/\/sertsc.org.br\/site\/wp-json\/wp\/v2\/posts\/16961","targetHints":{"allow":["GET"]}}],"collection":[{"href":"https:\/\/sertsc.org.br\/site\/wp-json\/wp\/v2\/posts"}],"about":[{"href":"https:\/\/sertsc.org.br\/site\/wp-json\/wp\/v2\/types\/post"}],"author":[{"embeddable":true,"href":"https:\/\/sertsc.org.br\/site\/wp-json\/wp\/v2\/users\/1"}],"replies":[{"embeddable":true,"href":"https:\/\/sertsc.org.br\/site\/wp-json\/wp\/v2\/comments?post=16961"}],"version-history":[{"count":0,"href":"https:\/\/sertsc.org.br\/site\/wp-json\/wp\/v2\/posts\/16961\/revisions"}],"wp:featuredmedia":[{"embeddable":true,"href":"https:\/\/sertsc.org.br\/site\/wp-json\/"}],"wp:attachment":[{"href":"https:\/\/sertsc.org.br\/site\/wp-json\/wp\/v2\/media?parent=16961"}],"wp:term":[{"taxonomy":"category","embeddable":true,"href":"https:\/\/sertsc.org.br\/site\/wp-json\/wp\/v2\/categories?post=16961"},{"taxonomy":"post_tag","embeddable":true,"href":"https:\/\/sertsc.org.br\/site\/wp-json\/wp\/v2\/tags?post=16961"}],"curies":[{"name":"wp","href":"https:\/\/api.w.org\/{rel}","templated":true}]}}