{"id":16927,"date":"2021-10-29T11:12:13","date_gmt":"2021-10-29T14:12:13","guid":{"rendered":"https:\/\/www.sertsc.org.br\/site\/?p=16927"},"modified":"2021-10-29T11:12:13","modified_gmt":"2021-10-29T14:12:13","slug":"comitiva-da-acaert-e-sert-sc-visita-radiodifusores-do-oeste-catarinense","status":"publish","type":"post","link":"https:\/\/sertsc.org.br\/site\/comitiva-da-acaert-e-sert-sc-visita-radiodifusores-do-oeste-catarinense\/","title":{"rendered":"Comitiva da ACAERT e SERT\/SC visita radiodifusores do Oeste catarinense"},"content":{"rendered":"<p style=\"text-align: justify;\">Na manh\u00e3 de ontem (28\/10), um grupo de dirigentes da ACAERT e do SERT\/SC visitou emissoras associadas na regi\u00e3o Oeste de Santa Catarina. Fizeram parte da comitiva o vice-presidente de T\u00e9cnicas e Normas da ACAERT, Rodrigo Nardino, o diretor executivo da ACAERT, Alexandre Dam\u00e1sio, a diretora da RCA, Liza Rocha, a presidente do SERT\/SC, Ana Paula Melo, e o vice-presidente regional da ACAERT<\/p>\n<p><img fetchpriority=\"high\" decoding=\"async\" class=\"alignnone size-medium wp-image-16934\" src=\"https:\/\/www.sertsc.org.br\/site\/wp-content\/uploads\/2021\/10\/WhatsApp-Image-2021-10-28-at-20.06.33-1-300x196.jpeg\" alt=\"\" width=\"300\" height=\"196\" \/><br \/>\nNa foto acima: (da esq. p\/direita) &#8211; Cleverson Castanho (dir. R\u00e1dio Tropical), Liza Rocha (dir. RCA), Alexandre Dam\u00e1sio (dir. Executivo ACAERT), Ana Paula Melo (pres. SERT\/SC e vp Regional ACAERT) e Rodrigo Nardino (vp. T\u00e9cnicas e Normas ACAERT)<\/p>\n<p style=\"text-align: justify;\"><img decoding=\"async\" class=\"alignnone size-medium wp-image-16932\" src=\"https:\/\/www.sertsc.org.br\/site\/wp-content\/uploads\/2021\/10\/WhatsApp-Image-2021-10-28-at-20.06.50-300x169.jpeg\" alt=\"\" width=\"300\" height=\"169\" \/><br \/>\n(da esq. p\/direita) &#8211; Dr. Cristiano Valdameri, Inga Peiter, Glione Peiter, Rodrigo Nardino, Ana Paula Melo, Pedro Peiter (R\u00e1dio Entre Rios), Liza Rocha e Alexandre Dam\u00e1sio<\/p>\n<p><img decoding=\"async\" class=\"alignnone size-medium wp-image-16931\" src=\"https:\/\/www.sertsc.org.br\/site\/wp-content\/uploads\/2021\/10\/WhatsApp-Image-2021-10-28-at-20.07.11-300x169.jpeg\" alt=\"\" width=\"300\" height=\"169\" \/><br \/>\n(da esq. p\/direita) &#8211; Gabriel Gandolfi (Grupo Nossa R\u00e1dio), Mauro Pereira, Glaucia Gandolfi, Luciane Santori, Ana Paula Melo, Rodrigo Nardino, Liza Rocha e Alexandre Dam\u00e1sio<\/p>\n<p><img loading=\"lazy\" decoding=\"async\" class=\"alignnone size-medium wp-image-16930\" src=\"https:\/\/www.sertsc.org.br\/site\/wp-content\/uploads\/2021\/10\/WhatsApp-Image-2021-10-28-at-20.07.49-300x169.jpeg\" alt=\"\" width=\"300\" height=\"169\" \/><br \/>\nNa foto acima: (da esq. p\/direita) \u2013 Alexandre Dam\u00e1sio, Rodrigo Nardino, Ana Paula Melo, Liza Rocha e Elis\u00e2ngela Schaffazick, da Rede Vale de Comunica\u00e7\u00f5es<\/p>\n<p><img loading=\"lazy\" decoding=\"async\" class=\"alignnone size-medium wp-image-16928\" src=\"https:\/\/www.sertsc.org.br\/site\/wp-content\/uploads\/2021\/10\/WhatsApp-Image-2021-10-28-at-20.08.05-1-300x169.jpeg\" alt=\"\" width=\"300\" height=\"169\" \/><br \/>\nDeisi Cassol, diretora Geral da Nova FM, de Pinhalzinho, (quarta da direita) junto com a equipe da emissora recebe comitiva. A r\u00e1dio faz parte do grupo WH Comunica\u00e7\u00f5es<\/p>\n<p>&nbsp;<\/p>\n<p>&nbsp;<\/p>\n<p>Fonte: Acaert<\/p>\n","protected":false},"excerpt":{"rendered":"<p>Na manh\u00e3 de ontem (28\/10), um grupo de dirigentes da&hellip;<\/p>\n<p> <a class=\"more-link\" href=\"https:\/\/sertsc.org.br\/site\/comitiva-da-acaert-e-sert-sc-visita-radiodifusores-do-oeste-catarinense\/\">Leia mais<\/a><\/p>\n","protected":false},"author":1,"featured_media":16934,"comment_status":"open","ping_status":"open","sticky":false,"template":"","format":"standard","meta":{"footnotes":""},"categories":[3],"tags":[],"class_list":{"0":"post-16927","1":"post","2":"type-post","3":"status-publish","4":"format-standard","5":"has-post-thumbnail","7":"category-noticias"},"_links":{"self":[{"href":"https:\/\/sertsc.org.br\/site\/wp-json\/wp\/v2\/posts\/16927","targetHints":{"allow":["GET"]}}],"collection":[{"href":"https:\/\/sertsc.org.br\/site\/wp-json\/wp\/v2\/posts"}],"about":[{"href":"https:\/\/sertsc.org.br\/site\/wp-json\/wp\/v2\/types\/post"}],"author":[{"embeddable":true,"href":"https:\/\/sertsc.org.br\/site\/wp-json\/wp\/v2\/users\/1"}],"replies":[{"embeddable":true,"href":"https:\/\/sertsc.org.br\/site\/wp-json\/wp\/v2\/comments?post=16927"}],"version-history":[{"count":0,"href":"https:\/\/sertsc.org.br\/site\/wp-json\/wp\/v2\/posts\/16927\/revisions"}],"wp:featuredmedia":[{"embeddable":true,"href":"https:\/\/sertsc.org.br\/site\/wp-json\/"}],"wp:attachment":[{"href":"https:\/\/sertsc.org.br\/site\/wp-json\/wp\/v2\/media?parent=16927"}],"wp:term":[{"taxonomy":"category","embeddable":true,"href":"https:\/\/sertsc.org.br\/site\/wp-json\/wp\/v2\/categories?post=16927"},{"taxonomy":"post_tag","embeddable":true,"href":"https:\/\/sertsc.org.br\/site\/wp-json\/wp\/v2\/tags?post=16927"}],"curies":[{"name":"wp","href":"https:\/\/api.w.org\/{rel}","templated":true}]}}