{"id":16913,"date":"2021-10-28T08:33:05","date_gmt":"2021-10-28T11:33:05","guid":{"rendered":"https:\/\/www.sertsc.org.br\/site\/?p=16913"},"modified":"2021-10-28T08:33:05","modified_gmt":"2021-10-28T11:33:05","slug":"o-peso-dos-blogs-e-a-migracao-para-hubs-de-conteudo","status":"publish","type":"post","link":"https:\/\/sertsc.org.br\/site\/o-peso-dos-blogs-e-a-migracao-para-hubs-de-conteudo\/","title":{"rendered":"O peso dos blogs e a migra\u00e7\u00e3o para hubs de conte\u00fado"},"content":{"rendered":"<p style=\"text-align: justify;\">Vivemos o boom dos podcasts. At\u00e9 ve\u00edculos tradicionais abra\u00e7aram o formato. A ado\u00e7\u00e3o de podcasts por grupos tradicionais de comunica\u00e7\u00e3o como a Globo d\u00e3o ares de modernidade para algo que est\u00e1 dispon\u00edvel desde 2004, quando foi criado o primeiro programa em \u00e1udio da web. Os blogs v\u00eam de 10 anos antes, de 1994.<\/p>\n<p style=\"text-align: justify;\">Ah! Temos ainda os v\u00eddeos, popularizados pela facilidade do YouTube, este lan\u00e7ado em fevereiro de 2005. S\u00f3 que videologs s\u00e3o anteriores ao surgimento da rede de compartilhamento de v\u00eddeos. O primeiro vlog surgiu em 2000, cinco anos antes da plataforma.<\/p>\n<p style=\"text-align: justify;\">Agora, as pessoas ainda leem blogs? Sim!<\/p>\n<p style=\"text-align: justify;\">Talvez ele n\u00e3o tenha o poder que j\u00e1 possuiu. Em uma an\u00e1lise no google trends, vemos que o auge da busca por blogs no Brasil aconteceu em 2011, mesmo assim, a procura por vlogs ou podcasts \u00e9 infinitamente menor. Sem falar que muitos podcasts, hoje, s\u00e3o gravados em v\u00eddeo e disponibilizados no YouTube, al\u00e9m das plataformas de \u00e1udio como Spotify e Deezer.<\/p>\n<p style=\"text-align: justify;\">Se a busca por blogs \u00e9 maior do que a por podcasts, sabemos que eles ainda s\u00e3o bastante utilizados. Agora, blogs s\u00e3o muito empregados em marketing de conte\u00fado.<\/p>\n<p style=\"text-align: justify;\">Basicamente toda empresa tem, ou deveria ter, uma p\u00e1gina com publica\u00e7\u00f5es que interessem ao seu p\u00fablico. Isso evolui quando se assimila a ideia de se gerenciar um hub de conte\u00fado.<\/p>\n<p style=\"text-align: justify;\">Ao menos \u00e9 assim que compreendemos aqui na e21. S\u00f3 ter um blog com informa\u00e7\u00f5es que interessem o poss\u00edvel consumidor \u00e9 pouco para uma empresa e todo o seu potencial de gerar conte\u00fado e atrair seus consumidores.<\/p>\n<p style=\"text-align: justify;\">Vale destacar o que falamos neste post: &#8220;cada teclinha de um produto lan\u00e7ado, cada metodologia de sucesso aplicada num case, tudo significa um conjunto de conte\u00fado relevante para seu mercado e, por conseguinte, para a diferencia\u00e7\u00e3o da marca.&#8221; Quando a empresa compreende toda a sua potencialidade na produ\u00e7\u00e3o de conte\u00fado, os blogs se tornam pequenos para a divulga\u00e7\u00e3o de tantos materiais.<\/p>\n<p style=\"text-align: justify;\">Logo, ser\u00e1 necess\u00e1rio pensar grande e desenvolver a ideia de um hub de conte\u00fado. E isso nada mais \u00e9 que todos os esfor\u00e7os de comunica\u00e7\u00e3o direcionando o prospect para um mesmo local, geralmente o portal da empresa.<\/p>\n<p style=\"text-align: justify;\">\u00c9 para o hub que as redes sociais, os webinars, os e-mails, as landing pages, infogr\u00e1ficos, press releases, enfim, todos os esfor\u00e7os online ser\u00e3o apontados.<\/p>\n<p style=\"text-align: justify;\">Hub \u00e9 um centro de conte\u00fado. \u00c9 o broadcasting de cada marca.<\/p>\n<p style=\"text-align: justify;\">Est\u00e1 claro para a e21 que o blog segue sendo consumido. Mas vemos que as corpora\u00e7\u00f5es evolu\u00edram e precisam de um portal de not\u00edcias pr\u00f3prias, n\u00e3o apenas um espa\u00e7o para conversar com seu p\u00fablico, mas uma \u00e1rea onde todos os esfor\u00e7os de comunica\u00e7\u00e3o ir\u00e3o convergir para atrair e manter o p\u00fablico engajado, ligado na marca e participando de uma jornada (funil) de convers\u00e3o.<\/p>\n<p style=\"text-align: justify;\">\n<p style=\"text-align: justify;\">Fonte: Coletiva.Net<\/p>\n","protected":false},"excerpt":{"rendered":"<p>Vivemos o boom dos podcasts. At\u00e9 ve\u00edculos tradicionais abra\u00e7aram o&hellip;<\/p>\n<p> <a class=\"more-link\" href=\"https:\/\/sertsc.org.br\/site\/o-peso-dos-blogs-e-a-migracao-para-hubs-de-conteudo\/\">Leia mais<\/a><\/p>\n","protected":false},"author":1,"featured_media":16914,"comment_status":"open","ping_status":"open","sticky":false,"template":"","format":"standard","meta":{"footnotes":""},"categories":[3],"tags":[],"class_list":{"0":"post-16913","1":"post","2":"type-post","3":"status-publish","4":"format-standard","5":"has-post-thumbnail","7":"category-noticias"},"_links":{"self":[{"href":"https:\/\/sertsc.org.br\/site\/wp-json\/wp\/v2\/posts\/16913","targetHints":{"allow":["GET"]}}],"collection":[{"href":"https:\/\/sertsc.org.br\/site\/wp-json\/wp\/v2\/posts"}],"about":[{"href":"https:\/\/sertsc.org.br\/site\/wp-json\/wp\/v2\/types\/post"}],"author":[{"embeddable":true,"href":"https:\/\/sertsc.org.br\/site\/wp-json\/wp\/v2\/users\/1"}],"replies":[{"embeddable":true,"href":"https:\/\/sertsc.org.br\/site\/wp-json\/wp\/v2\/comments?post=16913"}],"version-history":[{"count":0,"href":"https:\/\/sertsc.org.br\/site\/wp-json\/wp\/v2\/posts\/16913\/revisions"}],"wp:featuredmedia":[{"embeddable":true,"href":"https:\/\/sertsc.org.br\/site\/wp-json\/"}],"wp:attachment":[{"href":"https:\/\/sertsc.org.br\/site\/wp-json\/wp\/v2\/media?parent=16913"}],"wp:term":[{"taxonomy":"category","embeddable":true,"href":"https:\/\/sertsc.org.br\/site\/wp-json\/wp\/v2\/categories?post=16913"},{"taxonomy":"post_tag","embeddable":true,"href":"https:\/\/sertsc.org.br\/site\/wp-json\/wp\/v2\/tags?post=16913"}],"curies":[{"name":"wp","href":"https:\/\/api.w.org\/{rel}","templated":true}]}}