{"id":16907,"date":"2021-10-27T13:17:48","date_gmt":"2021-10-27T16:17:48","guid":{"rendered":"https:\/\/www.sertsc.org.br\/site\/?p=16907"},"modified":"2021-10-27T13:17:48","modified_gmt":"2021-10-27T16:17:48","slug":"em-relatorio-reino-unido-garante-fm-analogico-por-mais-uma-decada-e-indica-o-fim-do-am","status":"publish","type":"post","link":"https:\/\/sertsc.org.br\/site\/em-relatorio-reino-unido-garante-fm-analogico-por-mais-uma-decada-e-indica-o-fim-do-am\/","title":{"rendered":"Em relat\u00f3rio, Reino Unido garante FM anal\u00f3gico por mais uma d\u00e9cada e indica o fim do AM"},"content":{"rendered":"<p style=\"text-align: justify;\">O governo do Reino Unido lan\u00e7ou um relat\u00f3rio que aumenta ainda mais a repercuss\u00e3o sobre a transi\u00e7\u00e3o digital do r\u00e1dio brit\u00e2nico. No ano passado, conforme noticiado anteriormente pelo<strong>\u00a0tudoradio.com<\/strong>, o desligamento do FM anal\u00f3gico foi adiado novamente, agora previsto para 2032. Com isso,\u00a0<em><strong>o Reino Unido assegura que as transmiss\u00f5es em FM seguir\u00e3o ativas por mais uma d\u00e9cada,<\/strong><\/em>\u00a0impedindo o desligamento total dessa faixa. Por\u00e9m o AM poder\u00e1 n\u00e3o ter o mesmo caminho, ao contar apenas com menos de 3% de toda a escuta do r\u00e1dio ingl\u00eas.<\/p>\n<p style=\"text-align: justify;\">Para se ter uma ideia desse adiamento, o prazo inicial de desligamento do FM anal\u00f3gico era 2022, sendo adiado em v\u00e1rios momentos pelo \u00f3rg\u00e3o respons\u00e1vel pelo setor, o Ofcom, que no ano passado deu permiss\u00e3o para que as esta\u00e7\u00f5es sigam ativas no dial por mais 10 anos. Segundo o texto emitido pelo governo do Reino Unido, existe a possibilidade de que nenhuma esta\u00e7\u00e3o seja obrigada a manter a transmiss\u00e3o anal\u00f3gica ativa at\u00e9 l\u00e1 e \u00e9 considerada a possibilidade de obrigar que todos os receptores de r\u00e1dio adotem configura\u00e7\u00f5es digitais em 2023.<\/p>\n<p style=\"text-align: justify;\">Para os ouvintes acostumados com o AM, as previs\u00f5es do relat\u00f3rio brit\u00e2nico s\u00e3o menos otimistas: menos de 3% das escutas de r\u00e1dio s\u00e3o feitas por essa faixa e, segundo um gr\u00e1fico divulgado pelo estudo do governo do Reino Unido, \u00e9 estimada que a faixa n\u00e3o seja mais usada pelos ouvintes at\u00e9 2028, se mantida a tend\u00eancia de queda da audi\u00eancia nesse servi\u00e7o de radiofrequ\u00eancia.<\/p>\n<p style=\"text-align: justify;\">Julia Lopez, a ministra da m\u00eddia do Reino Unido, mencionou no relat\u00f3rio a relev\u00e2ncia do setor para a popula\u00e7\u00e3o. &#8220;<em><strong>O r\u00e1dio brit\u00e2nico<\/strong><\/em>\u00a0mostra alguns de nossos melhores talentos criativos e\u00a0<em><strong>desempenhou um papel vital na pandemia, levando not\u00edcias e entretenimento aos necessitados<\/strong><\/em>&#8220;. Ela completa afirmando que &#8220;devemos ter certeza de que este meio precioso continua a alcan\u00e7ar o p\u00fablico \u00e0 medida que a escuta muda para novas tecnologias e que temos uma transi\u00e7\u00e3o gradual do FM para proteger os ouvintes idosos e aqueles em \u00e1reas remotas&#8221;.<\/p>\n<p style=\"text-align: justify;\">De fato, a transi\u00e7\u00e3o digital no Reino Unido est\u00e1 mais lenta do que o esperado justamente por causa da popula\u00e7\u00e3o com faixas et\u00e1rias mais elevadas. Por isso\u00a0<strong><a href=\"https:\/\/tudoradio.com\/noticias\/ver\/26275-com-desligamento-do-fm-analogico-adiado-para-2032-reino-unido-volta-a-intensificar-campanhas-sobre-o-radio-digital\">a ind\u00fastria de r\u00e1dio ampliou os esfor\u00e7os para a populariza\u00e7\u00e3o do DAB + (radiofrequ\u00eancia) e streaming de \u00e1udio<\/a><\/strong>\u00a0com foco nessa parcela de ouvintes, atrav\u00e9s da campanha &#8220;Enigmas do R\u00e1dio Digital&#8217;, tendo como mensagem mensagem de que ouvir r\u00e1dio digital \u00e9 &#8216;menos enigm\u00e1tico e mais \u00f3bvio&#8217;.<\/p>\n<p style=\"text-align: justify;\" data-fetch=\"true\">\u00a0\u201cN\u00e3o teremos uma transi\u00e7\u00e3o digital at\u00e9 pelo menos 2030 e consideraremos novas regras para manter nosso pr\u00f3spero setor de r\u00e1dio no centro do cen\u00e1rio de m\u00eddia do Reino Unido&#8221;, afirma Julia Lopez.<\/p>\n<p style=\"text-align: justify;\">O relat\u00f3rio do governo tamb\u00e9m afirma que os h\u00e1bitos de escuta de r\u00e1dio mudaram significativamente nos \u00faltimos dez anos no Reino Unido, com mais op\u00e7\u00f5es para os ouvintes, &#8220;gra\u00e7as \u00e0 crescente disponibilidade de \u00e1udio on demand e ao desenvolvimento bem-sucedido do r\u00e1dio digital DAB&#8221;, indica o texto.<\/p>\n<p style=\"text-align: justify;\">&#8220;Existem agora mais de 570 esta\u00e7\u00f5es dispon\u00edveis em DAB em todo o Reino Unido, al\u00e9m de milhares de esta\u00e7\u00f5es online e mais de 300 esta\u00e7\u00f5es anal\u00f3gicas.\u00a0<strong><a href=\"https:\/\/tudoradio.com\/noticias\/ver\/23031-o-radio-hoje-audiencia-via-plataformas-digitais-ja-representa-585-do-total-do-meio-radio-no-reino-unido-dab-ultrapassa-o-fm-analogico\">Cerca de 60% de toda a audi\u00e7\u00e3o de r\u00e1dio \u00e9 agora via DAB ou outra plataforma digital<\/a><\/strong>, e a revis\u00e3o conclui que o DAB apoiar\u00e1 a audi\u00e7\u00e3o at\u00e9 2030 e al\u00e9m. Novas redes DAB de pequena escala est\u00e3o entrando no ar, dando a cada vez mais esta\u00e7\u00f5es locais pequenas a capacidade de transmitir digitalmente&#8221;, destaca o texto.<\/p>\n<p style=\"text-align: justify;\">A an\u00e1lise do governo tamb\u00e9m concluiu que &#8220;a capacidade da ind\u00fastria de r\u00e1dio do Reino Unido de prosperar a longo prazo depende cada vez mais de os ouvintes terem acesso gratuito \u00e0s centenas de diferentes esta\u00e7\u00f5es de r\u00e1dio do Reino Unido em dispositivos de \u00e1udio conectados&#8221;. Ou seja, o relat\u00f3rio chama a aten\u00e7\u00e3o para o forte crescimento das\u00a0<em><strong>smart speakers<\/strong><\/em>\u00a0como Amazon Alexa e Google Home, cen\u00e1rio este inexistente h\u00e1 cinco anos. Hoje, mais de 50% das fam\u00edlias do Reino Unido t\u00eam uma caixa de som com intelig\u00eancia artificial, dispositivo que tem impulsionado o consumo de r\u00e1dio digital.<\/p>\n<p style=\"text-align: justify;\"><img fetchpriority=\"high\" decoding=\"async\" class=\"aligncenter wp-image-16908 size-full\" src=\"https:\/\/www.sertsc.org.br\/site\/wp-content\/uploads\/2021\/10\/617948d586a73.jpg\" alt=\"\" width=\"500\" height=\"297\" \/><\/p>\n<p style=\"text-align: center;\" data-fetch=\"true\"><small>Registro da entrega do Pr\u00eamio &#8220;Empresa Cidad\u00e3&#8221; para a ACAERT<\/small><\/p>\n<div class=\"pp-box-adunit pp-ad-loading pp-type-intext\">\n<div class=\"pp-adunit\">\n<div data-premium=\"\" data-adunit=\"TUDO_RADIO_INTEXT_03\" data-sizes-mobile=\"[[336,280],[300,250]]\" data-sizes-desktop=\"[[336,280],[300,250]]\" data-type=\"intext\" data-fetch=\"true\" data-google-query-id=\"CLLytLL-6vMCFdm4lQIdP8YNkA\">\n<p style=\"text-align: justify;\"><strong>R\u00e1dio digital?<\/strong><\/p>\n<p style=\"text-align: justify;\">A ind\u00fastria de r\u00e1dio est\u00e1 considerando que &#8220;r\u00e1dio digital&#8221; \u00e9 o consumo que ocorre via \u00e1udio digital (streaming, por exemplo) e tamb\u00e9m via ondas terrestres (no caso europeu \u00e9 atrav\u00e9s da tecnologia DAB, por exemplo). Ou seja, um eventual desligamento de transmiss\u00e3o de FM anal\u00f3gico, como ocorreu na\u00a0<em><strong>Noruega<\/strong><\/em>, n\u00e3o significa o &#8220;fim do r\u00e1dio via ondas terrestres&#8221;. Pelo contr\u00e1rio: o ato de sintonizar uma\u00a0<strong><a href=\"https:\/\/tudoradio.com\/noticias\/ver\/26050-o-radio-hoje-nielsen-radio-segue-forte-na-noruega-em-audiencia-e-investimento-publicitario\">frequ\u00eancia de r\u00e1dio continua existindo nesses locais, inclusive de forma relevante<\/a><\/strong>. E essa transi\u00e7\u00e3o entre anal\u00f3gico e digital est\u00e1 em est\u00e1gios distintos em cada pa\u00eds.<\/p>\n<p style=\"text-align: justify;\">O\u00a0<strong>tudoradio.com<\/strong>\u00a0j\u00e1 chegou a ponderar que\u00a0<em><strong>o desafio de contar com as audi\u00eancias de faixas et\u00e1rias mais elevadas em canais digitais de r\u00e1dio<\/strong><\/em>\u00a0escancarado pelo mercado brit\u00e2nico pode ser\u00a0<em><strong>um indicador importante para outros pa\u00edses, como o Brasil<\/strong><\/em>. Independente de n\u00e3o contar com transmiss\u00f5es de r\u00e1dio digital via ondas terrestres por aqui, a situa\u00e7\u00e3o exposta por pesquisa no Reino Unido pode responder algumas perguntas sobre<em><strong>\u00a0como ampliar as audi\u00eancias concentradas nos streaming de \u00e1udio das esta\u00e7\u00f5es de r\u00e1dio brasileiras<\/strong><\/em>. No Brasil, o \u00e1udio on-line tem servido de complemento importante da opera\u00e7\u00e3o de r\u00e1dio no dial.<\/p>\n<\/div>\n<\/div>\n<\/div>\n<p>Fonte: Tudor\u00e1dio<\/p>\n","protected":false},"excerpt":{"rendered":"<p>O governo do Reino Unido lan\u00e7ou um relat\u00f3rio que aumenta&hellip;<\/p>\n<p> <a class=\"more-link\" href=\"https:\/\/sertsc.org.br\/site\/em-relatorio-reino-unido-garante-fm-analogico-por-mais-uma-decada-e-indica-o-fim-do-am\/\">Leia mais<\/a><\/p>\n","protected":false},"author":1,"featured_media":16909,"comment_status":"open","ping_status":"open","sticky":false,"template":"","format":"standard","meta":{"footnotes":""},"categories":[3],"tags":[],"class_list":{"0":"post-16907","1":"post","2":"type-post","3":"status-publish","4":"format-standard","5":"has-post-thumbnail","7":"category-noticias"},"_links":{"self":[{"href":"https:\/\/sertsc.org.br\/site\/wp-json\/wp\/v2\/posts\/16907","targetHints":{"allow":["GET"]}}],"collection":[{"href":"https:\/\/sertsc.org.br\/site\/wp-json\/wp\/v2\/posts"}],"about":[{"href":"https:\/\/sertsc.org.br\/site\/wp-json\/wp\/v2\/types\/post"}],"author":[{"embeddable":true,"href":"https:\/\/sertsc.org.br\/site\/wp-json\/wp\/v2\/users\/1"}],"replies":[{"embeddable":true,"href":"https:\/\/sertsc.org.br\/site\/wp-json\/wp\/v2\/comments?post=16907"}],"version-history":[{"count":0,"href":"https:\/\/sertsc.org.br\/site\/wp-json\/wp\/v2\/posts\/16907\/revisions"}],"wp:featuredmedia":[{"embeddable":true,"href":"https:\/\/sertsc.org.br\/site\/wp-json\/"}],"wp:attachment":[{"href":"https:\/\/sertsc.org.br\/site\/wp-json\/wp\/v2\/media?parent=16907"}],"wp:term":[{"taxonomy":"category","embeddable":true,"href":"https:\/\/sertsc.org.br\/site\/wp-json\/wp\/v2\/categories?post=16907"},{"taxonomy":"post_tag","embeddable":true,"href":"https:\/\/sertsc.org.br\/site\/wp-json\/wp\/v2\/tags?post=16907"}],"curies":[{"name":"wp","href":"https:\/\/api.w.org\/{rel}","templated":true}]}}