{"id":16899,"date":"2021-10-27T11:49:13","date_gmt":"2021-10-27T14:49:13","guid":{"rendered":"https:\/\/www.sertsc.org.br\/site\/?p=16899"},"modified":"2021-10-27T11:49:13","modified_gmt":"2021-10-27T14:49:13","slug":"confira-quem-estara-presente-na-semana-cadena-trazendo-suas-experiencias","status":"publish","type":"post","link":"https:\/\/sertsc.org.br\/site\/confira-quem-estara-presente-na-semana-cadena-trazendo-suas-experiencias\/","title":{"rendered":"Confira quem estar\u00e1 presente na Semana Cadena trazendo suas experi\u00eancias!"},"content":{"rendered":"<p style=\"text-align: left;\" align=\"center\"><img fetchpriority=\"high\" decoding=\"async\" class=\"aligncenter wp-image-16900 size-large\" src=\"https:\/\/www.sertsc.org.br\/site\/wp-content\/uploads\/2021\/10\/Cadena-Semana-Cadena-Live-1-Feed-1024x1024.png\" alt=\"\" width=\"1024\" height=\"1024\" \/><\/p>\n<p style=\"text-align: justify;\">Dos dias 8 a 12 de novembro, os profissionais que atuam no R\u00e1dio ter\u00e3o acesso a uma programa\u00e7\u00e3o completa e gratuita de bate-papos e WorkShops para o sucesso de suas emissoras.<\/p>\n<p>Evento promovido pela empresa de solu\u00e7\u00f5es para r\u00e1dios, <a href=\"https:\/\/cadena.com.br\/\">Cadena Sistemas<\/a>, re\u00fane mais de 20 convidados em 12 lives e mais de 10 horas de transmiss\u00f5es ao vivo no <a href=\"https:\/\/www.youtube.com\/c\/CadenaSistemas\/videos?view=2&amp;live_view=502\">YouTube da empresa<\/a>.<\/p>\n<p><strong>Ser\u00e3o abordados aspectos sobre pl\u00e1stica, conte\u00fado, comercial, marketing, art\u00edstico, financeiro, anunciantes e muito mais. <\/strong><\/p>\n<p>E o mais importante: dicas e ideias ser\u00e3o pensadas para os variados portes e localidades das emissoras.<\/p>\n<p>Entre os profissionais convidados, o evento contar\u00e1 com participantes de diferentes regi\u00f5es do pa\u00eds, trazendo suas perspectivas e realidades vivenciadas. Ser\u00e3o a\u00e7\u00f5es e exemplos pr\u00e1ticos para r\u00e1dios criarem estrat\u00e9gias mais efetivas nos m\u00faltiplos canais e setores.<\/p>\n<p><strong>Para assistir as transmiss\u00f5es ao vivo durante 8 a 12 de novembro, basta acessar o YouTube da Cadena Sistemas: <a href=\"https:\/\/bit.ly\/3pITcKM\">https:\/\/bit.ly\/3pITcKM<\/a><\/strong><\/p>\n<p><strong>Aten\u00e7\u00e3o:<\/strong> cada transmiss\u00e3o possui um link espec\u00edfico para assistir. Por isso, recomenda-se que voc\u00ea <strong>clique e ative lembretes<\/strong> nas lives que deseja acompanhar ao vivo.\u2063<\/p>\n<p style=\"text-align: justify;\"><strong>Confira programa\u00e7\u00e3o completa e links individuais de cada live:<\/strong><\/p>\n<p>&nbsp;<\/p>\n<p><img decoding=\"async\" class=\"alignnone size-large wp-image-16939\" src=\"https:\/\/www.sertsc.org.br\/site\/wp-content\/uploads\/2021\/10\/Cadena-Semana-Cadena-Programacao-Completa-1024x535.jpg\" alt=\"\" width=\"1024\" height=\"535\" \/><\/p>\n<p><strong>8\/11 &#8211; 9h45 &#8211; Painel: Perspectivas para o R\u00e1dio em 2022<\/strong><\/p>\n<p><strong>Participantes:<\/strong><br \/>\n<strong>Ana Paula Melo &#8211; Presidente SERT\/SC<br \/>\n<\/strong>Andr\u00e9 Dias &#8211; Vice-Presidente AERJ<br \/>\nCarolina Sasse &#8211; Diretora de Vendas Cadena Sistemas<br \/>\nCinthia Pinheiro &#8211; Gerente Escrit\u00f3rio do R\u00e1dio da ACERT<br \/>\nDaniel Starck &#8211; Diretor Propriet\u00e1rio <a href=\"http:\/\/xn--tudordio-dza.com\">tudor\u00e1dio.com<\/a><br \/>\nDom\u00edcio Torres &#8211; Diretor IRP Pesquisas<br \/>\nLuciano Pimenta &#8211; Presidente AMIRT<br \/>\nRodrigo Neves &#8211; Presidente AESP<\/p>\n<p><strong>Ao vivo em: <a href=\"https:\/\/www.youtube.com\/watch?v=CZkMt3Z7cAc\">https:\/\/www.youtube.com\/watch?v=CZkMt3Z7cAc<\/a><\/strong><\/p>\n<p><strong>8\/11 &#8211; 15h &#8211; WorkShop Cadena Comercial<\/strong><\/p>\n<p><strong>Ao vivo em: <a href=\"https:\/\/www.youtube.com\/watch?v=EvzXSmKMpqI\">https:\/\/www.youtube.com\/watch?v=EvzXSmKMpqI<\/a><\/strong><\/p>\n<p><strong>8\/11 &#8211; 16h &#8211; Painel: Mudan\u00e7as do R\u00e1dio nos \u00daltimos 21 anos <\/strong><\/p>\n<p>Participantes:<\/p>\n<p>Carlos Maschietto &#8211; Ra\u00edzes FM<br \/>\nJos\u00e9 Mauro de \u00c1vila &#8211; Mega Sistema de Comunica\u00e7\u00e3o<br \/>\nMarlon Freitas &#8211; Vox90<\/p>\n<p><strong>Ao vivo em: <a href=\"https:\/\/www.youtube.com\/watch?v=nmwYJCuyEAw\">https:\/\/www.youtube.com\/watch?v=nmwYJCuyEAw<\/a><\/strong><\/p>\n<p><strong>9\/11 &#8211; 9h45 &#8211; Por que r\u00e1dio consolidada no RS viu a necessidade de ter base de dados dos ouvintes?<\/strong><\/p>\n<p>Participantes:<br \/>\nCl\u00e9ia Freitas &#8211; R\u00e1dio Alegria<br \/>\nGuilherme Fischborn &#8211; R\u00e1dio Alegria<\/p>\n<p><strong>Ao vivo em: <a href=\"https:\/\/www.youtube.com\/watch?v=DMplC4ocTw0\">https:\/\/www.youtube.com\/watch?v=DMplC4ocTw0<\/a><\/strong><\/p>\n<p><strong>9\/11 &#8211; 16h &#8211; WorkShop Cadena Financeiro<\/strong><\/p>\n<p>Ao vivo em: <a href=\"https:\/\/www.youtube.com\/watch?v=KXPVM8q88eA\">https:\/\/www.youtube.com\/watch?v=KXPVM8q88eA<\/a><\/p>\n<p><strong>10\/11 &#8211; 9h45 &#8211; Como encontrar e gerar proximidade com o ouvinte certo em cada plataforma<\/strong><\/p>\n<p>Participante:<\/p>\n<p>Por\u00e3 Bernardes &#8211; NSC Comunica\u00e7\u00e3o<\/p>\n<p><strong>Ao vivo em: <a href=\"https:\/\/www.youtube.com\/watch?v=1EK5op2WB-c\">https:\/\/www.youtube.com\/watch?v=1EK5op2WB-c<\/a><\/strong><\/p>\n<p><strong>10\/11 &#8211; 11h &#8211; Produ\u00e7\u00e3o de Conte\u00fado Multiplataforma e Pl\u00e1stica para R\u00e1dios<\/strong><\/p>\n<p>Participantes:<\/p>\n<p>Bruno Bortolan &#8211; Educadora<br \/>\nCaio Bortolan &#8211; Educadora<\/p>\n<p><strong>Ao vivo em: <a href=\"https:\/\/www.youtube.com\/watch?v=khq7uLU2gW4\">https:\/\/www.youtube.com\/watch?v=khq7uLU2gW4<\/a><\/strong><\/p>\n<p><strong>10\/11 &#8211; 15h &#8211; WorkShop Cadena Ouvintes<\/strong><\/p>\n<p>Ao vivo em: <a href=\"https:\/\/www.youtube.com\/watch?v=PLALQMAA2Jw\">https:\/\/www.youtube.com\/watch?v=PLALQMAA2Jw<\/a><\/p>\n<p><strong>11\/11 &#8211; 9h45 &#8211; Gest\u00e3o Comercial e Financeira para R\u00e1dios<\/strong><\/p>\n<p>Participante:<\/p>\n<p>Ac\u00e1cio Costa &#8211; Rede Mix de R\u00e1dio<\/p>\n<p><strong>Ao vivo em: <a href=\"https:\/\/www.youtube.com\/watch?v=kWQYNYZ06eo\">https:\/\/www.youtube.com\/watch?v=kWQYNYZ06eo<\/a><\/strong><\/p>\n<p><strong>11\/11 &#8211; 15h &#8211; WorkShop Cadena Musical<\/strong><\/p>\n<p>Ao vivo em: <a href=\"https:\/\/www.youtube.com\/watch?v=O11DELC58tw\">https:\/\/www.youtube.com\/watch?v=O11DELC58tw<\/a><\/p>\n<p><strong>12\/11 &#8211; 11h &#8211; Live Encerramento: Entenda o que as empresas buscam ao anunciar em R\u00e1dios <\/strong><\/p>\n<p>Participantes:<\/p>\n<p>Clau Boaventura &#8211; ABRADi<br \/>\nMarina Alves &#8211; Sistema MPA de Comunica\u00e7\u00e3o<\/p>\n<p><strong>Ao vivo em: <a href=\"https:\/\/www.youtube.com\/watch?v=cp7xdTL9s_E\">https:\/\/www.youtube.com\/watch?v=cp7xdTL9s_E<\/a><\/strong><\/p>\n<p>&nbsp;<\/p>\n<p>&nbsp;<\/p>\n","protected":false},"excerpt":{"rendered":"<p>Dos dias 8 a 12 de novembro, os profissionais que&hellip;<\/p>\n<p> <a class=\"more-link\" href=\"https:\/\/sertsc.org.br\/site\/confira-quem-estara-presente-na-semana-cadena-trazendo-suas-experiencias\/\">Leia mais<\/a><\/p>\n","protected":false},"author":1,"featured_media":16902,"comment_status":"open","ping_status":"open","sticky":false,"template":"","format":"standard","meta":{"footnotes":""},"categories":[3],"tags":[],"class_list":{"0":"post-16899","1":"post","2":"type-post","3":"status-publish","4":"format-standard","5":"has-post-thumbnail","7":"category-noticias"},"_links":{"self":[{"href":"https:\/\/sertsc.org.br\/site\/wp-json\/wp\/v2\/posts\/16899","targetHints":{"allow":["GET"]}}],"collection":[{"href":"https:\/\/sertsc.org.br\/site\/wp-json\/wp\/v2\/posts"}],"about":[{"href":"https:\/\/sertsc.org.br\/site\/wp-json\/wp\/v2\/types\/post"}],"author":[{"embeddable":true,"href":"https:\/\/sertsc.org.br\/site\/wp-json\/wp\/v2\/users\/1"}],"replies":[{"embeddable":true,"href":"https:\/\/sertsc.org.br\/site\/wp-json\/wp\/v2\/comments?post=16899"}],"version-history":[{"count":0,"href":"https:\/\/sertsc.org.br\/site\/wp-json\/wp\/v2\/posts\/16899\/revisions"}],"wp:featuredmedia":[{"embeddable":true,"href":"https:\/\/sertsc.org.br\/site\/wp-json\/"}],"wp:attachment":[{"href":"https:\/\/sertsc.org.br\/site\/wp-json\/wp\/v2\/media?parent=16899"}],"wp:term":[{"taxonomy":"category","embeddable":true,"href":"https:\/\/sertsc.org.br\/site\/wp-json\/wp\/v2\/categories?post=16899"},{"taxonomy":"post_tag","embeddable":true,"href":"https:\/\/sertsc.org.br\/site\/wp-json\/wp\/v2\/tags?post=16899"}],"curies":[{"name":"wp","href":"https:\/\/api.w.org\/{rel}","templated":true}]}}