{"id":16876,"date":"2021-10-26T15:29:38","date_gmt":"2021-10-26T18:29:38","guid":{"rendered":"https:\/\/www.sertsc.org.br\/site\/?p=16876"},"modified":"2021-10-26T15:29:38","modified_gmt":"2021-10-26T18:29:38","slug":"eleita-a-nova-diretoria-do-sert-sc","status":"publish","type":"post","link":"https:\/\/sertsc.org.br\/site\/eleita-a-nova-diretoria-do-sert-sc\/","title":{"rendered":"Eleita a nova diretoria do SERT\/SC"},"content":{"rendered":"<p style=\"text-align: justify;\">O radiodifusor Humberto Ohf de Andrade foi eleito presidente do Sindicato das Empresas de R\u00e1dio e Televis\u00e3o do Estado de Santa Catarina (SERT\/SC) para o per\u00edodo entre 2022 e 2024. A vota\u00e7\u00e3o ocorreu na sede da entidade, em Florian\u00f3polis. Humberto, que \u00e9 propriet\u00e1rio das r\u00e1dios Amanda FM, Jovem Pan Alto Vale FM e Jovem Pan News Difusora, encabe\u00e7ou a chapa \u00fanica, que recebeu 86 votos. Humberto suceder\u00e1 a radiodifusora Ana Paula Melo, que seguir\u00e1 no comando da entidade at\u00e9 o dia 31 de dezembro de 2021.<\/p>\n<p style=\"text-align: justify;\"><strong>Sobre Humberto Ohf de Andrade<\/strong><br \/>\nHumberto Ohf de Andrade, 46 anos, nasceu na cidade catarinense de Rio do Sul. \u00c9 filho de Edison de Andrade, Comendador da ACAERT, e Marise Ohf de Andrade. Casado com Cristiane Dalmolin, tem dois filhos: Bernardo e Gustavo. Graduado em Administra\u00e7\u00e3o de Empresas pela UNIDAVI e especialista em Gest\u00e3o de Marketing pela FURB. Atua como diretor executivo do Grupo de Comunica\u00e7\u00e3o Difusora, que \u00e9 formado por quatro neg\u00f3cios: Amanda FM, Jovem Pan Alto Vale FM, Jovem Pan News Difusora e Portal de Not\u00edcias GCD.<\/p>\n<p style=\"text-align: justify;\">Beto, como \u00e9 conhecido, sempre cresceu no r\u00e1dio, trabalhando no meio desde os 12 anos de idade. Vive e respira r\u00e1dio, que sempre foi a principal fonte de renda da fam\u00edlia. No Grupo de Comunica\u00e7\u00e3o Difusora, tem sua irm\u00e3 Heloisa Ohf de Andrade como s\u00f3cia. Seu irm\u00e3o Edison Ohf de Andrade \u00e9 o \u00fanico integrante da fam\u00edlia que n\u00e3o atua nas emissoras.<\/p>\n<p style=\"text-align: justify;\">Presente em algumas diretorias do SERT\/SC, Humberto Ohf de Andrade tem muitos objetivos para o exerc\u00edcio da Presid\u00eancia do sindicato. Sua principal inten\u00e7\u00e3o, contudo, \u00e9 valorizar ainda mais a rela\u00e7\u00e3o trabalhista entre as centenas de emissoras catarinenses e seus milhares de empregados. A luta pela moderniza\u00e7\u00e3o da legisla\u00e7\u00e3o, adaptando-a \u00e0 nova realidade tecnol\u00f3gica e comportamental, \u00e9 um norte a ser seguido, sempre defendendo os interesses do radiodifusor de Santa Catarina.<\/p>\n<p><img fetchpriority=\"high\" decoding=\"async\" class=\"aligncenter wp-image-16880 size-full\" src=\"https:\/\/www.sertsc.org.br\/site\/wp-content\/uploads\/2021\/10\/WhatsApp-Image-2021-10-26-at-15.49.09-2.jpeg\" alt=\"\" width=\"640\" height=\"420\" \/><\/p>\n<p style=\"text-align: center;\">Humberto Ohf de Andrade &#8211; Grupo GCD de r\u00e1dios<\/p>\n<p><img decoding=\"async\" class=\"aligncenter wp-image-16881 size-full\" src=\"https:\/\/www.sertsc.org.br\/site\/wp-content\/uploads\/2021\/10\/WhatsApp-Image-2021-10-26-at-15.49.10.jpeg\" alt=\"\" width=\"640\" height=\"416\" \/><\/p>\n<p style=\"text-align: center;\">Rani\u00e9ri Moacir Bertoli &#8211; Rede Demais<\/p>\n<p><img decoding=\"async\" class=\"aligncenter wp-image-16882 size-full\" src=\"https:\/\/www.sertsc.org.br\/site\/wp-content\/uploads\/2021\/10\/WhatsApp-Image-2021-10-26-at-15.49.10-2.jpeg\" alt=\"\" width=\"640\" height=\"420\" \/><\/p>\n<p style=\"text-align: center;\">Ana Paula Melo &#8211; Jovem Pan de Joinville<\/p>\n<p><img loading=\"lazy\" decoding=\"async\" class=\"aligncenter wp-image-16883 size-large\" src=\"https:\/\/www.sertsc.org.br\/site\/wp-content\/uploads\/2021\/10\/WhatsApp-Image-2021-10-26-at-15.49.09-768x1024.jpeg\" alt=\"\" width=\"768\" height=\"1024\" \/><\/p>\n<p style=\"text-align: center;\">G\u00e9deas Gomes &#8211; Representando 63 emissoras<\/p>\n<p><img loading=\"lazy\" decoding=\"async\" class=\"aligncenter wp-image-16884 size-full\" src=\"https:\/\/www.sertsc.org.br\/site\/wp-content\/uploads\/2021\/10\/WhatsApp-Image-2021-10-26-at-15.49.11.jpeg\" alt=\"\" width=\"640\" height=\"423\" \/><\/p>\n<p style=\"text-align: center;\">Juliana Lohn &#8211; R\u00e1dio M\u00e1gia FM<\/p>\n<p><img loading=\"lazy\" decoding=\"async\" class=\"aligncenter wp-image-16885 size-full\" src=\"https:\/\/www.sertsc.org.br\/site\/wp-content\/uploads\/2021\/10\/WhatsApp-Image-2021-10-26-at-15.49.11-2.jpeg\" alt=\"\" width=\"640\" height=\"413\" \/><\/p>\n<p style=\"text-align: center;\">Marcello Corr\u00eaa Petrelli &#8211; Grupo ND<\/p>\n<p><img loading=\"lazy\" decoding=\"async\" class=\"aligncenter wp-image-16886 size-full\" src=\"https:\/\/www.sertsc.org.br\/site\/wp-content\/uploads\/2021\/10\/WhatsApp-Image-2021-10-26-at-15.49.12.jpeg\" alt=\"\" width=\"640\" height=\"429\" \/><\/p>\n<p style=\"text-align: center;\">Evel\u00e1sio Vieira Neto &#8211; R\u00e1dio Clube de Blumenau<\/p>\n<p><img loading=\"lazy\" decoding=\"async\" class=\"aligncenter wp-image-16887 size-full\" src=\"https:\/\/www.sertsc.org.br\/site\/wp-content\/uploads\/2021\/10\/WhatsApp-Image-2021-10-26-at-15.49.12-2.jpeg\" alt=\"\" width=\"640\" height=\"428\" \/><\/p>\n<p style=\"text-align: center;\">C\u00e9lio Moriggi &#8211; Jovem Pan de Tubar\u00e3o<\/p>\n","protected":false},"excerpt":{"rendered":"<p>O radiodifusor Humberto Ohf de Andrade foi eleito presidente do&hellip;<\/p>\n<p> <a class=\"more-link\" href=\"https:\/\/sertsc.org.br\/site\/eleita-a-nova-diretoria-do-sert-sc\/\">Leia mais<\/a><\/p>\n","protected":false},"author":1,"featured_media":16877,"comment_status":"open","ping_status":"open","sticky":false,"template":"","format":"standard","meta":{"footnotes":""},"categories":[33,3],"tags":[],"class_list":{"0":"post-16876","1":"post","2":"type-post","3":"status-publish","4":"format-standard","5":"has-post-thumbnail","7":"category-destaques","8":"category-noticias"},"_links":{"self":[{"href":"https:\/\/sertsc.org.br\/site\/wp-json\/wp\/v2\/posts\/16876","targetHints":{"allow":["GET"]}}],"collection":[{"href":"https:\/\/sertsc.org.br\/site\/wp-json\/wp\/v2\/posts"}],"about":[{"href":"https:\/\/sertsc.org.br\/site\/wp-json\/wp\/v2\/types\/post"}],"author":[{"embeddable":true,"href":"https:\/\/sertsc.org.br\/site\/wp-json\/wp\/v2\/users\/1"}],"replies":[{"embeddable":true,"href":"https:\/\/sertsc.org.br\/site\/wp-json\/wp\/v2\/comments?post=16876"}],"version-history":[{"count":0,"href":"https:\/\/sertsc.org.br\/site\/wp-json\/wp\/v2\/posts\/16876\/revisions"}],"wp:featuredmedia":[{"embeddable":true,"href":"https:\/\/sertsc.org.br\/site\/wp-json\/"}],"wp:attachment":[{"href":"https:\/\/sertsc.org.br\/site\/wp-json\/wp\/v2\/media?parent=16876"}],"wp:term":[{"taxonomy":"category","embeddable":true,"href":"https:\/\/sertsc.org.br\/site\/wp-json\/wp\/v2\/categories?post=16876"},{"taxonomy":"post_tag","embeddable":true,"href":"https:\/\/sertsc.org.br\/site\/wp-json\/wp\/v2\/tags?post=16876"}],"curies":[{"name":"wp","href":"https:\/\/api.w.org\/{rel}","templated":true}]}}