{"id":16867,"date":"2021-10-26T08:23:49","date_gmt":"2021-10-26T11:23:49","guid":{"rendered":"https:\/\/www.sertsc.org.br\/site\/?p=16867"},"modified":"2021-10-26T08:23:49","modified_gmt":"2021-10-26T11:23:49","slug":"migracoes-am-fm-concessao-e-renovacao-de-outorgas-ampliam-acesso-a-informacao","status":"publish","type":"post","link":"https:\/\/sertsc.org.br\/site\/migracoes-am-fm-concessao-e-renovacao-de-outorgas-ampliam-acesso-a-informacao\/","title":{"rendered":"Migra\u00e7\u00f5es AM-FM, concess\u00e3o e renova\u00e7\u00e3o de outorgas ampliam acesso \u00e0 informa\u00e7\u00e3o"},"content":{"rendered":"<p style=\"text-align: justify;\">A popula\u00e7\u00e3o de munic\u00edpios do Maranh\u00e3o, Minas Gerais e Santa Catarina ter\u00e3o mais acesso \u00e0 informa\u00e7\u00e3o pelas ondas do r\u00e1dio e diversidade na programa\u00e7\u00e3o. Nesta segunda-feira (25\/10), o Minist\u00e9rio das Comunica\u00e7\u00f5es (MCom) publicou no Di\u00e1rio Oficial da Uni\u00e3o (DOU) as medidas que permitem a adapta\u00e7\u00e3o, concess\u00e3o e renova\u00e7\u00e3o de outorgas de cinco emissoras.<\/p>\n<p style=\"text-align: justify;\">Uma das esta\u00e7\u00f5es beneficiadas opera no munic\u00edpio de Arax\u00e1 (MG). Portaria publicada pelo MCom renova a outorga \u00e0 emissora para executar o servi\u00e7o de radiodifus\u00e3o sonora em frequ\u00eancia modulada (FM). Na cidade de Peritor\u00f3 (MA), foi autorizada a execu\u00e7\u00e3o do servi\u00e7o de radiodifus\u00e3o comunit\u00e1ria para uma nova associa\u00e7\u00e3o de moradores da localidade. A outorga \u00e9 v\u00e1lida por um prazo de dez anos.<\/p>\n<p style=\"text-align: justify;\"><strong>MIGRA\u00c7\u00c3O AM-FM<\/strong>\u00a0&#8211;\u00a0O MCom tamb\u00e9m avan\u00e7a com o processo de adapta\u00e7\u00e3o de outorgas. Tr\u00eas emissoras dos munic\u00edpios catarinenses de Joinville e Rio do Sul receberam autoriza\u00e7\u00e3o para migrar de faixa de frequ\u00eancia AM para FM. A mudan\u00e7a no formato garante mais qualidade na transmiss\u00e3o, com menos ru\u00eddo e mais economia para as esta\u00e7\u00f5es de r\u00e1dio. Com a migra\u00e7\u00e3o, as esta\u00e7\u00f5es t\u00eam possibilidade de ampliar a audi\u00eancia, pois alguns aparelhos (como celulares e tablets) n\u00e3o contam com a recep\u00e7\u00e3o de sinal AM.<\/p>\n<p style=\"text-align: justify;\">&#8220;Sabemos o quanto o r\u00e1dio \u00e9 um ve\u00edculo importante para os brasileiros. Com a migra\u00e7\u00e3o, queremos garantir que as emissoras prestem o servi\u00e7o com qualidade e cumpram seu papel social&#8221;, enfatiza o secret\u00e1rio de Radiodifus\u00e3o do MCom, Maximiliano Martinh\u00e3o. Desde 2013, com a publica\u00e7\u00e3o do Decreto que autorizou a transi\u00e7\u00e3o (8.139\/13), o MCom recebeu 1.655 demandas de r\u00e1dios interessadas em migrar de AM para FM. Mais de 960 j\u00e1 receberam autoriza\u00e7\u00e3o para operar em frequ\u00eancia modulada. A meta do MCom \u00e9 avaliar e efetivar todos os pedidos at\u00e9 2022.<\/p>\n<p style=\"text-align: justify;\">\n<p style=\"text-align: justify;\">Fonte: GOV.BR<\/p>\n","protected":false},"excerpt":{"rendered":"<p>A popula\u00e7\u00e3o de munic\u00edpios do Maranh\u00e3o, Minas Gerais e Santa&hellip;<\/p>\n<p> <a class=\"more-link\" href=\"https:\/\/sertsc.org.br\/site\/migracoes-am-fm-concessao-e-renovacao-de-outorgas-ampliam-acesso-a-informacao\/\">Leia mais<\/a><\/p>\n","protected":false},"author":1,"featured_media":16868,"comment_status":"open","ping_status":"open","sticky":false,"template":"","format":"standard","meta":{"footnotes":""},"categories":[33,3],"tags":[],"class_list":{"0":"post-16867","1":"post","2":"type-post","3":"status-publish","4":"format-standard","5":"has-post-thumbnail","7":"category-destaques","8":"category-noticias"},"_links":{"self":[{"href":"https:\/\/sertsc.org.br\/site\/wp-json\/wp\/v2\/posts\/16867","targetHints":{"allow":["GET"]}}],"collection":[{"href":"https:\/\/sertsc.org.br\/site\/wp-json\/wp\/v2\/posts"}],"about":[{"href":"https:\/\/sertsc.org.br\/site\/wp-json\/wp\/v2\/types\/post"}],"author":[{"embeddable":true,"href":"https:\/\/sertsc.org.br\/site\/wp-json\/wp\/v2\/users\/1"}],"replies":[{"embeddable":true,"href":"https:\/\/sertsc.org.br\/site\/wp-json\/wp\/v2\/comments?post=16867"}],"version-history":[{"count":0,"href":"https:\/\/sertsc.org.br\/site\/wp-json\/wp\/v2\/posts\/16867\/revisions"}],"wp:featuredmedia":[{"embeddable":true,"href":"https:\/\/sertsc.org.br\/site\/wp-json\/"}],"wp:attachment":[{"href":"https:\/\/sertsc.org.br\/site\/wp-json\/wp\/v2\/media?parent=16867"}],"wp:term":[{"taxonomy":"category","embeddable":true,"href":"https:\/\/sertsc.org.br\/site\/wp-json\/wp\/v2\/categories?post=16867"},{"taxonomy":"post_tag","embeddable":true,"href":"https:\/\/sertsc.org.br\/site\/wp-json\/wp\/v2\/tags?post=16867"}],"curies":[{"name":"wp","href":"https:\/\/api.w.org\/{rel}","templated":true}]}}