{"id":16849,"date":"2021-10-25T08:29:12","date_gmt":"2021-10-25T11:29:12","guid":{"rendered":"https:\/\/www.sertsc.org.br\/site\/?p=16849"},"modified":"2021-10-25T08:29:12","modified_gmt":"2021-10-25T11:29:12","slug":"mais-de-mil-cidades-manifestaram-interesse-em-nova-fase-de-digitalizacao-da-tv","status":"publish","type":"post","link":"https:\/\/sertsc.org.br\/site\/mais-de-mil-cidades-manifestaram-interesse-em-nova-fase-de-digitalizacao-da-tv\/","title":{"rendered":"Mais de mil cidades manifestaram interesse em nova fase de digitaliza\u00e7\u00e3o da TV"},"content":{"rendered":"<p style=\"text-align: justify;\">Programa para\u00a0<a href=\"https:\/\/telaviva.com.br\/23\/06\/2021\/nova-fase-da-digitalizacao-da-tv-aberta-preve-957-prefeituras-beneficiadas-ate-julho-de-2022\/\" target=\"_blank\" rel=\"noreferrer noopener follow\" data-wpel-link=\"internal\">digitaliza\u00e7\u00e3o da TV aberta em cidades que n\u00e3o contam com emissoras digitais<\/a>, o\u00a0Digitaliza Brasil\u00a0despertou interesse de 1.024 das 1.050 cidades eleg\u00edveis nas quatro chamadas abertas pelo Minist\u00e9rio das Comunica\u00e7\u00f5es (MCom).<\/p>\n<p style=\"text-align: justify;\">As parciais foram reveladas pela\u00a0EAD, entidade respons\u00e1vel pela operacionaliza\u00e7\u00e3o do processo. Do total de munic\u00edpios que manifestaram interesse, 233 foram qualificados pelo MCom e 215 assinaram os termos de ades\u00e3o.<\/p>\n<p style=\"text-align: justify;\">Em paralelo, em 530 cidades j\u00e1 h\u00e1 local indicado pelas prefeituras para instala\u00e7\u00e3o dos novos equipamentos de digitaliza\u00e7\u00e3o das retransmissoras anal\u00f3gicas. A expectativa da EAD \u00e9\u00a0encerrar o ano\u00a0com 267 sites ativos e completar em abril de 2022 a primeira fase do programa, que envolve 752 cidades.<\/p>\n<div class=\"td-post-content tagdiv-type\" style=\"text-align: justify;\">\n<p>Cear\u00e1, Piau\u00ed e Rio Grande do Norte (estado natal do ministro F\u00e1bio Faria e\u00a0que tem recebido maior foco da pasta) s\u00e3o os focos atuais no trabalho de campo do projeto, que at\u00e9 julho de 2023 deve digitalizar mais de 7 mil canais em\u00a01.638 cidades\u00a0de todo o Pa\u00eds, com uma popula\u00e7\u00e3o estimada de 23 milh\u00f5es.<\/p>\n<p><strong>Ind\u00fastria<\/strong><\/p>\n<p>O programa tem liberados R$ 844 milh\u00f5es, remanescentes da arrecada\u00e7\u00e3o do leil\u00e3o de 4G em 2014 (e que j\u00e1 custearam a\u00a0limpeza da faixa de 700 MH<a href=\"https:\/\/teletime.com.br\/22\/10\/2021\/4g-em-700-mhz-esta-ativado-em-4-867-mil-municipios\/\" target=\"_blank\" rel=\"noreferrer noopener follow\" data-wpel-link=\"internal\">z<\/a>\u00a0e a digitaliza\u00e7\u00e3o da TV nas maiores cidades). At\u00e9 o momento, a previs\u00e3o \u00e9 que R$ 700 milh\u00f5es sejam gastos, segundo o diretor de tecnologia da EAD, Gunnar Bedick.<\/p>\n<p>Durante evento promovido pela Associa\u00e7\u00e3o Brasileira da Ind\u00fastria El\u00e9trica e Eletr\u00f4nica (Abinee) nesta semana, Bedick pontuou que o investimento beneficiar\u00e1 sobretudo a\u00a0ind\u00fastria\u00a0brasileira, incluindo fornecedores de antenas de broadcasting, transmissores de TV digital, parab\u00f3licas, multiplexadores e estruturas verticais.<\/p>\n<p>&nbsp;<\/p>\n<\/div>\n<p style=\"text-align: justify;\">Fonte: Telaviva<\/p>\n","protected":false},"excerpt":{"rendered":"<p>Programa para\u00a0digitaliza\u00e7\u00e3o da TV aberta em cidades que n\u00e3o contam&hellip;<\/p>\n<p> <a class=\"more-link\" href=\"https:\/\/sertsc.org.br\/site\/mais-de-mil-cidades-manifestaram-interesse-em-nova-fase-de-digitalizacao-da-tv\/\">Leia mais<\/a><\/p>\n","protected":false},"author":1,"featured_media":0,"comment_status":"open","ping_status":"open","sticky":false,"template":"","format":"standard","meta":{"footnotes":""},"categories":[3],"tags":[],"class_list":{"0":"post-16849","1":"post","2":"type-post","3":"status-publish","4":"format-standard","6":"category-noticias"},"_links":{"self":[{"href":"https:\/\/sertsc.org.br\/site\/wp-json\/wp\/v2\/posts\/16849","targetHints":{"allow":["GET"]}}],"collection":[{"href":"https:\/\/sertsc.org.br\/site\/wp-json\/wp\/v2\/posts"}],"about":[{"href":"https:\/\/sertsc.org.br\/site\/wp-json\/wp\/v2\/types\/post"}],"author":[{"embeddable":true,"href":"https:\/\/sertsc.org.br\/site\/wp-json\/wp\/v2\/users\/1"}],"replies":[{"embeddable":true,"href":"https:\/\/sertsc.org.br\/site\/wp-json\/wp\/v2\/comments?post=16849"}],"version-history":[{"count":0,"href":"https:\/\/sertsc.org.br\/site\/wp-json\/wp\/v2\/posts\/16849\/revisions"}],"wp:attachment":[{"href":"https:\/\/sertsc.org.br\/site\/wp-json\/wp\/v2\/media?parent=16849"}],"wp:term":[{"taxonomy":"category","embeddable":true,"href":"https:\/\/sertsc.org.br\/site\/wp-json\/wp\/v2\/categories?post=16849"},{"taxonomy":"post_tag","embeddable":true,"href":"https:\/\/sertsc.org.br\/site\/wp-json\/wp\/v2\/tags?post=16849"}],"curies":[{"name":"wp","href":"https:\/\/api.w.org\/{rel}","templated":true}]}}