{"id":16840,"date":"2021-10-22T13:06:01","date_gmt":"2021-10-22T16:06:01","guid":{"rendered":"https:\/\/www.sertsc.org.br\/site\/?p=16840"},"modified":"2021-10-22T13:06:01","modified_gmt":"2021-10-22T16:06:01","slug":"acoes-da-acaert-durante-a-pandemia-da-covid-19-sao-premiadas","status":"publish","type":"post","link":"https:\/\/sertsc.org.br\/site\/acoes-da-acaert-durante-a-pandemia-da-covid-19-sao-premiadas\/","title":{"rendered":"A\u00e7\u00f5es da ACAERT durante a pandemia da covid-19 s\u00e3o premiadas"},"content":{"rendered":"<p style=\"font-weight: 400; text-align: justify;\">A Associa\u00e7\u00e3o dos Dirigentes de Vendas e Marketing \u2013\u00a0<b><strong>ADVB\/SC<\/strong><\/b>\u00a0reconheceu nesta quinta-feira (21) iniciativas nas \u00e1reas de Preserva\u00e7\u00e3o Ambiental, Participa\u00e7\u00e3o Comunit\u00e1ria, Desenvolvimento Cultural e Combate \u00e0 Pandemia na\u00a0<b><strong>23\u00aa edi\u00e7\u00e3o do Pr\u00eamio \u201cEmpresa Cidad\u00e3\u201d. A ACAERT foi uma das vencedoras na Categoria \u201cCombate \u00e0 Pandemia\u201d.<\/strong><\/b>\u00a0\u201c\u00c9 o reconhecimento da atua\u00e7\u00e3o respons\u00e1vel das emissoras de r\u00e1dio e de televis\u00e3o de Santa Catarina, que prezaram pela informa\u00e7\u00e3o de qualidade para que o cidad\u00e3o catarinense pudesse se preparar, da melhor forma poss\u00edvel, para enfrentar a pandemia\u201d, destacou o presidente da ACAERT, Silvano Silva, que recebeu o pr\u00eamio.<\/p>\n<p style=\"font-weight: 400; text-align: justify;\">\u201cTemos orgulho em reconhecer iniciativas t\u00e3o relevantes, sempre salientando que todos as empresas que inscreveram os seus cases exercem um importante papel ambiental, social ou cultural para a sociedade catarinense\u201d, destaca Angela Gon\u00e7alves, presidente da ADVB\/SC (Associa\u00e7\u00e3o dos Dirigentes de Vendas e Marketing do Brasil em Santa Catarina).<\/p>\n<p style=\"font-weight: 400; text-align: justify;\">\u00a0Em virtude da pandemia da COVID-19 neste ano o evento foi realizado para um n\u00famero reduzido de pessoas, sendo exclusivo para premiados, convidados e imprensa. Foram premiadas 18 empresas catarinenses.<\/p>\n<p style=\"font-weight: 400; text-align: justify;\">\u00a0Na categoria preserva\u00e7\u00e3o ambiental foram premiadas as empresas: Carbon\u00edfera Rio Deserto, GM \u2013 General Motors, Librelato S.A, Sulgesso e Weee.do.<\/p>\n<p style=\"font-weight: 400; text-align: justify;\">\u00a0Na categoria participa\u00e7\u00e3o comunit\u00e1ria os vencedores foram: Engie, Instituto Martinelli, Lojas Koerich, Galeria Luciano Martins, ND Mais, Pasquali e Poffo Advogados Associados e Unisul.<\/p>\n<p style=\"font-weight: 400; text-align: justify;\">\u00a0Na categoria Desenvolvimento Cultural o case premiado foi o do SESC.<\/p>\n<p style=\"font-weight: 400; text-align: justify;\">\u00a0<b><strong>Na categoria Combate \u00e0 Pandemia as premiadas foram: ACAERT<\/strong><\/b>, AsQ, FAPESC, Portonave e Seta Engenharia.<\/p>\n<p style=\"font-weight: 400; text-align: justify;\">\u00a0A Associa\u00e7\u00e3o dos Dirigentes de Vendas e Marketing do Brasil em Santa Catarina (ADVB\/SC) \u00e9 uma entidade civil sem fins lucrativos, fundada em 1984, com atua\u00e7\u00e3o estadual, que presta apoio e incentivo a forma\u00e7\u00e3o e desenvolvimento dos dirigentes de Marketing e Vendas do estado por meio de cursos, confer\u00eancias, premia\u00e7\u00f5es e eventos.<\/p>\n<p style=\"text-align: justify;\"><img fetchpriority=\"high\" decoding=\"async\" class=\"aligncenter wp-image-16842 size-full\" src=\"https:\/\/www.sertsc.org.br\/site\/wp-content\/uploads\/2021\/10\/6172ba755ca3b-scaled.jpg\" alt=\"\" width=\"2560\" height=\"1707\" \/><\/p>\n<p style=\"text-align: justify;\">Ex-presidente da ACAERT, Marise Westphal Hartke, pres. Silvano Silva e presidente do SERT\/SC, Ana Paula Melo<\/p>\n<p style=\"text-align: justify;\"><img decoding=\"async\" class=\"aligncenter wp-image-16844 size-full\" src=\"https:\/\/www.sertsc.org.br\/site\/wp-content\/uploads\/2021\/10\/6172bab85b385-scaled.jpg\" alt=\"\" width=\"2560\" height=\"1707\" \/><\/p>\n<p style=\"text-align: justify;\">Presidente da ACAERT, Silvano Silva e presidente da ADVB\/SC, Angela Gon\u00e7alves<\/p>\n<p style=\"text-align: justify;\">\n<p style=\"text-align: justify;\">Fonte: ACAERT<\/p>\n<p style=\"text-align: justify;\">\n","protected":false},"excerpt":{"rendered":"<p>A Associa\u00e7\u00e3o dos Dirigentes de Vendas e Marketing \u2013\u00a0ADVB\/SC\u00a0reconheceu nesta&hellip;<\/p>\n<p> <a class=\"more-link\" href=\"https:\/\/sertsc.org.br\/site\/acoes-da-acaert-durante-a-pandemia-da-covid-19-sao-premiadas\/\">Leia mais<\/a><\/p>\n","protected":false},"author":1,"featured_media":16841,"comment_status":"open","ping_status":"open","sticky":false,"template":"","format":"standard","meta":{"footnotes":""},"categories":[33,3],"tags":[],"class_list":{"0":"post-16840","1":"post","2":"type-post","3":"status-publish","4":"format-standard","5":"has-post-thumbnail","7":"category-destaques","8":"category-noticias"},"_links":{"self":[{"href":"https:\/\/sertsc.org.br\/site\/wp-json\/wp\/v2\/posts\/16840","targetHints":{"allow":["GET"]}}],"collection":[{"href":"https:\/\/sertsc.org.br\/site\/wp-json\/wp\/v2\/posts"}],"about":[{"href":"https:\/\/sertsc.org.br\/site\/wp-json\/wp\/v2\/types\/post"}],"author":[{"embeddable":true,"href":"https:\/\/sertsc.org.br\/site\/wp-json\/wp\/v2\/users\/1"}],"replies":[{"embeddable":true,"href":"https:\/\/sertsc.org.br\/site\/wp-json\/wp\/v2\/comments?post=16840"}],"version-history":[{"count":0,"href":"https:\/\/sertsc.org.br\/site\/wp-json\/wp\/v2\/posts\/16840\/revisions"}],"wp:featuredmedia":[{"embeddable":true,"href":"https:\/\/sertsc.org.br\/site\/wp-json\/"}],"wp:attachment":[{"href":"https:\/\/sertsc.org.br\/site\/wp-json\/wp\/v2\/media?parent=16840"}],"wp:term":[{"taxonomy":"category","embeddable":true,"href":"https:\/\/sertsc.org.br\/site\/wp-json\/wp\/v2\/categories?post=16840"},{"taxonomy":"post_tag","embeddable":true,"href":"https:\/\/sertsc.org.br\/site\/wp-json\/wp\/v2\/tags?post=16840"}],"curies":[{"name":"wp","href":"https:\/\/api.w.org\/{rel}","templated":true}]}}