{"id":16827,"date":"2021-10-22T09:05:56","date_gmt":"2021-10-22T12:05:56","guid":{"rendered":"https:\/\/www.sertsc.org.br\/site\/?p=16827"},"modified":"2021-10-22T09:05:56","modified_gmt":"2021-10-22T12:05:56","slug":"leilao-do-5g-deve-movimentar-r-169-bilhoes-em-investimentos","status":"publish","type":"post","link":"https:\/\/sertsc.org.br\/site\/leilao-do-5g-deve-movimentar-r-169-bilhoes-em-investimentos\/","title":{"rendered":"Leil\u00e3o do 5G deve movimentar R$ 169 bilh\u00f5es em investimentos"},"content":{"rendered":"<p style=\"text-align: justify;\">O Brasil se prepara para o\u00a0<strong>maior\u00a0<span class=\"highlightedSearchTerm\">leil\u00e3o<\/span>\u00a0de radiofrequ\u00eancias da hist\u00f3ria<\/strong>, conduzi<span class=\"highlightedSearchTerm\">do<\/span>\u00a0pelo Minist\u00e9rio das Comunica\u00e7\u00f5es (MCom) e pela Ag\u00eancia Nacional de Telecomunica\u00e7\u00f5es (Anatel). Com a licita\u00e7\u00e3o das faixas de 700 MHz, 2,3 GHz, 3,5 GHz e 26 GHz, o pa\u00eds elevar\u00e1 o patamar de comunica\u00e7\u00e3o m\u00f3vel e atrair\u00e1\u00a0<span class=\"highlightedSearchTerm\">investimentos<\/span>\u00a0que ir\u00e3o transformar o cen\u00e1rio de telecomunica\u00e7\u00f5es\u00a0<span class=\"highlightedSearchTerm\">em<\/span>\u00a0to<span class=\"highlightedSearchTerm\">do<\/span>s os munic\u00edpios brasileiros. A expectativa \u00e9 de que a l<strong>icita\u00e7\u00e3o\u00a0<span class=\"highlightedSearchTerm\">do<\/span>\u00a0<span class=\"highlightedSearchTerm\">5G<\/span>\u00a0movimente\u00a0<span class=\"highlightedSearchTerm\">R$<\/span>\u00a0<span class=\"highlightedSearchTerm\">169<\/span>\u00a0<span class=\"highlightedSearchTerm\">bilh\u00f5es<\/span><\/strong>\u00a0nos pr\u00f3ximos 20 anos, segun<span class=\"highlightedSearchTerm\">do<\/span>\u00a0estimativas da Anatel.<\/p>\n<p style=\"text-align: justify;\">De acor<span class=\"highlightedSearchTerm\">do<\/span>\u00a0com os c\u00e1lculos,\u00a0<strong><span class=\"highlightedSearchTerm\">R$<\/span>\u00a070\u00a0<span class=\"highlightedSearchTerm\">bilh\u00f5es<\/span><\/strong>\u00a0<span class=\"highlightedSearchTerm\">deve<\/span>m ser investi<span class=\"highlightedSearchTerm\">do<\/span>s pelas opera<span class=\"highlightedSearchTerm\">do<\/span>ras de telecomunica\u00e7\u00f5es\u00a0<span class=\"highlightedSearchTerm\">em<\/span>\u00a0to<span class=\"highlightedSearchTerm\">do<\/span>\u00a0o Brasil para\u00a0<strong>cumprir as obriga\u00e7\u00f5es previstas no edital<\/strong>. Entre os compromissos est\u00e3o a amplia\u00e7\u00e3o da cobertura 4G\u00a0<span class=\"highlightedSearchTerm\">em<\/span>\u00a0mais de 9 mil localidades e\u00a0<span class=\"highlightedSearchTerm\">em<\/span>\u00a031 mil quil\u00f4metros de ro<span class=\"highlightedSearchTerm\">do<\/span>vias; a expans\u00e3o da infraestrutura de fibra \u00f3tica; e a implanta\u00e7\u00e3o da Projeto Amaz\u00f4nia Integrada e Sustent\u00e1vel e da Rede Privativa da Administra\u00e7\u00e3o P\u00fablica Federal.<\/p>\n<p style=\"text-align: justify;\">O restante\u00a0<span class=\"highlightedSearchTerm\">do<\/span>\u00a0valor, estima<span class=\"highlightedSearchTerm\">do<\/span>\u00a0<span class=\"highlightedSearchTerm\">em<\/span>\u00a0<strong><span class=\"highlightedSearchTerm\">R$<\/span>\u00a099\u00a0<span class=\"highlightedSearchTerm\">bilh\u00f5es<\/span><\/strong>, refere-se a\u00a0<strong><span class=\"highlightedSearchTerm\">investimentos<\/span>\u00a0necess\u00e1rios \u00e0 presta\u00e7\u00e3o comercial de servi\u00e7os de telecomunica\u00e7\u00f5es<\/strong>\u00a0por meio das faixas de radiofrequ\u00eancia que est\u00e3o sen<span class=\"highlightedSearchTerm\">do<\/span>\u00a0licitadas.<\/p>\n<p style=\"text-align: justify;\">A proje\u00e7\u00e3o bilion\u00e1ria total corresponde \u00e0s\u00a0<strong>despesas com bens de capital<\/strong>\u00a0&#8211; por ex<span class=\"highlightedSearchTerm\">em<\/span>plo, aquisi\u00e7\u00e3o de m\u00e1quinas, de equipamentos e a implanta\u00e7\u00e3o de redes e de outras infraestruturas f\u00edsicas.<\/p>\n<p style=\"text-align: justify;\"><strong>COMPROMISSOS DE INVESTIMENTO<\/strong>\u00a0\u2013 O pa\u00eds optou por realizar um\u00a0<strong><span class=\"highlightedSearchTerm\">leil\u00e3o<\/span>\u00a0n\u00e3o arrecadat\u00f3rio<\/strong>. Desse mo<span class=\"highlightedSearchTerm\">do<\/span>, incluiu como contrapartida para a aquisi\u00e7\u00e3o das faixas de radiofrequ\u00eancia\u00a0<strong><span class=\"highlightedSearchTerm\">investimentos<\/span>\u00a0para amplia\u00e7\u00e3o da conectividade<\/strong>. Esses compromissos representam custos para as opera<span class=\"highlightedSearchTerm\">do<\/span>ras, uma vez que\u00a0<span class=\"highlightedSearchTerm\">deve<\/span>r\u00e3o aplicar recursos\u00a0<span class=\"highlightedSearchTerm\">em<\/span>\u00a0outros setores para ter<span class=\"highlightedSearchTerm\">em<\/span>\u00a0o direito de prestar os servi\u00e7os nas faixas licitadas.<\/p>\n<p style=\"text-align: justify;\">Para tornar prop\u00edcia a licita\u00e7\u00e3o, a Anatel deduz esses custos extras\u00a0<span class=\"highlightedSearchTerm\">do<\/span>\u00a0<strong>valor econ\u00f4mico das faixas<\/strong>, estima<span class=\"highlightedSearchTerm\">do<\/span>\u00a0<span class=\"highlightedSearchTerm\">em<\/span>\u00a0<strong><span class=\"highlightedSearchTerm\">R$<\/span>\u00a050\u00a0<span class=\"highlightedSearchTerm\">bilh\u00f5es<\/span><\/strong>. Cerca de\u00a0<strong>80%<\/strong>\u00a0desse pre\u00e7o m\u00ednimo foi reduzi<span class=\"highlightedSearchTerm\">do<\/span>\u00a0para ser<span class=\"highlightedSearchTerm\">em<\/span>\u00a0reverti<span class=\"highlightedSearchTerm\">do<\/span>s pelas opera<span class=\"highlightedSearchTerm\">do<\/span>ras na\u00a0<strong>expans\u00e3o da infraestrutura<\/strong>\u00a0<span class=\"highlightedSearchTerm\">em<\/span>\u00a0regi\u00f5es com pouca ou nenhuma infraestrutura.\u00a0<span class=\"highlightedSearchTerm\">Em<\/span>\u00a0uma licita\u00e7\u00e3o tradicional, o valor integral seria exigi<span class=\"highlightedSearchTerm\">do<\/span>.<\/p>\n<p style=\"text-align: justify;\">Na pr\u00e1tica, a Uni\u00e3o deixa de arrecadar os recursos\u00a0<span class=\"highlightedSearchTerm\">em<\/span>\u00a0troca da execu\u00e7\u00e3o de compromissos que beneficiar\u00e3o toda a popula\u00e7\u00e3o brasileira. Ao inv\u00e9s de\u00a0<span class=\"highlightedSearchTerm\">R$<\/span>\u00a050\u00a0<span class=\"highlightedSearchTerm\">bilh\u00f5es<\/span>, o\u00a0<span class=\"highlightedSearchTerm\">leil\u00e3o<\/span>\u00a0<span class=\"highlightedSearchTerm\">do<\/span>\u00a0<span class=\"highlightedSearchTerm\">5G<\/span>\u00a0espera arrecadar\u00a0<strong><span class=\"highlightedSearchTerm\">R$<\/span>\u00a09\u00a0<span class=\"highlightedSearchTerm\">bilh\u00f5es<\/span>\u00a0para os cofres p\u00fablicos<\/strong>. Por isso \u00e9 que se diz que a licita\u00e7\u00e3o t<span class=\"highlightedSearchTerm\">em<\/span>\u00a0perfil \u201cn\u00e3o arrecadat\u00f3rio\u201d.<\/p>\n<p style=\"text-align: justify;\">\u201cCom o\u00a0<span class=\"highlightedSearchTerm\">leil\u00e3o<\/span>\u00a0<span class=\"highlightedSearchTerm\">do<\/span>\u00a0<span class=\"highlightedSearchTerm\">5G<\/span>, n\u00f3s vamos conectar to<span class=\"highlightedSearchTerm\">do<\/span>\u00a0o Brasil e garantir condi\u00e7\u00e3o m\u00ednima de inclus\u00e3o digital e social a 40 milh\u00f5es de brasileiros que ainda viv<span class=\"highlightedSearchTerm\">em<\/span>\u00a0no deserto digital\u201d, assegura o ministro das Comunica\u00e7\u00f5es, F\u00e1bio Faria.\u00a0<strong>To<span class=\"highlightedSearchTerm\">do<\/span>s os 5.570 munic\u00edpios<\/strong>\u00a0ser\u00e3o beneficia<span class=\"highlightedSearchTerm\">do<\/span>s com os\u00a0<span class=\"highlightedSearchTerm\">investimentos<\/span>\u00a0feitos a partir\u00a0<span class=\"highlightedSearchTerm\">do<\/span>\u00a0<span class=\"highlightedSearchTerm\">leil\u00e3o<\/span>\u00a0<span class=\"highlightedSearchTerm\">do<\/span>\u00a0<span class=\"highlightedSearchTerm\">5G.<\/span><\/p>\n<p style=\"text-align: justify;\"><img fetchpriority=\"high\" decoding=\"async\" class=\"aligncenter wp-image-16829 size-full\" src=\"https:\/\/www.sertsc.org.br\/site\/wp-content\/uploads\/2021\/10\/a26519f2-6ccc-45f6-a9d3-8cdabf659ee7.jpeg\" alt=\"\" width=\"760\" height=\"427\" \/><\/p>\n<p>&nbsp;<\/p>\n<p class=\"callout\" style=\"text-align: justify;\"><strong>Para onde ir\u00e3o os\u00a0<span class=\"highlightedSearchTerm\">investimentos<\/span>?<\/strong><\/p>\n<p class=\" \" style=\"text-align: justify;\"><strong>Conectividade\u00a0<span class=\"highlightedSearchTerm\">5G<\/span><\/strong>\u00a0\u2013 Com a compra das faixas\u00a0<span class=\"highlightedSearchTerm\">do<\/span>\u00a0<span class=\"highlightedSearchTerm\">leil\u00e3o<\/span>, as opera<span class=\"highlightedSearchTerm\">do<\/span>ras de telefonia\u00a0<span class=\"highlightedSearchTerm\">deve<\/span>m garantir que a cobertura\u00a0<span class=\"highlightedSearchTerm\">5G<\/span>\u00a0chegue a todas as sedes municipais at\u00e9 2029. Para isso, a Anatel estima que as opera<span class=\"highlightedSearchTerm\">do<\/span>ras\u00a0<span class=\"highlightedSearchTerm\">deve<\/span>m investir\u00a0<strong><span class=\"highlightedSearchTerm\">R$<\/span>\u00a051\u00a0<span class=\"highlightedSearchTerm\">bilh\u00f5es<\/span><\/strong>, ao longo de 20 anos.<\/p>\n<p class=\" \" style=\"text-align: justify;\"><strong>Amplia\u00e7\u00e3o da cobertura 4G\u00a0<span class=\"highlightedSearchTerm\">em<\/span>\u00a0localidades e estradas<\/strong>\u00a0&#8211; As opera<span class=\"highlightedSearchTerm\">do<\/span>ras de telefonia que ganhar<span class=\"highlightedSearchTerm\">em<\/span>\u00a0o direito de explorar as faixas\u00a0<span class=\"highlightedSearchTerm\">do<\/span>\u00a0<span class=\"highlightedSearchTerm\">5G<\/span>\u00a0t\u00eam como compromisso expandir a cobertura da rede m\u00f3vel 4G para munic\u00edpios e localidades que ainda n\u00e3o contam com essa gera\u00e7\u00e3o de internet. A estimativa da Anatel \u00e9 de que ser\u00e3o investi<span class=\"highlightedSearchTerm\">do<\/span>s\u00a0<strong><span class=\"highlightedSearchTerm\">R$<\/span>\u00a01,1 bilh\u00e3o<\/strong>, durante 20 anos, para levar\u00a0<strong>conex\u00e3o 4G para 415 cidades<\/strong>. Dessa forma, to<span class=\"highlightedSearchTerm\">do<\/span>s os munic\u00edpios brasileiros ter\u00e3o a cobertura. Al\u00e9m disso, \u00e9 previsto investimento de\u00a0<strong><span class=\"highlightedSearchTerm\">R$<\/span>\u00a010\u00a0<span class=\"highlightedSearchTerm\">bilh\u00f5es<\/span><\/strong>\u00a0para assegurar\u00a0<strong>4G\u00a0<span class=\"highlightedSearchTerm\">em<\/span>\u00a0de 9.696 localidades<\/strong>\u00a0fora de sede de munic\u00edpios, como aglomera<span class=\"highlightedSearchTerm\">do<\/span>s urbanos, vilarejos e povoa<span class=\"highlightedSearchTerm\">do<\/span>s. A cobertura da quarta gera\u00e7\u00e3o de internet m\u00f3vel tamb\u00e9m chegar\u00e1 a mais de\u00a0<strong>31 mil quil\u00f4metros de ro<span class=\"highlightedSearchTerm\">do<\/span>vias federais<\/strong>. Ser\u00e3o destina<span class=\"highlightedSearchTerm\">do<\/span>s\u00a0<strong><span class=\"highlightedSearchTerm\">R$<\/span>\u00a01,6 bilh\u00e3o<\/strong>, nos pr\u00f3ximos 20 anos.<\/p>\n<p style=\"text-align: justify;\"><strong>Expans\u00e3o da infraestrutura de fibra \u00f3ptica<\/strong>\u00a0\u2013 O edital\u00a0<span class=\"highlightedSearchTerm\">do<\/span>\u00a0<span class=\"highlightedSearchTerm\">leil\u00e3o<\/span>\u00a0<span class=\"highlightedSearchTerm\">do<\/span>\u00a0<span class=\"highlightedSearchTerm\">5G<\/span>\u00a0prev\u00ea a constru\u00e7\u00e3o de rede de transporte de fibra \u00f3ptica de alta capacidade para atender<strong>\u00a0530 cidades<\/strong>. \u00c9 previsto investimento de\u00a0<strong><span class=\"highlightedSearchTerm\">R$<\/span>\u00a01 bilh\u00e3o<\/strong>\u00a0nos pr\u00f3ximos 20 anos para garantir a implanta\u00e7\u00e3o de backhaul nas localidades.<\/p>\n<p style=\"text-align: justify;\"><strong>Projeto Amaz\u00f4nia Integrada e Sustent\u00e1vel (PAIS)<\/strong>\u00a0\u2013 Para a implanta\u00e7\u00e3o da rede de transporte de fibra \u00f3ptica na Regi\u00e3o Amaz\u00f4nica, as opera<span class=\"highlightedSearchTerm\">do<\/span>ras\u00a0<span class=\"highlightedSearchTerm\">deve<\/span>m investir<strong>\u00a0<span class=\"highlightedSearchTerm\">R$<\/span>\u00a01,3 bilh\u00e3o<\/strong>. A infraestrutura ser\u00e1 instalada ao longo\u00a0<span class=\"highlightedSearchTerm\">do<\/span>s leitos\u00a0<span class=\"highlightedSearchTerm\">do<\/span>s rios e contar\u00e1 tamb\u00e9m com redes metropolitanas conectan<span class=\"highlightedSearchTerm\">do<\/span>\u00a0os munic\u00edpios ao backhaul. O PAIS permitir\u00e1 conex\u00e3o de estabelecimentos p\u00fablicos, como institui\u00e7\u00f5es de ensino, unidades de sa\u00fade, hospitais, bibliotecas, institui\u00e7\u00f5es de seguran\u00e7a p\u00fablica e tribunais.<\/p>\n<p style=\"text-align: justify;\"><strong>Rede privativa\u00a0<span class=\"highlightedSearchTerm\">do<\/span>\u00a0Governo Federal<\/strong>\u00a0\u2013 Ser\u00e1 investi<span class=\"highlightedSearchTerm\">do<\/span>\u00a0<strong><span class=\"highlightedSearchTerm\">R$<\/span>\u00a01 bilh\u00e3o<\/strong>\u00a0na constru\u00e7\u00e3o de uma rede privativa da Administra\u00e7\u00e3o P\u00fablica Federal. A rede privativa t<span class=\"highlightedSearchTerm\">em<\/span>\u00a0<span class=\"highlightedSearchTerm\">do<\/span>is segmentos: uma rede fixa de fibra \u00f3ptica, ligan<span class=\"highlightedSearchTerm\">do<\/span>\u00a0\u00f3rg\u00e3o p\u00fablicos no DF e nas capitais estaduais, e uma rede m\u00f3vel no Distrito Federal, que tamb\u00e9m estar\u00e1 dispon\u00edvel para atividades de seguran\u00e7a p\u00fablica, defesa, servi\u00e7os de\u00a0<span class=\"highlightedSearchTerm\">em<\/span>erg\u00eancia e resposta a desastres.<\/p>\n<p style=\"text-align: justify;\"><strong>Entrega de kits de televis\u00e3o para fam\u00edlias\u00a0<span class=\"highlightedSearchTerm\">do<\/span>\u00a0CAD\u00daNICO<\/strong>\u00a0\u2013 Opera<span class=\"highlightedSearchTerm\">do<\/span>ras ganha<span class=\"highlightedSearchTerm\">do<\/span>ras\u00a0<span class=\"highlightedSearchTerm\">do<\/span>\u00a0<span class=\"highlightedSearchTerm\">leil\u00e3o<\/span>\u00a0<span class=\"highlightedSearchTerm\">deve<\/span>m investir\u00a0<strong><span class=\"highlightedSearchTerm\">R$<\/span>\u00a03,5\u00a0<span class=\"highlightedSearchTerm\">bilh\u00f5es<\/span><\/strong>\u00a0na compra de kits de televis\u00e3o via sat\u00e9lite que ser\u00e3o entregues a fam\u00edlias de baixa renda\u00a0<span class=\"highlightedSearchTerm\">do<\/span>\u00a0Cadastro \u00danico de Programas Sociais\u00a0<span class=\"highlightedSearchTerm\">do<\/span>\u00a0Governo Federal. Com a ativa\u00e7\u00e3o\u00a0<span class=\"highlightedSearchTerm\">do<\/span>\u00a0<span class=\"highlightedSearchTerm\">5G<\/span>, os sinais das antenas parab\u00f3licas de televis\u00e3o ser\u00e3o desliga<span class=\"highlightedSearchTerm\">do<\/span>s. Isso porque ocupam a mesma faixa de frequ\u00eancia da nova tecnologia. Para garantir que as fam\u00edlias possam continuar com acesso servi\u00e7o de TV, ser\u00e1 preciso a instala\u00e7\u00e3o\u00a0<span class=\"highlightedSearchTerm\">do<\/span>s novos equipamentos.<\/p>\n<p style=\"text-align: justify;\"><strong>Conectividade\u00a0<span class=\"highlightedSearchTerm\">em<\/span>\u00a0escolas<\/strong>\u00a0&#8211; Recursos obti<span class=\"highlightedSearchTerm\">do<\/span>s com a venda da faixa de 26 GHz ser\u00e3o destina<span class=\"highlightedSearchTerm\">do<\/span>s a\u00a0<strong>projetos de conectividade de escolas p\u00fablicas<\/strong>. As opera<span class=\"highlightedSearchTerm\">do<\/span>ras vence<span class=\"highlightedSearchTerm\">do<\/span>ras ir\u00e3o constituir Entidade Administra<span class=\"highlightedSearchTerm\">do<\/span>ra da Conectividade das Escolas (EACE) que realizar\u00e1 o investimento seguin<span class=\"highlightedSearchTerm\">do<\/span>\u00a0diretrizes definidas pelo Grupo de Acompanhamento\u00a0<span class=\"highlightedSearchTerm\">do<\/span>\u00a0Custeio \u00e0 Projetos de Conectividade de Escolas (GAPE). Esse grupo ser\u00e1 forma<span class=\"highlightedSearchTerm\">do<\/span>\u00a0por representes da Anatel, MCom e de cada uma das proponentes vence<span class=\"highlightedSearchTerm\">do<\/span>ras da faixa 26 GHz. O valor exato para a execu\u00e7\u00e3o\u00a0<span class=\"highlightedSearchTerm\">do<\/span>s projetos\u00a0<span class=\"highlightedSearchTerm\">em<\/span>\u00a0escolas ainda n\u00e3o est\u00e1 defini<span class=\"highlightedSearchTerm\">do<\/span>, pois depende da realiza\u00e7\u00e3o\u00a0<span class=\"highlightedSearchTerm\">do<\/span>\u00a0<span class=\"highlightedSearchTerm\">leil\u00e3o<\/span>.<\/p>\n<p style=\"text-align: justify;\"><img decoding=\"async\" class=\"aligncenter wp-image-16828 size-full\" src=\"https:\/\/www.sertsc.org.br\/site\/wp-content\/uploads\/2021\/10\/2021.10.14_5G_InfograficoSite.png\" alt=\"\" width=\"512\" height=\"1280\" \/><\/p>\n<p style=\"text-align: justify;\">\n<p style=\"text-align: justify;\">Fonte: MCom<\/p>\n","protected":false},"excerpt":{"rendered":"<p>O Brasil se prepara para o\u00a0maior\u00a0leil\u00e3o\u00a0de radiofrequ\u00eancias da hist\u00f3ria, conduzido\u00a0pelo&hellip;<\/p>\n<p> <a class=\"more-link\" href=\"https:\/\/sertsc.org.br\/site\/leilao-do-5g-deve-movimentar-r-169-bilhoes-em-investimentos\/\">Leia mais<\/a><\/p>\n","protected":false},"author":1,"featured_media":16830,"comment_status":"open","ping_status":"open","sticky":false,"template":"","format":"standard","meta":{"footnotes":""},"categories":[33,3],"tags":[],"class_list":{"0":"post-16827","1":"post","2":"type-post","3":"status-publish","4":"format-standard","5":"has-post-thumbnail","7":"category-destaques","8":"category-noticias"},"_links":{"self":[{"href":"https:\/\/sertsc.org.br\/site\/wp-json\/wp\/v2\/posts\/16827","targetHints":{"allow":["GET"]}}],"collection":[{"href":"https:\/\/sertsc.org.br\/site\/wp-json\/wp\/v2\/posts"}],"about":[{"href":"https:\/\/sertsc.org.br\/site\/wp-json\/wp\/v2\/types\/post"}],"author":[{"embeddable":true,"href":"https:\/\/sertsc.org.br\/site\/wp-json\/wp\/v2\/users\/1"}],"replies":[{"embeddable":true,"href":"https:\/\/sertsc.org.br\/site\/wp-json\/wp\/v2\/comments?post=16827"}],"version-history":[{"count":0,"href":"https:\/\/sertsc.org.br\/site\/wp-json\/wp\/v2\/posts\/16827\/revisions"}],"wp:featuredmedia":[{"embeddable":true,"href":"https:\/\/sertsc.org.br\/site\/wp-json\/"}],"wp:attachment":[{"href":"https:\/\/sertsc.org.br\/site\/wp-json\/wp\/v2\/media?parent=16827"}],"wp:term":[{"taxonomy":"category","embeddable":true,"href":"https:\/\/sertsc.org.br\/site\/wp-json\/wp\/v2\/categories?post=16827"},{"taxonomy":"post_tag","embeddable":true,"href":"https:\/\/sertsc.org.br\/site\/wp-json\/wp\/v2\/tags?post=16827"}],"curies":[{"name":"wp","href":"https:\/\/api.w.org\/{rel}","templated":true}]}}