{"id":16822,"date":"2021-10-22T08:44:29","date_gmt":"2021-10-22T11:44:29","guid":{"rendered":"https:\/\/www.sertsc.org.br\/site\/?p=16822"},"modified":"2021-10-22T08:44:29","modified_gmt":"2021-10-22T11:44:29","slug":"pleito-das-tvs-nao-e-contemplado-pela-anatel-no-edital-do-5g","status":"publish","type":"post","link":"https:\/\/sertsc.org.br\/site\/pleito-das-tvs-nao-e-contemplado-pela-anatel-no-edital-do-5g\/","title":{"rendered":"Pleito das TVs n\u00e3o \u00e9 contemplado pela Anatel no Edital do 5G"},"content":{"rendered":"<p style=\"text-align: justify;\">A antecipa\u00e7\u00e3o da oferta de servi\u00e7os 5G em cidades e localidades que n\u00e3o est\u00e3o listadas nos compromissos de cobertura listados no edital\u00a0 poder\u00e1 ocorrer com mais facilidade, ap\u00f3s os esclarecimentos da ag\u00eancia reguladora aos questionamentos formulados pela Abert e Abratel\u00a0 em rela\u00e7\u00e3o a cl\u00e1usulas do edital do 5G e que foram divulgados hoje, 16, pela Anatel. As duas entidades representativas das emissoras de TV comerciais enviaram dois questionamentos em rela\u00e7\u00e3o a essa antecipa\u00e7\u00e3o, que foi determinada pelo\u00a0<a href=\"https:\/\/www.telesintese.com.br\/ministro-do-tcu-duvida-que-5g-seja-ativado-nas-capitais-ate-julho-de-2022\/\" target=\"_blank\" rel=\"noopener noreferrer\">Tribunal de Contas da Uni\u00e3o (TCU).<\/a><\/p>\n<p style=\"text-align: justify;\">Conforme\u00a0<a href=\"https:\/\/www.telesintese.com.br\/leilaotvs-querem-antecipacao-da-5g-apenas-com-a-35-ghz-toda-limpa\/\" target=\"_blank\" rel=\"noopener noreferrer\">publicado pelo Tele.S\u00edntese,<\/a>\u00a0o setor de radiodifus\u00e3o pretendia que a Anatel esclarecesse se a presta\u00e7\u00e3o do servi\u00e7o de celular em novas localidades s\u00f3 poderia ocorrer se condicionada \u00e0 inexist\u00eancia de servi\u00e7o fixo por sat\u00e9lite (FSS) e tamb\u00e9m \u00e0 inexist\u00eancia de recep\u00e7\u00e3o do sinal de televis\u00e3o aberta e gratuita na faixa. Argumentavam as entidades: \u201cA antecipa\u00e7\u00e3o do uso da subfaixa pelo 5G apenas ocorrer\u00e1 se as duas condi\u00e7\u00f5es negativas se concretizarem\u201d. Ao que a comiss\u00e3o de licita\u00e7\u00e3o respondeu: \u201cn\u00e3o \u00e9 correto o entendimento\u201d. A antecipa\u00e7\u00e3o do uso dever\u00e1 seguir as condi\u00e7\u00f5es previstas no edital e ser\u00e1 objeto de avalia\u00e7\u00e3o do GAISPI (grupo respons\u00e1vel pela limpeza do espectro).<\/p>\n<p style=\"text-align: justify;\">Quanto ao outro questionamento formulado pelas emissoras de TV, de que \u201ca n\u00e3o interfer\u00eancia na recep\u00e7\u00e3o de TV aberta e gratuita dever\u00e1 alcan\u00e7ar a totalidade da faixa hoje ocupada, de 3.625 MHz a 4.200 MHz (ou seja, incluiria a Banda C estendida)\u201d , a ag\u00eancia respondeu que caber\u00e1 ao GAISPI e \u00e0 EAF (empresa que ir\u00e1 administrar o dinheiro da limpeza do espectro) tratarem da quest\u00e3o.<\/p>\n<p style=\"text-align: justify;\">\n<p style=\"text-align: justify;\">Fonte: TeleSintese<\/p>\n","protected":false},"excerpt":{"rendered":"<p>A antecipa\u00e7\u00e3o da oferta de servi\u00e7os 5G em cidades e&hellip;<\/p>\n<p> <a class=\"more-link\" href=\"https:\/\/sertsc.org.br\/site\/pleito-das-tvs-nao-e-contemplado-pela-anatel-no-edital-do-5g\/\">Leia mais<\/a><\/p>\n","protected":false},"author":1,"featured_media":16823,"comment_status":"open","ping_status":"open","sticky":false,"template":"","format":"standard","meta":{"footnotes":""},"categories":[33,3],"tags":[],"class_list":{"0":"post-16822","1":"post","2":"type-post","3":"status-publish","4":"format-standard","5":"has-post-thumbnail","7":"category-destaques","8":"category-noticias"},"_links":{"self":[{"href":"https:\/\/sertsc.org.br\/site\/wp-json\/wp\/v2\/posts\/16822","targetHints":{"allow":["GET"]}}],"collection":[{"href":"https:\/\/sertsc.org.br\/site\/wp-json\/wp\/v2\/posts"}],"about":[{"href":"https:\/\/sertsc.org.br\/site\/wp-json\/wp\/v2\/types\/post"}],"author":[{"embeddable":true,"href":"https:\/\/sertsc.org.br\/site\/wp-json\/wp\/v2\/users\/1"}],"replies":[{"embeddable":true,"href":"https:\/\/sertsc.org.br\/site\/wp-json\/wp\/v2\/comments?post=16822"}],"version-history":[{"count":0,"href":"https:\/\/sertsc.org.br\/site\/wp-json\/wp\/v2\/posts\/16822\/revisions"}],"wp:featuredmedia":[{"embeddable":true,"href":"https:\/\/sertsc.org.br\/site\/wp-json\/"}],"wp:attachment":[{"href":"https:\/\/sertsc.org.br\/site\/wp-json\/wp\/v2\/media?parent=16822"}],"wp:term":[{"taxonomy":"category","embeddable":true,"href":"https:\/\/sertsc.org.br\/site\/wp-json\/wp\/v2\/categories?post=16822"},{"taxonomy":"post_tag","embeddable":true,"href":"https:\/\/sertsc.org.br\/site\/wp-json\/wp\/v2\/tags?post=16822"}],"curies":[{"name":"wp","href":"https:\/\/api.w.org\/{rel}","templated":true}]}}