{"id":16691,"date":"2021-10-08T09:12:58","date_gmt":"2021-10-08T12:12:58","guid":{"rendered":"https:\/\/www.sertsc.org.br\/site\/?p=16691"},"modified":"2021-10-08T09:12:58","modified_gmt":"2021-10-08T12:12:58","slug":"desoneracao-da-folha-relator-na-ccj-da-camara-da-parecer-favoravel-ao-projeto","status":"publish","type":"post","link":"https:\/\/sertsc.org.br\/site\/desoneracao-da-folha-relator-na-ccj-da-camara-da-parecer-favoravel-ao-projeto\/","title":{"rendered":"Desonera\u00e7\u00e3o da folha: relator na CCJ da C\u00e2mara d\u00e1 parecer favor\u00e1vel ao projeto"},"content":{"rendered":"<p class=\"content-head__subtitle\" style=\"text-align: justify;\">Projeto prorroga desonera\u00e7\u00e3o at\u00e9 2026 para os 17 setores da economia que mais empregam no pa\u00eds. Se aprovada na CCJ da C\u00e2mara, proposta seguir\u00e1 diretamente para o Senado.<\/p>\n<div class=\"mc-column content-text active-extra-styles active-capital-letter\" style=\"text-align: justify;\" data-block-type=\"unstyled\" data-block-weight=\"46\" data-block-id=\"1\">\n<p class=\"content-text__container theme-color-primary-first-letter\" data-track-category=\"Link no Texto\" data-track-links=\"\">O deputado federal Marcelo Freitas (PSL-MG) apresentou parecer favor\u00e1vel ao projeto que\u00a0<a href=\"https:\/\/g1.globo.com\/politica\/noticia\/2021\/09\/15\/comissao-da-camara-aprova-projeto-que-estende-a-desoneracao-da-folha-de-pagamento-ate-2026.ghtml\">prorroga a desonera\u00e7\u00e3o da folha de pagamento de empresas<\/a>\u00a0dos 17 setores da economia que mais empregam no pa\u00eds. Freitas \u00e9 o relator do projeto na Comiss\u00e3o de Constitui\u00e7\u00e3o e Justi\u00e7a (CCJ) da C\u00e2mara.<\/p>\n<\/div>\n<div class=\"wall protected-content\">\n<div class=\"mc-column content-text active-extra-styles \" style=\"text-align: justify;\" data-block-type=\"unstyled\" data-block-weight=\"29\" data-block-id=\"2\">\n<p class=\"content-text__container \" data-track-category=\"Link no Texto\" data-track-links=\"\">O relator protocolou a primeira vers\u00e3o do parecer nesta segunda (4). No entanto, nesta ter\u00e7a (5), pediu o texto de volta, o que permite a ele fazer eventuais mudan\u00e7as.<\/p>\n<\/div>\n<div class=\"mc-column content-text active-extra-styles \" style=\"text-align: justify;\" data-block-type=\"unstyled\" data-block-weight=\"46\" data-block-id=\"3\">\n<p class=\"content-text__container \" data-track-category=\"Link no Texto\" data-track-links=\"\">O projeto\u00a0<a href=\"https:\/\/g1.globo.com\/politica\/noticia\/2021\/09\/15\/comissao-da-camara-aprova-projeto-que-estende-a-desoneracao-da-folha-de-pagamento-ate-2026.ghtml\">j\u00e1 havia passado pela comiss\u00e3o de Finan\u00e7as e Tributa\u00e7\u00e3o<\/a>. Agora, o relat\u00f3rio de Freitas ser\u00e1 votado pela CCJ, o que pode acontecer ainda nesta semana. Se aprovada, a proposta seguir\u00e1 diretamente para o Senado, j\u00e1 que tramita em car\u00e1ter conclusivo pelas comiss\u00f5es da C\u00e2mara.<\/p>\n<\/div>\n<div class=\"mc-column content-text active-extra-styles \" style=\"text-align: justify;\" data-block-type=\"unstyled\" data-block-weight=\"32\" data-block-id=\"4\">\n<p class=\"content-text__container \" data-track-category=\"Link no Texto\" data-track-links=\"\">A desonera\u00e7\u00e3o da folha permite \u00e0s empresas substituir a contribui\u00e7\u00e3o previdenci\u00e1ria, de 20% sobre os sal\u00e1rios dos empregados, por uma al\u00edquota sobre a receita bruta, que varia de 1% a 4,5%.<\/p>\n<\/div>\n<div class=\"mc-column content-text active-extra-styles \" data-block-type=\"unstyled\" data-block-weight=\"30\" data-block-id=\"5\">\n<p class=\"content-text__container \" style=\"text-align: justify;\" data-track-category=\"Link no Texto\" data-track-links=\"\">Entre os 17 setores da economia que podem aderir a esse modelo est\u00e3o: as ind\u00fastrias t\u00eaxtil, de cal\u00e7ados, m\u00e1quinas e equipamentos e prote\u00edna animal, constru\u00e7\u00e3o civil, comunica\u00e7\u00e3o e transporte rodovi\u00e1rio.<\/p>\n<div class=\"mc-column content-text active-extra-styles\" style=\"text-align: justify;\" data-block-type=\"raw\" data-block-weight=\"2\" data-block-id=\"7\">\n<div class=\"content-intertitle\">\n<p><strong>A prorroga\u00e7\u00e3o<\/strong><\/p>\n<\/div>\n<\/div>\n<div class=\"mc-column content-text active-extra-styles \" style=\"text-align: justify;\" data-block-type=\"unstyled\" data-block-weight=\"29\" data-block-id=\"8\">\n<p class=\"content-text__container \" data-track-category=\"Link no Texto\" data-track-links=\"\">A desonera\u00e7\u00e3o est\u00e1 prevista para acabar no fim deste ano. O projeto em an\u00e1lise amplia a medida at\u00e9 31 de dezembro de 2026, ou seja, por mais cinco anos.<\/p>\n<\/div>\n<div class=\"tag-manager-publicidade-container mc-has-reveal mc-has-ad-lazyload tag-manager-publicidade-banner_materia2 tag-manager-publicidade-container--carregado tag-manager-publicidade-container--visivel\" data-id=\"banner_materia2\" data-req=\"true\" data-google-query-id=\"CPnYw_3juvMCFbqMlQIdNUAJCQ\" data-cid=\"null\" data-lid=\"null\">\n<div class=\"mc-column content-text active-extra-styles \" style=\"text-align: justify;\" data-block-type=\"unstyled\" data-block-weight=\"27\" data-block-id=\"10\">\n<p class=\"content-text__container \" data-track-category=\"Link no Texto\" data-track-links=\"\">No parecer, Marcelo Freitas n\u00e3o acolheu emendas feitas ao texto. Isso significa que o projeto segue com a proposta original, elaborada pelo deputado Efraim Filho (DEM-PB).<\/p>\n<\/div>\n<div class=\"mc-column content-text active-extra-styles\" style=\"text-align: justify;\" data-block-type=\"raw\" data-block-weight=\"53\" data-block-id=\"11\">\n<blockquote class=\"content-blockquote theme-border-color-primary-before\"><p>&#8220;Com maior consumo, investimento e exporta\u00e7\u00f5es, possibilitados pela redu\u00e7\u00e3o da carga tribut\u00e1ria incidente sobre a folha de pagamento, o Brasil ter\u00e1 todo incentivo para crescer, ampliar as oportunidades de emprego e melhorar a renda dos trabalhadores. Esses efeitos certamente dar\u00e3o o est\u00edmulo necess\u00e1rio para que a economia volte a ampliar&#8221;, afirmou o relator.<\/p><\/blockquote>\n<\/div>\n<div class=\"mc-column content-text active-extra-styles \" style=\"text-align: justify;\" data-block-type=\"unstyled\" data-block-weight=\"29\" data-block-id=\"12\">\n<p class=\"content-text__container \" data-track-category=\"Link no Texto\" data-track-links=\"\">O projeto de desonera\u00e7\u00e3o da folha abrange os 17 setores que mais geram empregos na economia do pa\u00eds. Esses setores, atualmente, empregam cerca de\u00a0<strong><span class=\"highlight highlighted\">6 milh\u00f5es de trabalhadores<\/span><\/strong>.<\/p>\n<\/div>\n<div class=\"mc-column content-text active-extra-styles \" data-block-type=\"unstyled\" data-block-weight=\"29\" data-block-id=\"13\">\n<p class=\"content-text__container \" style=\"text-align: justify;\" data-track-category=\"Link no Texto\" data-track-links=\"\">O fim da desonera\u00e7\u00e3o causaria impacto negativo no mercado de trabalho num momento em que o desemprego no pa\u00eds est\u00e1 alto e a economia patina para voltar a crescer.<\/p>\n<\/div>\n<p data-track-category=\"Link no Texto\" data-track-links=\"\">Fonte: G1<\/p>\n<\/div>\n<\/div>\n<\/div>\n","protected":false},"excerpt":{"rendered":"<p>Projeto prorroga desonera\u00e7\u00e3o at\u00e9 2026 para os 17 setores da&hellip;<\/p>\n<p> <a class=\"more-link\" href=\"https:\/\/sertsc.org.br\/site\/desoneracao-da-folha-relator-na-ccj-da-camara-da-parecer-favoravel-ao-projeto\/\">Leia mais<\/a><\/p>\n","protected":false},"author":1,"featured_media":16696,"comment_status":"open","ping_status":"open","sticky":false,"template":"","format":"standard","meta":{"footnotes":""},"categories":[33,3],"tags":[],"class_list":{"0":"post-16691","1":"post","2":"type-post","3":"status-publish","4":"format-standard","5":"has-post-thumbnail","7":"category-destaques","8":"category-noticias"},"_links":{"self":[{"href":"https:\/\/sertsc.org.br\/site\/wp-json\/wp\/v2\/posts\/16691","targetHints":{"allow":["GET"]}}],"collection":[{"href":"https:\/\/sertsc.org.br\/site\/wp-json\/wp\/v2\/posts"}],"about":[{"href":"https:\/\/sertsc.org.br\/site\/wp-json\/wp\/v2\/types\/post"}],"author":[{"embeddable":true,"href":"https:\/\/sertsc.org.br\/site\/wp-json\/wp\/v2\/users\/1"}],"replies":[{"embeddable":true,"href":"https:\/\/sertsc.org.br\/site\/wp-json\/wp\/v2\/comments?post=16691"}],"version-history":[{"count":0,"href":"https:\/\/sertsc.org.br\/site\/wp-json\/wp\/v2\/posts\/16691\/revisions"}],"wp:featuredmedia":[{"embeddable":true,"href":"https:\/\/sertsc.org.br\/site\/wp-json\/"}],"wp:attachment":[{"href":"https:\/\/sertsc.org.br\/site\/wp-json\/wp\/v2\/media?parent=16691"}],"wp:term":[{"taxonomy":"category","embeddable":true,"href":"https:\/\/sertsc.org.br\/site\/wp-json\/wp\/v2\/categories?post=16691"},{"taxonomy":"post_tag","embeddable":true,"href":"https:\/\/sertsc.org.br\/site\/wp-json\/wp\/v2\/tags?post=16691"}],"curies":[{"name":"wp","href":"https:\/\/api.w.org\/{rel}","templated":true}]}}