{"id":16687,"date":"2021-10-08T08:15:55","date_gmt":"2021-10-08T11:15:55","guid":{"rendered":"https:\/\/www.sertsc.org.br\/site\/?p=16687"},"modified":"2021-10-08T08:15:55","modified_gmt":"2021-10-08T11:15:55","slug":"camara-dos-deputados-aprova-retomada-de-propaganda-gratuita-de-partidos-politicos-no-radio-e-na-televisao","status":"publish","type":"post","link":"https:\/\/sertsc.org.br\/site\/camara-dos-deputados-aprova-retomada-de-propaganda-gratuita-de-partidos-politicos-no-radio-e-na-televisao\/","title":{"rendered":"C\u00e2mara dos Deputados aprova retomada de propaganda gratuita de partidos pol\u00edticos no r\u00e1dio e na televis\u00e3o"},"content":{"rendered":"<p style=\"text-align: justify;\">Os deputados aprovaram por 270 votos a 115 o substitutivo elaborado pelo relator, deputado Altineu C\u00f4rtes (PL-RJ). Pelo texto, em cada semestre, o partido que cumprir a cl\u00e1usula de desempenho da Emenda Constitucional 97\/17 contar\u00e1 com tempos totais de 5, 10 ou 20 minutos, sempre em inser\u00e7\u00f5es de 30 segundos.<\/p>\n<p style=\"text-align: justify;\">Com isso, o partido que conseguir eleger at\u00e9 nove deputados federais nas elei\u00e7\u00f5es anteriores poder\u00e1 usar 5 minutos por semestre; aqueles com 10 a 20 deputados poder\u00e3o usar 10 minutos; e as legendas com mais de 20 deputados ter\u00e3o tempo de 20 minutos. O tempo \u00e9 assegurado para inser\u00e7\u00f5es nas redes nacionais e em igual quantidade nas emissoras estaduais. Em cada rede, poder\u00e1 haver apenas dez inser\u00e7\u00f5es de 30 segundos por dia.<\/p>\n<p style=\"text-align: justify;\">A cl\u00e1usula de desempenho estipula que somente ter\u00e3o direito ao dinheiro do Fundo Partid\u00e1rio e ao acesso gratuito ao r\u00e1dio e \u00e0 televis\u00e3o os partidos com um m\u00ednimo de votos distribu\u00eddos por 1\/3 dos estados ou um n\u00famero m\u00ednimo de deputados federais, tamb\u00e9m distribu\u00eddos por um 1\/3 dos estados.<\/p>\n<p style=\"text-align: justify;\">Promo\u00e7\u00e3o da participa\u00e7\u00e3o feminina na pol\u00edtica<\/p>\n<p style=\"text-align: justify;\">A propaganda partid\u00e1ria, que n\u00e3o se confunde com a propaganda eleitoral (veiculada no per\u00edodo eleitoral), os partidos dever\u00e3o destinar um m\u00ednimo de 30% das inser\u00e7\u00f5es anuais a que t\u00eam direito para promover e difundir a participa\u00e7\u00e3o pol\u00edtica feminina. Por outro lado, ser\u00e1 proibida a participa\u00e7\u00e3o de pessoa filiada a outro partido.<\/p>\n<p style=\"text-align: justify;\">As inser\u00e7\u00f5es ocorrer\u00e3o entre as 19h30 e as 22h30 a pedido dos partidos e com autoriza\u00e7\u00e3o dos tribunais eleitorais (TSE nas inser\u00e7\u00f5es nacionais e TREs nas locais). Em anos eleitorais, esse tipo de propaganda ser\u00e1 transmitida somente no primeiro semestre.<\/p>\n<p style=\"text-align: justify;\">A emissora que n\u00e3o exibir as inser\u00e7\u00f5es perder\u00e1 o direito \u00e0 compensa\u00e7\u00e3o fiscal e ficar\u00e1 obrigada a restituir o tempo ao partido nos termos definidos em decis\u00e3o judicial. Essa compensa\u00e7\u00e3o ser\u00e1 calculada pela m\u00e9dia do faturamento dos comerciais dos anunciantes no hor\u00e1rio das 19h30 \u00e0s 22h30. Um destaque do Psol, rejeitado pelo Plen\u00e1rio, pretendia vedar qualquer compensa\u00e7\u00e3o.<\/p>\n<p style=\"text-align: justify;\">\n<p style=\"text-align: justify;\">Fonte: Tudor\u00e1dio.<\/p>\n","protected":false},"excerpt":{"rendered":"<p>Os deputados aprovaram por 270 votos a 115 o substitutivo&hellip;<\/p>\n<p> <a class=\"more-link\" href=\"https:\/\/sertsc.org.br\/site\/camara-dos-deputados-aprova-retomada-de-propaganda-gratuita-de-partidos-politicos-no-radio-e-na-televisao\/\">Leia mais<\/a><\/p>\n","protected":false},"author":1,"featured_media":16688,"comment_status":"open","ping_status":"open","sticky":false,"template":"","format":"standard","meta":{"footnotes":""},"categories":[33,3],"tags":[],"class_list":{"0":"post-16687","1":"post","2":"type-post","3":"status-publish","4":"format-standard","5":"has-post-thumbnail","7":"category-destaques","8":"category-noticias"},"_links":{"self":[{"href":"https:\/\/sertsc.org.br\/site\/wp-json\/wp\/v2\/posts\/16687","targetHints":{"allow":["GET"]}}],"collection":[{"href":"https:\/\/sertsc.org.br\/site\/wp-json\/wp\/v2\/posts"}],"about":[{"href":"https:\/\/sertsc.org.br\/site\/wp-json\/wp\/v2\/types\/post"}],"author":[{"embeddable":true,"href":"https:\/\/sertsc.org.br\/site\/wp-json\/wp\/v2\/users\/1"}],"replies":[{"embeddable":true,"href":"https:\/\/sertsc.org.br\/site\/wp-json\/wp\/v2\/comments?post=16687"}],"version-history":[{"count":0,"href":"https:\/\/sertsc.org.br\/site\/wp-json\/wp\/v2\/posts\/16687\/revisions"}],"wp:featuredmedia":[{"embeddable":true,"href":"https:\/\/sertsc.org.br\/site\/wp-json\/"}],"wp:attachment":[{"href":"https:\/\/sertsc.org.br\/site\/wp-json\/wp\/v2\/media?parent=16687"}],"wp:term":[{"taxonomy":"category","embeddable":true,"href":"https:\/\/sertsc.org.br\/site\/wp-json\/wp\/v2\/categories?post=16687"},{"taxonomy":"post_tag","embeddable":true,"href":"https:\/\/sertsc.org.br\/site\/wp-json\/wp\/v2\/tags?post=16687"}],"curies":[{"name":"wp","href":"https:\/\/api.w.org\/{rel}","templated":true}]}}