{"id":16680,"date":"2021-10-07T08:37:51","date_gmt":"2021-10-07T11:37:51","guid":{"rendered":"https:\/\/www.sertsc.org.br\/site\/?p=16680"},"modified":"2021-10-07T08:37:51","modified_gmt":"2021-10-07T11:37:51","slug":"abert-entrevista-fabio-faria-destaca-leilao-do-5g-chip-fm-e-digitalizacao-da-tv","status":"publish","type":"post","link":"https:\/\/sertsc.org.br\/site\/abert-entrevista-fabio-faria-destaca-leilao-do-5g-chip-fm-e-digitalizacao-da-tv\/","title":{"rendered":"ABERT Entrevista: F\u00e1bio Faria destaca leil\u00e3o do 5G, chip FM e digitaliza\u00e7\u00e3o da TV"},"content":{"rendered":"<p style=\"text-align: justify;\">O ministro das Comunica\u00e7\u00f5es, F\u00e1bio Faria, participou, nesta quarta-feira (6), do ABERT Entrevista. Foi durante visita \u00e0 sede da Associa\u00e7\u00e3o, em Bras\u00edlia.<\/p>\n<p style=\"text-align: justify;\">Em conversa com o jornalista Rodrigo Orengo, o ministro falou sobre as expectativas para o leil\u00e3o do 5G, previsto para o in\u00edcio de novembro, e sobre a transfer\u00eancia do sinal da TV aberta por sat\u00e9lite da banda C para a banda Ku, solu\u00e7\u00e3o defendida pela ABERT e que est\u00e1 contemplada no edital do 5G.<\/p>\n<p style=\"text-align: justify;\">\u201cN\u00f3s vamos fazer a migra\u00e7\u00e3o, limpar a faixa, trocar da banda C para a banda Ku. Futuramente, a Anatel (Ag\u00eancia Nacional de Telecomunica\u00e7\u00f5es) pode at\u00e9 vender essa faixa e isso vai ajudar e muito o setor de radiodifus\u00e3o, porque com o 5G chegando, n\u00e3o iria ter funcionamento\u201d, disse Faria.<\/p>\n<p style=\"text-align: justify;\">\u201cO 5G vem para conectar as empresas, a ind\u00fastria. Ele vai tornar o Brasil totalmente conectado. O nosso agro, a nossa educa\u00e7\u00e3o e o nosso setor de radiodifus\u00e3o, tudo ficar\u00e1 conectado. Vai ser uma mudan\u00e7a muito grande porque, do 4G para o 5G, a velocidade aumenta em quase 100 vezes mais\u201d afirmou.<\/p>\n<p style=\"text-align: justify;\">F\u00e1bio Faria falou tamb\u00e9m sobre o desbloqueio do chip FM no celular. De acordo com o ministro, os aparelhos fabricados no Brasil j\u00e1 t\u00eam o dispositivo, faltando apenas a habilita\u00e7\u00e3o do equipamento.<\/p>\n<p style=\"text-align: justify;\">\u201cHoje, no Brasil, n\u00f3s temos 260 milh\u00f5es de celulares e a r\u00e1dio \u00e9 ouvida por 82% da popula\u00e7\u00e3o, s\u00f3 que quem trabalha em um lugar mais remoto, e tem um sal\u00e1rio mais reduzido, n\u00e3o consegue ficar durante as oito horas de trabalho pagando a banda larga, ou pagando wifi para ficar usando r\u00e1dio. Ele fica incomunic\u00e1vel. A gente precisa levar comunica\u00e7\u00e3o para essa popula\u00e7\u00e3o, principalmente ap\u00f3s a pandemia\u201d, defendeu.<\/p>\n<p style=\"text-align: justify;\">Outro projeto ressaltado pelo ministro foi o programa Digitaliza Brasil. Segundo Faria, at\u00e9 dezembro de 2022, ser\u00e3o investidos R$ 850 milh\u00f5es para que todas as cidades brasileiras recebam o sinal digital de TV.<\/p>\n<p style=\"text-align: justify;\">Para a \u00edntegra da entrevista,\u00a0<strong><a href=\"https:\/\/www.youtube.com\/watch?v=iWp9ZyzHOT4\" target=\"_blank\" rel=\"noopener noreferrer\">clique aqui:<\/a><\/strong><\/p>\n<p style=\"text-align: justify;\">\n<p style=\"text-align: justify;\">Fonte: ABERT<\/p>\n","protected":false},"excerpt":{"rendered":"<p>O ministro das Comunica\u00e7\u00f5es, F\u00e1bio Faria, participou, nesta quarta-feira (6),&hellip;<\/p>\n<p> <a class=\"more-link\" href=\"https:\/\/sertsc.org.br\/site\/abert-entrevista-fabio-faria-destaca-leilao-do-5g-chip-fm-e-digitalizacao-da-tv\/\">Leia mais<\/a><\/p>\n","protected":false},"author":1,"featured_media":16681,"comment_status":"open","ping_status":"open","sticky":false,"template":"","format":"standard","meta":{"footnotes":""},"categories":[3],"tags":[],"class_list":{"0":"post-16680","1":"post","2":"type-post","3":"status-publish","4":"format-standard","5":"has-post-thumbnail","7":"category-noticias"},"_links":{"self":[{"href":"https:\/\/sertsc.org.br\/site\/wp-json\/wp\/v2\/posts\/16680","targetHints":{"allow":["GET"]}}],"collection":[{"href":"https:\/\/sertsc.org.br\/site\/wp-json\/wp\/v2\/posts"}],"about":[{"href":"https:\/\/sertsc.org.br\/site\/wp-json\/wp\/v2\/types\/post"}],"author":[{"embeddable":true,"href":"https:\/\/sertsc.org.br\/site\/wp-json\/wp\/v2\/users\/1"}],"replies":[{"embeddable":true,"href":"https:\/\/sertsc.org.br\/site\/wp-json\/wp\/v2\/comments?post=16680"}],"version-history":[{"count":0,"href":"https:\/\/sertsc.org.br\/site\/wp-json\/wp\/v2\/posts\/16680\/revisions"}],"wp:featuredmedia":[{"embeddable":true,"href":"https:\/\/sertsc.org.br\/site\/wp-json\/"}],"wp:attachment":[{"href":"https:\/\/sertsc.org.br\/site\/wp-json\/wp\/v2\/media?parent=16680"}],"wp:term":[{"taxonomy":"category","embeddable":true,"href":"https:\/\/sertsc.org.br\/site\/wp-json\/wp\/v2\/categories?post=16680"},{"taxonomy":"post_tag","embeddable":true,"href":"https:\/\/sertsc.org.br\/site\/wp-json\/wp\/v2\/tags?post=16680"}],"curies":[{"name":"wp","href":"https:\/\/api.w.org\/{rel}","templated":true}]}}