{"id":16670,"date":"2021-10-06T10:08:21","date_gmt":"2021-10-06T13:08:21","guid":{"rendered":"https:\/\/www.sertsc.org.br\/site\/?p=16670"},"modified":"2021-10-06T10:08:21","modified_gmt":"2021-10-06T13:08:21","slug":"mcom-atualiza-normas-tecnicas","status":"publish","type":"post","link":"https:\/\/sertsc.org.br\/site\/mcom-atualiza-normas-tecnicas\/","title":{"rendered":"MCom atualiza normas t\u00e9cnicas"},"content":{"rendered":"<div class=\"cabecalho-dou text-center\"><\/div>\n<div class=\"detalhes-dou\"><\/div>\n<div class=\"texto-dou\">\n<p class=\"dou-paragraph\" style=\"text-align: justify;\">O MINISTRO DE ESTADO DAS COMUNICA\u00c7\u00d5ES, no uso da atribui\u00e7\u00e3o que lhe confere o art. 87, par\u00e1grafo \u00fanico, incisos II e IV, da Constitui\u00e7\u00e3o, determina:<\/p>\n<p class=\"dou-paragraph\" style=\"text-align: justify;\">Art. 1\u00ba A Portaria MC n\u00ba 26, de 15 de fevereiro de 1996, passa a vigorar com as seguintes altera\u00e7\u00f5es:<\/p>\n<p class=\"dou-paragraph\" style=\"text-align: justify;\">&#8220;Art. 1\u00ba A esta\u00e7\u00e3o transmissora de radiodifus\u00e3o deve ser instalada em local que assegure o atendimento aos requisitos m\u00ednimos de cobertura da \u00e1rea urbana do Munic\u00edpio objeto da outorga.<\/p>\n<p class=\"dou-paragraph\" style=\"text-align: justify;\">\u00a7 1\u00ba Os requisitos m\u00ednimos de cobertura mencionados no caput s\u00e3o estabelecidos em regulamenta\u00e7\u00e3o t\u00e9cnica da Ag\u00eancia Nacional de Telecomunica\u00e7\u00f5es &#8211; Anatel.<\/p>\n<p class=\"dou-paragraph\" style=\"text-align: justify;\">\u00a7 2\u00ba A esta\u00e7\u00e3o transmissora de emissora de radiodifus\u00e3o poder\u00e1 ser instalada em Munic\u00edpio lim\u00edtrofe ao do objeto da outorga, desde que cumpridos os requisitos do caput e mediante a apresenta\u00e7\u00e3o de estudo ao Minist\u00e9rio das Comunica\u00e7\u00f5es que indique a necessidade t\u00e9cnica ou econ\u00f4mica da instala\u00e7\u00e3o no local proposto.<\/p>\n<p class=\"dou-paragraph\" style=\"text-align: justify;\">\u00a7 3\u00ba O estudo de que trata o \u00a7 2\u00ba indicar\u00e1 a necessidade econ\u00f4mica quando a entidade assim o declarar, ou t\u00e9cnica quando levar a melhoria de cobertura no munic\u00edpio sede da outorga.<\/p>\n<p class=\"dou-paragraph\" style=\"text-align: justify;\">\u00a7 4\u00ba No caso de munic\u00edpio pertencente a Regi\u00e3o Metropolitana ou Regi\u00e3o Integrada de Desenvolvimento, \u00e9 permitida a altera\u00e7\u00e3o para qualquer Munic\u00edpio da Regi\u00e3o Metropolitana ou Regi\u00e3o Integrada de Desenvolvimento, desde que respeitado o disposto nos \u00a7\u00a7 2\u00ba e 5\u00ba.<\/p>\n<p class=\"dou-paragraph\" style=\"text-align: justify;\">\u00a7 5\u00ba Na hip\u00f3tese da altera\u00e7\u00e3o de local de instala\u00e7\u00e3o para fora do munic\u00edpio objeto da outorga acarretar o aumento da cobertura na \u00e1rea de outros Munic\u00edpios, ser\u00e1 devido pagamento de diferen\u00e7a de outorga para emissoras de radiodifus\u00e3o sonora e de sons e imagens, conforme metodologia descrita no par\u00e1grafo \u00a7 6\u00ba.<\/p>\n<p class=\"dou-paragraph\" style=\"text-align: justify;\">\u00a7 6\u00ba O valor da diferen\u00e7a de outorga, Vdo, ser\u00e1 calculado por meio da diferen\u00e7a do somat\u00f3rio ponderado da popula\u00e7\u00e3o dos setores censit\u00e1rios urbanos sobrepostos pela mancha de cobertura inserida no contorno protegido da esta\u00e7\u00e3o, considerando o local atual e o local proposto para a instala\u00e7\u00e3o, conforme f\u00f3rmula abaixo:<\/p>\n<p style=\"text-align: justify;\"><img decoding=\"async\" src=\"https:\/\/in.gov.br\/documents\/68942\/350607436\/515%2B2021-10-06%2B13894372-13894372_001.jpg\/ace76cbc-457b-b195-7a92-97f598bb8aab\" name=\"13894372_001\" \/><\/p>\n<p class=\"dou-paragraph\" style=\"text-align: justify;\">Onde:<\/p>\n<p class=\"dou-paragraph\" style=\"text-align: justify;\">Vdo = Valor de diferen\u00e7a de outorga<\/p>\n<p class=\"dou-paragraph\" style=\"text-align: justify;\">Vref = Valor de refer\u00eancia<\/p>\n<p class=\"dou-paragraph\" style=\"text-align: justify;\">Pref = Popula\u00e7\u00e3o total do munic\u00edpio de refer\u00eancia<\/p>\n<p class=\"dou-paragraph\" style=\"text-align: justify;\">Pi = Popula\u00e7\u00e3o do i-\u00e9simo setor censit\u00e1rio urbano sobreposto pela mancha de cobertura inserida no contorno protegido da esta\u00e7\u00e3o instalada no local proposto<\/p>\n<p class=\"dou-paragraph\" style=\"text-align: justify;\">Pj = Popula\u00e7\u00e3o do j-\u00e9simo setor censit\u00e1rio i urbano sobreposto pela mancha de cobertura inserida no contorno protegido da esta\u00e7\u00e3o instalada no local atual<\/p>\n<p class=\"dou-paragraph\" style=\"text-align: justify;\">\u00a7 7\u00ba O valor de refer\u00eancia, Vref, para cada unidade da federa\u00e7\u00e3o, ser\u00e1 estabelecido em portaria espec\u00edfica do Minist\u00e9rio das Comunica\u00e7\u00f5es.<\/p>\n<p class=\"dou-paragraph\" style=\"text-align: justify;\">\u00a7 8\u00ba Para fins de aplica\u00e7\u00e3o da f\u00f3rmula do \u00a7 6\u00ba, ser\u00e1 considerada a base mais recente da malha censit\u00e1ria disponibilizada pelo Instituto Brasileiro de Geografia e Estat\u00edstica &#8211; IBGE.<\/p>\n<p class=\"dou-paragraph\" style=\"text-align: justify;\">\u00a7 9\u00ba Considera-se que o setor censit\u00e1rio urbano esteja sobreposto pela macha de cobertura inserida no contorno protegido da esta\u00e7\u00e3o quando sua \u00e1rea estiver contida na cobertura te\u00f3rica da esta\u00e7\u00e3o, conforme m\u00e9todo de predi\u00e7\u00e3o estabelecido em regulamenta\u00e7\u00e3o t\u00e9cnica da Anatel.<\/p>\n<p class=\"dou-paragraph\" style=\"text-align: justify;\">\u00a7 10 Ser\u00e1 considerada a popula\u00e7\u00e3o proporcional \u00e0 \u00e1rea sobreposta pela mancha de cobertura de cada setor censit\u00e1rio urbano.<\/p>\n<p class=\"dou-paragraph\" style=\"text-align: justify;\">\u00a7 11 N\u00e3o ser\u00e1 permitida a altera\u00e7\u00e3o de munic\u00edpio objeto de outorga caso a porcentagem de cobertura da \u00e1rea urbana total do munic\u00edpio objeto da outorga ficar abaixo de 50%, para esta\u00e7\u00f5es de radiodifus\u00e3o sonora em frequ\u00eancia modulada, e de 70%, para esta\u00e7\u00f5es de radiodifus\u00e3o de sons e imagens, conforme m\u00e9todo de predi\u00e7\u00e3o estabelecido em regulamenta\u00e7\u00e3o t\u00e9cnica da Anatel.<\/p>\n<p class=\"dou-paragraph\" style=\"text-align: justify;\">\u00a7 12 Na hip\u00f3tese de altera\u00e7\u00e3o de classe de opera\u00e7\u00e3o, ser\u00e1 considerado para os c\u00e1lculos do \u00a7 6\u00ba o contorno protegido da classe proposta, sem preju\u00edzo da cobran\u00e7a de diferen\u00e7a de outorga em caso de altera\u00e7\u00e3o de grupo de enquadramento, nos termos da Portaria MC n\u00ba 231, de 7 de agosto de 2013.<\/p>\n<p class=\"dou-paragraph\" style=\"text-align: justify;\">\u00a7 13 Previamente \u00e0 an\u00e1lise de viabilidade t\u00e9cnica realizada pela Anatel, o Minist\u00e9rio das Comunica\u00e7\u00f5es calcular\u00e1 o valor da diferen\u00e7a de outorga e notificar\u00e1 a entidade para que informe, no prazo de 10 dias, o interesse na continuidade da an\u00e1lise do pleito e a forma de pagamento do valor correspondente, se \u00e0 vista ou parcelado.<\/p>\n<p class=\"dou-paragraph\" style=\"text-align: justify;\">\u00a7 14 A Anatel somente alterar\u00e1 o respectivo Plano B\u00e1sico e autorizar\u00e1 as novas condi\u00e7\u00f5es de opera\u00e7\u00e3o ap\u00f3s a realiza\u00e7\u00e3o do pagamento do boleto de diferen\u00e7a de outorga, ou do pagamento do primeiro boleto, no caso de parcelamento do valor, que ser\u00e1 emitido pela Ag\u00eancia, caso seja constatada a viabilidade t\u00e9cnica da altera\u00e7\u00e3o.<\/p>\n<p class=\"dou-paragraph\" style=\"text-align: justify;\">\u00a7 15 O valor de diferen\u00e7a de outorga para entidades que, pela legisla\u00e7\u00e3o corrente, possuam outorgas de car\u00e1ter n\u00e3o oneroso, ser\u00e1 reduzido de 50% (cinquenta por cento) do valor calculado pela express\u00e3o do \u00a7 6\u00ba.<\/p>\n<p class=\"dou-paragraph\" style=\"text-align: justify;\">\u00a7 16 Quando houver aumento da cobertura da sede no Munic\u00edpio objeto da outorga em virtude da altera\u00e7\u00e3o de local de instala\u00e7\u00e3o para munic\u00edpio lim\u00edtrofe ao de objeto da outorga, o valor de diferen\u00e7a de outorga ser\u00e1 reduzido de 50% (cinquenta por cento) do valor calculado pela express\u00e3o do \u00a7 6\u00ba, ou, quando aplic\u00e1vel, do valor ajustado pelo \u00a7 15.<\/p>\n<p class=\"dou-paragraph\" style=\"text-align: justify;\">\u00a7 17 N\u00e3o ser\u00e1 cobrada a diferen\u00e7a de pre\u00e7os m\u00ednimos em mudan\u00e7as de locais de instala\u00e7\u00e3o de emissoras consignat\u00e1rias da Uni\u00e3o.<\/p>\n<p class=\"dou-paragraph\" style=\"text-align: justify;\">\u00a7 18 A entidade n\u00e3o far\u00e1 jus \u00e0 restitui\u00e7\u00e3o de qualquer montante caso o valor obtido de Vdo seja negativo.&#8221; (NR)<\/p>\n<p class=\"dou-paragraph\" style=\"text-align: justify;\">Art. 2\u00ba A Portaria MC n\u00ba 231, de 7 de agosto de 2013, passa a vigorar com as seguintes altera\u00e7\u00f5es:<\/p>\n<p class=\"dou-paragraph\" style=\"text-align: justify;\">&#8220;Art 5\u00ba&#8230;&#8230;&#8230;&#8230;&#8230;&#8230;&#8230;&#8230;&#8230;&#8230;&#8230;&#8230;&#8230;&#8230;&#8230;&#8230;&#8230;&#8230;&#8230;&#8230;&#8230;&#8230;&#8230;&#8230;&#8230;&#8230;&#8230;&#8230;&#8230;&#8230;&#8230;&#8230;&#8230;&#8230;&#8230;&#8230;<\/p>\n<p class=\"dou-paragraph\" style=\"text-align: justify;\">&#8230;&#8230;&#8230;&#8230;&#8230;&#8230;&#8230;&#8230;&#8230;&#8230;&#8230;&#8230;&#8230;&#8230;&#8230;&#8230;&#8230;&#8230;&#8230;&#8230;&#8230;&#8230;&#8230;&#8230;&#8230;&#8230;&#8230;&#8230;&#8230;&#8230;&#8230;&#8230;&#8230;&#8230;&#8230;&#8230;&#8230;&#8230;&#8230;..<\/p>\n<p class=\"dou-paragraph\" style=\"text-align: justify;\">\u00a7 2\u00ba Poder\u00e1 ser autorizada a Promo\u00e7\u00e3o de Classe de forma n\u00e3o gradual para as emissoras do Servi\u00e7o de Radiodifus\u00e3o Sonora em Frequ\u00eancia Modulada, a qualquer tempo, mediante pagamento de valor adicional, conforme metodologia descrita no \u00a7 5\u00ba do art. 11 desta Portaria.<\/p>\n<p class=\"dou-paragraph\" style=\"text-align: justify;\">\u00a7 3\u00ba O per\u00edodo m\u00ednimo estabelecido no \u00a7 1\u00ba apenas ser\u00e1 exigido das entidades com licen\u00e7a de funcionamento da esta\u00e7\u00e3o emitida ap\u00f3s 13 de abril de 2021.&#8221; (NR)<\/p>\n<p class=\"dou-paragraph\" style=\"text-align: justify;\">&#8220;Art. 13 O valor de diferen\u00e7a de pre\u00e7os m\u00ednimos pela Promo\u00e7\u00e3o de Classe, de forma gradual ou n\u00e3o gradual, de entidades que, pela legisla\u00e7\u00e3o corrente, possuam outorgas de car\u00e1ter n\u00e3o oneroso, ser\u00e1 reduzido de 50% (cinquenta por cento) do valor calculado pela metodologia do \u00a7 5\u00ba do art. 11.<\/p>\n<p class=\"dou-paragraph\" style=\"text-align: justify;\">Par\u00e1grafo \u00fanico. N\u00e3o ser\u00e1 cobrada a diferen\u00e7a de pre\u00e7os m\u00ednimos para emissoras consignat\u00e1rias da Uni\u00e3o, seja pela Promo\u00e7\u00e3o de Classe de forma gradual ou n\u00e3o gradual.&#8221; (NR)<\/p>\n<p class=\"dou-paragraph\" style=\"text-align: justify;\">Art. 3\u00ba A Portaria MC n\u00ba 251, de 7 de agosto de 2013, passa a vigorar com as seguintes altera\u00e7\u00f5es:<\/p>\n<p class=\"dou-paragraph\" style=\"text-align: justify;\">&#8220;Art. 1\u00ba-A O valor de refer\u00eancia a ser pago pelas concession\u00e1rias, permission\u00e1rias e autorizadas, dos Servi\u00e7os de Radiodifus\u00e3o Sonora em Frequ\u00eancia Modulada em altera\u00e7\u00f5es de locais de instala\u00e7\u00e3o, nos termos do \u00a7 2\u00ba do art. 1\u00ba da Portaria MC n\u00ba 26, de 15 de fevereiro de 1996, \u00e9 o definido na tabela constante no Anexo II a esta Portaria.&#8221;<\/p>\n<p>&#8220;ANEXO II &#8211; TABELA COM VALOR DE REFER\u00caNCIA PARA ALTERA\u00c7\u00c3O DE LOCAL DE INSTALA\u00c7\u00c3O<\/p>\n<table class=\"dou-table\">\n<tbody>\n<tr>\n<td colspan=\"1\" rowspan=\"1\">\n<p class=\"dou-paragraph\">REGI\u00c3O<\/p>\n<\/td>\n<td colspan=\"1\" rowspan=\"1\">\n<p class=\"dou-paragraph\">UF<\/p>\n<\/td>\n<td colspan=\"1\" rowspan=\"1\">\n<p class=\"dou-paragraph\">MUNIC\u00cdPIO\/DISTRITO DE REFER\u00caNCIA<\/p>\n<\/td>\n<td colspan=\"1\" rowspan=\"1\">\n<p class=\"dou-paragraph\">VALOR DE REFER\u00caNCIA (em R$)<\/p>\n<\/td>\n<\/tr>\n<tr>\n<td colspan=\"1\" rowspan=\"1\">\n<p class=\"dou-paragraph\">Norte<\/p>\n<\/td>\n<td colspan=\"1\" rowspan=\"1\">\n<p class=\"dou-paragraph\">AC<\/p>\n<\/td>\n<td colspan=\"1\" rowspan=\"1\">\n<p class=\"dou-paragraph\">Rio Branco<\/p>\n<\/td>\n<td colspan=\"1\" rowspan=\"1\">\n<p class=\"dou-paragraph\">133.466,80<\/p>\n<\/td>\n<\/tr>\n<tr>\n<td colspan=\"1\" rowspan=\"1\"><\/td>\n<td colspan=\"1\" rowspan=\"1\">\n<p class=\"dou-paragraph\">AM<\/p>\n<\/td>\n<td colspan=\"1\" rowspan=\"1\">\n<p class=\"dou-paragraph\">Manaus<\/p>\n<\/td>\n<td colspan=\"1\" rowspan=\"1\">\n<p class=\"dou-paragraph\">718.924,40<\/p>\n<\/td>\n<\/tr>\n<tr>\n<td colspan=\"1\" rowspan=\"1\"><\/td>\n<td colspan=\"1\" rowspan=\"1\">\n<p class=\"dou-paragraph\">AP<\/p>\n<\/td>\n<td colspan=\"1\" rowspan=\"1\">\n<p class=\"dou-paragraph\">Macap\u00e1<\/p>\n<\/td>\n<td colspan=\"1\" rowspan=\"1\">\n<p class=\"dou-paragraph\">158.605,60<\/p>\n<\/td>\n<\/tr>\n<tr>\n<td colspan=\"1\" rowspan=\"1\"><\/td>\n<td colspan=\"1\" rowspan=\"1\">\n<p class=\"dou-paragraph\">PA<\/p>\n<\/td>\n<td colspan=\"1\" rowspan=\"1\">\n<p class=\"dou-paragraph\">Bel\u00e9m<\/p>\n<\/td>\n<td colspan=\"1\" rowspan=\"1\">\n<p class=\"dou-paragraph\">556.654,40<\/p>\n<\/td>\n<\/tr>\n<tr>\n<td colspan=\"1\" rowspan=\"1\"><\/td>\n<td colspan=\"1\" rowspan=\"1\">\n<p class=\"dou-paragraph\">RO<\/p>\n<\/td>\n<td colspan=\"1\" rowspan=\"1\">\n<p class=\"dou-paragraph\">Porto Velho<\/p>\n<\/td>\n<td colspan=\"1\" rowspan=\"1\">\n<p class=\"dou-paragraph\">168.207,60<\/p>\n<\/td>\n<\/tr>\n<tr>\n<td colspan=\"1\" rowspan=\"1\"><\/td>\n<td colspan=\"1\" rowspan=\"1\">\n<p class=\"dou-paragraph\">RR<\/p>\n<\/td>\n<td colspan=\"1\" rowspan=\"1\">\n<p class=\"dou-paragraph\">Boa Vista<\/p>\n<\/td>\n<td colspan=\"1\" rowspan=\"1\">\n<p class=\"dou-paragraph\">112.896,40<\/p>\n<\/td>\n<\/tr>\n<tr>\n<td colspan=\"1\" rowspan=\"1\"><\/td>\n<td colspan=\"1\" rowspan=\"1\">\n<p class=\"dou-paragraph\">TO<\/p>\n<\/td>\n<td colspan=\"1\" rowspan=\"1\">\n<p class=\"dou-paragraph\">Palmas<\/p>\n<\/td>\n<td colspan=\"1\" rowspan=\"1\">\n<p class=\"dou-paragraph\">90.656,00<\/p>\n<\/td>\n<\/tr>\n<tr>\n<td colspan=\"1\" rowspan=\"1\">\n<p class=\"dou-paragraph\">Nordeste<\/p>\n<\/td>\n<td colspan=\"1\" rowspan=\"1\">\n<p class=\"dou-paragraph\">AL<\/p>\n<\/td>\n<td colspan=\"1\" rowspan=\"1\">\n<p class=\"dou-paragraph\">Macei\u00f3<\/p>\n<\/td>\n<td colspan=\"1\" rowspan=\"1\">\n<p class=\"dou-paragraph\">371.657,20<\/p>\n<\/td>\n<\/tr>\n<tr>\n<td colspan=\"1\" rowspan=\"1\"><\/td>\n<td colspan=\"1\" rowspan=\"1\">\n<p class=\"dou-paragraph\">BA<\/p>\n<\/td>\n<td colspan=\"1\" rowspan=\"1\">\n<p class=\"dou-paragraph\">Salvador<\/p>\n<\/td>\n<td colspan=\"1\" rowspan=\"1\">\n<p class=\"dou-paragraph\">1.065.684,40<\/p>\n<\/td>\n<\/tr>\n<tr>\n<td colspan=\"1\" rowspan=\"1\"><\/td>\n<td colspan=\"1\" rowspan=\"1\">\n<p class=\"dou-paragraph\">CE<\/p>\n<\/td>\n<td colspan=\"1\" rowspan=\"1\">\n<p class=\"dou-paragraph\">Fortaleza<\/p>\n<\/td>\n<td colspan=\"1\" rowspan=\"1\">\n<p class=\"dou-paragraph\">977.939,60<\/p>\n<\/td>\n<\/tr>\n<tr>\n<td colspan=\"1\" rowspan=\"1\"><\/td>\n<td colspan=\"1\" rowspan=\"1\">\n<p class=\"dou-paragraph\">MA<\/p>\n<\/td>\n<td colspan=\"1\" rowspan=\"1\">\n<p class=\"dou-paragraph\">S\u00e3o Lu\u00eds<\/p>\n<\/td>\n<td colspan=\"1\" rowspan=\"1\">\n<p class=\"dou-paragraph\">404.756,40<\/p>\n<\/td>\n<\/tr>\n<tr>\n<td colspan=\"1\" rowspan=\"1\"><\/td>\n<td colspan=\"1\" rowspan=\"1\">\n<p class=\"dou-paragraph\">PB<\/p>\n<\/td>\n<td colspan=\"1\" rowspan=\"1\">\n<p class=\"dou-paragraph\">Jo\u00e3o Pessoa<\/p>\n<\/td>\n<td colspan=\"1\" rowspan=\"1\">\n<p class=\"dou-paragraph\">287.528,80<\/p>\n<\/td>\n<\/tr>\n<tr>\n<td colspan=\"1\" rowspan=\"1\"><\/td>\n<td colspan=\"1\" rowspan=\"1\">\n<p class=\"dou-paragraph\">PE<\/p>\n<\/td>\n<td colspan=\"1\" rowspan=\"1\">\n<p class=\"dou-paragraph\">Recife<\/p>\n<\/td>\n<td colspan=\"1\" rowspan=\"1\">\n<p class=\"dou-paragraph\">612.108,80<\/p>\n<\/td>\n<\/tr>\n<tr>\n<td colspan=\"1\" rowspan=\"1\"><\/td>\n<td colspan=\"1\" rowspan=\"1\">\n<p class=\"dou-paragraph\">PI<\/p>\n<\/td>\n<td colspan=\"1\" rowspan=\"1\">\n<p class=\"dou-paragraph\">Teresina<\/p>\n<\/td>\n<td colspan=\"1\" rowspan=\"1\">\n<p class=\"dou-paragraph\">324.578,80<\/p>\n<\/td>\n<\/tr>\n<tr>\n<td colspan=\"1\" rowspan=\"1\"><\/td>\n<td colspan=\"1\" rowspan=\"1\">\n<p class=\"dou-paragraph\">RN<\/p>\n<\/td>\n<td colspan=\"1\" rowspan=\"1\">\n<p class=\"dou-paragraph\">Natal<\/p>\n<\/td>\n<td colspan=\"1\" rowspan=\"1\">\n<p class=\"dou-paragraph\">320.610,80<\/p>\n<\/td>\n<\/tr>\n<tr>\n<td colspan=\"1\" rowspan=\"1\"><\/td>\n<td colspan=\"1\" rowspan=\"1\">\n<p class=\"dou-paragraph\">SE<\/p>\n<\/td>\n<td colspan=\"1\" rowspan=\"1\">\n<p class=\"dou-paragraph\">Aracaju<\/p>\n<\/td>\n<td colspan=\"1\" rowspan=\"1\">\n<p class=\"dou-paragraph\">227.794,80<\/p>\n<\/td>\n<\/tr>\n<tr>\n<td colspan=\"1\" rowspan=\"1\">\n<p class=\"dou-paragraph\">Centro-Oeste<\/p>\n<\/td>\n<td colspan=\"1\" rowspan=\"1\">\n<p class=\"dou-paragraph\">DF<\/p>\n<\/td>\n<td colspan=\"1\" rowspan=\"1\">\n<p class=\"dou-paragraph\">Bras\u00edlia<\/p>\n<\/td>\n<td colspan=\"1\" rowspan=\"1\">\n<p class=\"dou-paragraph\">1.022.604,40<\/p>\n<\/td>\n<\/tr>\n<tr>\n<td colspan=\"1\" rowspan=\"1\"><\/td>\n<td colspan=\"1\" rowspan=\"1\">\n<p class=\"dou-paragraph\">GO<\/p>\n<\/td>\n<td colspan=\"1\" rowspan=\"1\">\n<p class=\"dou-paragraph\">Goi\u00e2nia<\/p>\n<\/td>\n<td colspan=\"1\" rowspan=\"1\">\n<p class=\"dou-paragraph\">519.663,60<\/p>\n<\/td>\n<\/tr>\n<tr>\n<td colspan=\"1\" rowspan=\"1\"><\/td>\n<td colspan=\"1\" rowspan=\"1\">\n<p class=\"dou-paragraph\">MS<\/p>\n<\/td>\n<td colspan=\"1\" rowspan=\"1\">\n<p class=\"dou-paragraph\">Campo Grande<\/p>\n<\/td>\n<td colspan=\"1\" rowspan=\"1\">\n<p class=\"dou-paragraph\">312.005,60<\/p>\n<\/td>\n<\/tr>\n<tr>\n<td colspan=\"1\" rowspan=\"1\"><\/td>\n<td colspan=\"1\" rowspan=\"1\">\n<p class=\"dou-paragraph\">MT<\/p>\n<\/td>\n<td colspan=\"1\" rowspan=\"1\">\n<p class=\"dou-paragraph\">Cuiab\u00e1<\/p>\n<\/td>\n<td colspan=\"1\" rowspan=\"1\">\n<p class=\"dou-paragraph\">219.027,20<\/p>\n<\/td>\n<\/tr>\n<tr>\n<td colspan=\"1\" rowspan=\"1\">\n<p class=\"dou-paragraph\">Sudeste<\/p>\n<\/td>\n<td colspan=\"1\" rowspan=\"1\">\n<p class=\"dou-paragraph\">ES<\/p>\n<\/td>\n<td colspan=\"1\" rowspan=\"1\">\n<p class=\"dou-paragraph\">Vila Velha<\/p>\n<\/td>\n<td colspan=\"1\" rowspan=\"1\">\n<p class=\"dou-paragraph\">164.918,40<\/p>\n<\/td>\n<\/tr>\n<tr>\n<td colspan=\"1\" rowspan=\"1\"><\/td>\n<td colspan=\"1\" rowspan=\"1\">\n<p class=\"dou-paragraph\">MG<\/p>\n<\/td>\n<td colspan=\"1\" rowspan=\"1\">\n<p class=\"dou-paragraph\">Belo Horizonte<\/p>\n<\/td>\n<td colspan=\"1\" rowspan=\"1\">\n<p class=\"dou-paragraph\">946.891,60<\/p>\n<\/td>\n<\/tr>\n<tr>\n<td colspan=\"1\" rowspan=\"1\"><\/td>\n<td colspan=\"1\" rowspan=\"1\">\n<p class=\"dou-paragraph\">RJ<\/p>\n<\/td>\n<td colspan=\"1\" rowspan=\"1\">\n<p class=\"dou-paragraph\">Rio de Janeiro<\/p>\n<\/td>\n<td colspan=\"1\" rowspan=\"1\">\n<p class=\"dou-paragraph\">2.513.394,40<\/p>\n<\/td>\n<\/tr>\n<tr>\n<td colspan=\"1\" rowspan=\"1\"><\/td>\n<td colspan=\"1\" rowspan=\"1\">\n<p class=\"dou-paragraph\">SP<\/p>\n<\/td>\n<td colspan=\"1\" rowspan=\"1\">\n<p class=\"dou-paragraph\">Regi\u00e3o Metropolitana<\/p>\n<\/td>\n<td colspan=\"1\" rowspan=\"1\">\n<p class=\"dou-paragraph\">7.840.083,20<\/p>\n<\/td>\n<\/tr>\n<tr>\n<td colspan=\"1\" rowspan=\"1\"><\/td>\n<td colspan=\"1\" rowspan=\"1\"><\/td>\n<td colspan=\"1\" rowspan=\"1\">\n<p class=\"dou-paragraph\">Campinas<\/p>\n<\/td>\n<td colspan=\"1\" rowspan=\"1\">\n<p class=\"dou-paragraph\">429.609,20<\/p>\n<\/td>\n<\/tr>\n<tr>\n<td colspan=\"1\" rowspan=\"1\">\n<p class=\"dou-paragraph\">Sul<\/p>\n<\/td>\n<td colspan=\"1\" rowspan=\"1\">\n<p class=\"dou-paragraph\">PR<\/p>\n<\/td>\n<td colspan=\"1\" rowspan=\"1\">\n<p class=\"dou-paragraph\">Curitiba<\/p>\n<\/td>\n<td colspan=\"1\" rowspan=\"1\">\n<p class=\"dou-paragraph\">697.651,60<\/p>\n<\/td>\n<\/tr>\n<tr>\n<td colspan=\"1\" rowspan=\"1\"><\/td>\n<td colspan=\"1\" rowspan=\"1\">\n<p class=\"dou-paragraph\">RS<\/p>\n<\/td>\n<td colspan=\"1\" rowspan=\"1\">\n<p class=\"dou-paragraph\">Porto Alegre<\/p>\n<\/td>\n<td colspan=\"1\" rowspan=\"1\">\n<p class=\"dou-paragraph\">558.945,60<\/p>\n<\/td>\n<\/tr>\n<tr>\n<td colspan=\"1\" rowspan=\"1\"><\/td>\n<td colspan=\"1\" rowspan=\"1\">\n<p class=\"dou-paragraph\">SC<\/p>\n<\/td>\n<td colspan=\"1\" rowspan=\"1\">\n<p class=\"dou-paragraph\">Florian\u00f3polis<\/p>\n<\/td>\n<td colspan=\"1\" rowspan=\"1\">\n<p class=\"dou-paragraph\">167.452,40<\/p>\n<\/td>\n<\/tr>\n<\/tbody>\n<\/table>\n<p class=\"dou-paragraph\" style=\"text-align: justify;\">&#8220;(NR)<\/p>\n<p class=\"dou-paragraph\" style=\"text-align: justify;\">Art. 4\u00ba A Portaria MC n\u00ba 4, de 17 de janeiro de 2014, passa a vigorar com as seguintes altera\u00e7\u00f5es:<\/p>\n<p class=\"dou-paragraph\" style=\"text-align: justify;\">&#8220;Art. 2\u00ba &#8230;&#8230;&#8230;&#8230;&#8230;&#8230;&#8230;&#8230;&#8230;&#8230;&#8230;&#8230;&#8230;&#8230;&#8230;&#8230;&#8230;&#8230;&#8230;&#8230;&#8230;&#8230;&#8230;&#8230;&#8230;&#8230;&#8230;&#8230;&#8230;&#8230;&#8230;&#8230;&#8230;&#8230;&#8230;.<\/p>\n<p class=\"dou-paragraph\" style=\"text-align: justify;\">&#8230;&#8230;&#8230;&#8230;&#8230;&#8230;&#8230;&#8230;&#8230;&#8230;&#8230;&#8230;&#8230;&#8230;&#8230;&#8230;&#8230;&#8230;&#8230;&#8230;&#8230;&#8230;&#8230;&#8230;&#8230;&#8230;&#8230;&#8230;&#8230;&#8230;&#8230;&#8230;&#8230;&#8230;&#8230;&#8230;&#8230;&#8230;&#8230;..<\/p>\n<p class=\"dou-paragraph\" style=\"text-align: justify;\">\u00a7 4\u00ba Emitido o ato de consigna\u00e7\u00e3o de que trata o \u00a7 3\u00ba, as pessoas jur\u00eddicas autorizadas ter\u00e3o o prazo de vinte e quatro meses, contado da data de publica\u00e7\u00e3o do referido ato, para obter a autoriza\u00e7\u00e3o de uso de radiofrequ\u00eancia junto \u00e0 Anatel e solicitar o licenciamento da esta\u00e7\u00e3o.<\/p>\n<p class=\"dou-paragraph\" style=\"text-align: justify;\">\u00a7 5\u00ba As pessoas jur\u00eddicas autorizadas dever\u00e3o iniciar a execu\u00e7\u00e3o no prazo de trezentos e sessenta dias, contado da data de emiss\u00e3o da licen\u00e7a de funcionamento, a qual ser\u00e1 disponibilizada ap\u00f3s a comprova\u00e7\u00e3o do pagamento da taxa de fiscaliza\u00e7\u00e3o de instala\u00e7\u00e3o.<\/p>\n<p class=\"dou-paragraph\" style=\"text-align: justify;\">\u00a7 6\u00ba As pessoas jur\u00eddicas autorizadas antes de 01 de outubro de 2021 ter\u00e3o at\u00e9 31 de dezembro de 2023 para obter a autoriza\u00e7\u00e3o de uso de radiofrequ\u00eancia junto \u00e0 Ag\u00eancia Nacional de Telecomunica\u00e7\u00f5es &#8211; Anatel, na hip\u00f3tese de n\u00e3o terem a referida autoriza\u00e7\u00e3o ou de a validade estar expirada, e para solicitar o licenciamento de suas esta\u00e7\u00f5es, na hip\u00f3tese de elas n\u00e3o estarem licenciadas, sob pena de extin\u00e7\u00e3o da outorga.&#8221; (NR)<\/p>\n<p class=\"dou-paragraph\" style=\"text-align: justify;\">Art. 5\u00ba A Portaria MCTIC n\u00ba 6.843, de 10 de dezembro de 2019, passa a vigorar com as seguintes altera\u00e7\u00f5es:<\/p>\n<p class=\"dou-paragraph\" style=\"text-align: justify;\">&#8220;Art. 1\u00ba Estabelecer os crit\u00e9rios para an\u00e1lise do balan\u00e7o patrimonial, no \u00e2mbito da Secretaria de Radiodifus\u00e3o do Minist\u00e9rio das Comunica\u00e7\u00f5es, para os processos de outorga e transfer\u00eancia de concess\u00e3o e permiss\u00e3o do servi\u00e7o de radiodifus\u00e3o com fins exclusivamente educativos.&#8221; (NR)<\/p>\n<p class=\"dou-paragraph\" style=\"text-align: justify;\">DISPOSI\u00c7\u00d5ES FINAIS E TRANSIT\u00d3RIAS<\/p>\n<p class=\"dou-paragraph\" style=\"text-align: justify;\">Art. 6\u00ba O disposto no artigo 1\u00ba da Portaria MC n\u00ba 26, de 15 de fevereiro de 1996, se aplica apenas \u00e0s esta\u00e7\u00f5es transmissoras de radiodifus\u00e3o que tenham sua instala\u00e7\u00e3o em munic\u00edpio distinto do da outorga aprovada ap\u00f3s a data de entrada em vigor desta portaria.<\/p>\n<p class=\"dou-paragraph\" style=\"text-align: justify;\">Art. 7\u00ba Ficam revogados:<\/p>\n<p class=\"dou-paragraph\" style=\"text-align: justify;\">I &#8211; o art. 22 da Portaria MC n\u00ba 275, de 13 de agosto de 2020;<\/p>\n<p class=\"dou-paragraph\" style=\"text-align: justify;\">II &#8211; os seguintes dispositivos da Portaria n\u00ba 3.238, de 20 de junho de 2018:<\/p>\n<p class=\"dou-paragraph\" style=\"text-align: justify;\">a) al\u00edneas &#8220;a&#8221; e &#8220;b&#8221; do Anexo IV, referentes aos documentos das Funda\u00e7\u00f5es P\u00fablicas e Institui\u00e7\u00f5es de Educa\u00e7\u00e3o P\u00fablicas;<\/p>\n<p class=\"dou-paragraph\" style=\"text-align: justify;\">b) al\u00edneas &#8220;b&#8221; e &#8220;c&#8221; do Anexo V, referentes aos documentos da Pessoa Jur\u00eddica Mantenedora;<\/p>\n<p class=\"dou-paragraph\" style=\"text-align: justify;\">c) al\u00ednea &#8220;b&#8221; do Anexo V, referente ao documento da Institui\u00e7\u00e3o de Ensino Superior Mantida;<\/p>\n<p class=\"dou-paragraph\" style=\"text-align: justify;\">d) al\u00edneas &#8220;b&#8221; e &#8220;f&#8221; do Anexo VI, referentes aos documentos das Funda\u00e7\u00f5es de Direito Privado;<\/p>\n<p class=\"dou-paragraph\" style=\"text-align: justify;\">e) al\u00ednea &#8220;a&#8221; do Anexo IX, referente ao documento da cession\u00e1ria;<\/p>\n<p class=\"dou-paragraph\" style=\"text-align: justify;\">f) al\u00ednea &#8220;a&#8221; do Anexo X, referente ao documento da cession\u00e1ria; e<\/p>\n<p class=\"dou-paragraph\" style=\"text-align: justify;\">g) al\u00ednea &#8220;a&#8221; do Anexo XI, referente ao documento da cession\u00e1ria.<\/p>\n<p class=\"dou-paragraph\" style=\"text-align: justify;\">III &#8211; a Portaria n\u00ba 4.775, de 14 de setembro de 2018;<\/p>\n<p class=\"dou-paragraph\" style=\"text-align: justify;\">IV &#8211; a Portaria n\u00ba 329, de 4 de julho de 2012; e<\/p>\n<p class=\"dou-paragraph\" style=\"text-align: justify;\">V &#8211; os \u00a7\u00a7 1\u00ba e 2\u00ba do art. 13 da Portaria MC n\u00ba 231, de 7 de agosto de 2013.<\/p>\n<p class=\"dou-paragraph\" style=\"text-align: justify;\">Art. 8\u00ba Esta Portaria entra em vigor na data de sua publica\u00e7\u00e3o.<\/p>\n<p class=\"assina\" style=\"text-align: justify;\">Fonte: ABERT<\/p>\n<\/div>\n","protected":false},"excerpt":{"rendered":"<p>O MINISTRO DE ESTADO DAS COMUNICA\u00c7\u00d5ES, no uso da atribui\u00e7\u00e3o&hellip;<\/p>\n<p> <a class=\"more-link\" href=\"https:\/\/sertsc.org.br\/site\/mcom-atualiza-normas-tecnicas\/\">Leia mais<\/a><\/p>\n","protected":false},"author":1,"featured_media":16671,"comment_status":"open","ping_status":"open","sticky":false,"template":"","format":"standard","meta":{"footnotes":""},"categories":[3],"tags":[],"class_list":{"0":"post-16670","1":"post","2":"type-post","3":"status-publish","4":"format-standard","5":"has-post-thumbnail","7":"category-noticias"},"_links":{"self":[{"href":"https:\/\/sertsc.org.br\/site\/wp-json\/wp\/v2\/posts\/16670","targetHints":{"allow":["GET"]}}],"collection":[{"href":"https:\/\/sertsc.org.br\/site\/wp-json\/wp\/v2\/posts"}],"about":[{"href":"https:\/\/sertsc.org.br\/site\/wp-json\/wp\/v2\/types\/post"}],"author":[{"embeddable":true,"href":"https:\/\/sertsc.org.br\/site\/wp-json\/wp\/v2\/users\/1"}],"replies":[{"embeddable":true,"href":"https:\/\/sertsc.org.br\/site\/wp-json\/wp\/v2\/comments?post=16670"}],"version-history":[{"count":0,"href":"https:\/\/sertsc.org.br\/site\/wp-json\/wp\/v2\/posts\/16670\/revisions"}],"wp:featuredmedia":[{"embeddable":true,"href":"https:\/\/sertsc.org.br\/site\/wp-json\/"}],"wp:attachment":[{"href":"https:\/\/sertsc.org.br\/site\/wp-json\/wp\/v2\/media?parent=16670"}],"wp:term":[{"taxonomy":"category","embeddable":true,"href":"https:\/\/sertsc.org.br\/site\/wp-json\/wp\/v2\/categories?post=16670"},{"taxonomy":"post_tag","embeddable":true,"href":"https:\/\/sertsc.org.br\/site\/wp-json\/wp\/v2\/tags?post=16670"}],"curies":[{"name":"wp","href":"https:\/\/api.w.org\/{rel}","templated":true}]}}