{"id":16664,"date":"2021-10-06T08:37:59","date_gmt":"2021-10-06T11:37:59","guid":{"rendered":"https:\/\/www.sertsc.org.br\/site\/?p=16664"},"modified":"2021-10-06T08:37:59","modified_gmt":"2021-10-06T11:37:59","slug":"mercado-de-radio-conta-com-varias-estacoes-ams-preparando-suas-estreias-no-dial-efm","status":"publish","type":"post","link":"https:\/\/sertsc.org.br\/site\/mercado-de-radio-conta-com-varias-estacoes-ams-preparando-suas-estreias-no-dial-efm\/","title":{"rendered":"Mercado de r\u00e1dio conta com v\u00e1rias esta\u00e7\u00f5es AMs preparando suas estreias no dial eFM"},"content":{"rendered":"<p style=\"text-align: justify;\">A reta final de 2021 promete ser movimentada na maioria dos dials FMs do pa\u00eds, com estreias em FM convencional (88.1 FM a 107.9 FM) e tamb\u00e9m em eFM (76.1 FM a 87.3 FM). Ou seja,\u00a0<strong><em>todo o espectro agora conhecido como FM 2.0 (de 76.1 FM a 107.9 FM) vai contar com alguma movimenta\u00e7\u00e3o at\u00e9 o final deste ano<\/em><\/strong>. O\u00a0<strong>tudoradio.com<\/strong>\u00a0j\u00e1 chegou a destacar as\u00a0<a href=\"https:\/\/tudoradio.com\/noticias\/ver\/26177-clube-fm-radio-mix-fm-jovem-pan-fm-up-fm-rede-aleluia-e-band-fm-contam-com-estreias-programadas-para-outubro\"><strong>novidades previstas para o m\u00eas de outubro<\/strong><\/a>\u00a0em diferentes regi\u00f5es do pa\u00eds e agora coloca no foco<strong><em>\u00a0as estreias indicadas para o eFM<\/em><\/strong>, ou seja, o FM estendido. S\u00e3o v\u00e1rias as emissoras que j\u00e1 fizeram alguma manifesta\u00e7\u00e3o p\u00fablica sobre o uso de um canal a partir de 76.1 FM. Acompanhe o recorte:<\/p>\n<p style=\"text-align: justify;\">Em setembro passado, emissoras originadas na faixa AM nas regi\u00f5es de Campinas, Santos e Ribeir\u00e3o Preto fizeram campanhas sobre suas idas para o dial eFM. Foram os casos de esta\u00e7\u00f5es do\u00a0<a href=\"https:\/\/tudoradio.com\/noticias\/ver\/25973-grupo-abc-de-radio-divulga-frequencias-em-fm-de-migrantes-am-em-campinas-santos-e-santo-andre\"><strong>Grupo ABC de R\u00e1dio<\/strong><\/a>\u00a0e tamb\u00e9m do\u00a0<a href=\"https:\/\/tudoradio.com\/noticias\/ver\/25941-grupo-bandeirantes-divulga-frequencias-que-serao-usadas-pela-radio-bandeirantes-no-efm-em-campinas-e-ribeirao-preto\"><strong>Grupo Bandeirantes de Comunica\u00e7\u00e3o<\/strong><\/a>\u00a0(veja a lista no final desta reportagem), que preparam suas estruturas t\u00e9cnicas para a transmiss\u00e3o em FM, mas ainda n\u00e3o contam com uma data definitiva para a estreia em seus novos canais.<\/p>\n<p style=\"text-align: justify;\">Os visitantes e a equipe do\u00a0<strong>tudoradio.com\u00a0<\/strong>tamb\u00e9m captaram novas transmiss\u00f5es em eFM desde o m\u00eas de maio, quando foi\u00a0<a href=\"https:\/\/tudoradio.com\/noticias\/ver\/25362-migracao-am-fm-em-faixa-estendida-de-fm-e-iniciada-hoje-em-sp-rj-df-mg-pe-e-rs\"><strong>inaugurada oficialmente a nova faixa estendida do FM<\/strong><\/a>\u00a0no Brasil. Mais recentemente, o dial FM da Grande S\u00e3o Paulo percebeu a transmiss\u00e3o em baixa pot\u00eancia da GRU FM 84.7 de Guarulhos (j\u00e1 em seu canal definitivo, emissora originada como R\u00e1dio Cumbica AM 1500) e testes da R\u00e1dio Nova Difusora AM 1540 de Osasco (ir\u00e1 para 79.9 FM).<\/p>\n<p style=\"text-align: justify;\">Em geral, as escutas das emissoras em eFM s\u00e3o de boa qualidade, mesmo com parte das emissoras operando como esta\u00e7\u00f5es cient\u00edficas. Com a faixa mais livre, o tudoradio.com costuma receber relatos de sintonia em locais at\u00e9 distantes em rela\u00e7\u00e3o a origem da transmiss\u00e3o. Exemplo: n\u00e3o raro \u00e9 o flagrante de r\u00e1dios em eFM de S\u00e3o Paulo, registros de visitantes do portal residentes na regi\u00e3o de Campinas.\u00a0<a href=\"https:\/\/tudoradio.com\/noticias\/ver\/25393-curiosidade-estacoes-em-efm-sao-captadas-com-facilidade-em-grandes-centros-como-sao-paulo\"><strong>A sintonia tamb\u00e9m \u00e9 considerada de boa qualidade nas \u00e1reas de interesse imediato dessas esta\u00e7\u00f5es<\/strong><\/a>.<\/p>\n<p style=\"text-align: justify;\">Para captar as esta\u00e7\u00f5es j\u00e1 ativas em eFM e aquelas que tamb\u00e9m j\u00e1 fizeram alguma manifesta\u00e7\u00e3o p\u00fablica sobre o inicio de suas transmiss\u00f5es, os ouvintes precisam de receptores que iniciem o seu dial a partir da sintonia 76.1 FM. R\u00e1dios migrantes como a R\u00e1dio Capital FM 77.5 de S\u00e3o Paulo e a R\u00e1dio Banda B FM 79.3 de Curitiba (PR) est\u00e3o com\u00a0<a href=\"https:\/\/tudoradio.com\/noticias\/ver\/25696-radio-capital-e-banda-b-orientam-a-audiencia-sobre-receptores-efm-mais-radios-anunciam-operacao-em-nova-faixa\"><strong>campanhas di\u00e1rias para orientar a audi\u00eancia<\/strong><\/a>\u00a0sobre a novidade. E, recentemente, a AESP divulgou um levantamento sobre a\u00a0<a href=\"https:\/\/tudoradio.com\/noticias\/ver\/25789-o-radio-hoje-cresce-a-oferta-de-receptores-fm-que-iniciam-a-partir-de-76-mhz-aesp-talks-lista-modelos-automotivos-e-portateis\"><strong>oferta de receptores com o &#8220;dial FM 2.0&#8221;<\/strong><\/a>.<\/p>\n<p style=\"text-align: justify;\" data-fetch=\"true\">O\u00a0<strong>tudoradio.com<\/strong>\u00a0organizou uma lista de esta\u00e7\u00f5es relacionadas \u00e0 opera\u00e7\u00e3o em eFM, organizadas entre aquelas que j\u00e1 manifestaram alguma informa\u00e7\u00e3o p\u00fablica sobre a migra\u00e7\u00e3o para a faixa estendida e esta\u00e7\u00f5es que j\u00e1 est\u00e3o no ar. Lembrando que\u00a0<a href=\"https:\/\/tudoradio.com\/noticias\/busca\/consulta%20p%C3%BAblica\"><strong>a Anatel tem divulgado uma s\u00e9rie de consultas p\u00fablicas e atos relacionados ao eFM<\/strong><\/a>. Acompanhe:<\/p>\n<p style=\"text-align: justify;\"><em><strong>R\u00e1dios que fizeram alguma campanha sobre futuras estreias em eFM:<\/strong><\/em><\/p>\n<p style=\"text-align: justify;\"><em>Jovem Pan News AM 590 de Santos (SP) -&gt; 76.1 FM<br \/>\nJovem Pan News AM 1230 de Campinas (SP) -&gt;\u00a0\u00a085.3 FM<br \/>\nR\u00e1dio ABC AM 1570 de Santo Andr\u00e9 (SP) -&gt; 81.9 FM<br \/>\nR\u00e1dio Bandeirantes AM 1170 de Campinas (SP) -&gt; 85.7 FM<br \/>\nR\u00e1dio Bandeirantes AM 1270 de Ribeir\u00e3o Preto (SP) -&gt; 84.9 FM<br \/>\nR\u00e1dio Brasil AM 690 de Santa B\u00e1rbara D&#8217; Oeste (SP) -&gt; 81.9 FM<br \/>\nR\u00e1dio Tropical Gospel AM 1320 de Curitiba (PR) -&gt; 81.3 FM<\/em><\/p>\n<p style=\"text-align: justify;\"><em><strong>Faixas j\u00e1 indicadas publicamente e que possuem seus futuros ocupantes indicados:<\/strong><\/em><\/p>\n<p style=\"text-align: justify;\"><em>Jovem Pan News AM 620 de S\u00e3o Paulo -&gt; 76.7 FM<br \/>\nR\u00e1dio Bandeirantes AM 840 de S\u00e3o Paulo -&gt; 86.3 FM<br \/>\nR\u00e1dio Record AM 1000 de S\u00e3o Paulo -&gt; 77.1 FM<\/em><\/p>\n<p style=\"text-align: justify;\"><em><strong>Quem j\u00e1 est\u00e1 no ar:<\/strong><\/em><\/p>\n<p>GRU FM \/ R\u00e1dio Cumbica FM 84.7 de Guarulhos (SP) &#8211; Originada em 1500 AM<br \/>\nR\u00e1dio Banda B FM 79.3 de Curitiba (PR) &#8211; Originada em 550 AM<br \/>\nR\u00e1dio Capital FM 77.5 de S\u00e3o Paulo &#8211; Originada em 1040 AM<br \/>\nR\u00e1dio Cultura Brasil FM 77.9 de S\u00e3o Paulo &#8211; Originada em 1210 AM<br \/>\nR\u00e1dio Jornal FM 76.1 do Recife (PE) &#8211; Originada em 780 AM<br \/>\nR\u00e1dio Liberdade FM 83.3 de Porto Alegre (RS) &#8211; Originada em 970 AM<br \/>\nR\u00e1dio Nova Progresso FM 81.9 de S\u00e3o Leopoldo (RS) &#8211; Originada em 1530 AM<br \/>\nTua R\u00e1dio S\u00e3o Francisco FM 79.9 de Caxias do Sul (RS) &#8211; Originada em 560 AM<\/p>\n<p style=\"text-align: justify;\"><em><strong>Emissoras n\u00e3o originadas na faixa AM que est\u00e3o em eFM:<\/strong><\/em><\/p>\n<p style=\"text-align: justify;\" data-fetch=\"true\"><em>R\u00e1dio Nacional FM 87.1 &#8211; S\u00e3o Paulo<br \/>\nR\u00e1dio Nacional FM 87.1 &#8211; Recife<br \/>\nR\u00e1dio Nacional FM 87.1 &#8211; Rio de Janeiro<br \/>\nR\u00e1dio Nacional FM 87.1 &#8211; Belo Horizonte<br \/>\nR\u00e1dio MEC FM 87.1 &#8211; Bras\u00edlia<\/em><\/p>\n<p style=\"text-align: justify;\"><strong>O primeiro teste do eFM<\/strong><\/p>\n<p style=\"text-align: justify;\">A\u00a0<a href=\"https:\/\/tudoradio.com\/noticias\/ver\/11663-plantao-exclusivo-jovem-pan-am-ja-esta-no-ar-em-fm-estendido-na-grande-sao-paulo\"><strong>primeira transmiss\u00e3o oficial em eFM foi realizada em 2014, na sintonia 84.7 FM<\/strong><\/a>. Na ocasi\u00e3o, que foi 1 ano ap\u00f3s a assinatura que marcou o in\u00edcio do processo de migra\u00e7\u00e3o AM-FM no pa\u00eds, foi repetido em S\u00e3o Paulo o sinal da Jovem Pan News AM 620. Na \u00faltima consulta p\u00fablica, o canal 84.7 FM foi destinado \u00e0 migra\u00e7\u00e3o AM-FM de Guarulhos (j\u00e1 ocupado pela GRU FM).<\/p>\n<p style=\"text-align: justify;\">Essas novidades marcam o uso da faixa FM estendida (76.1 FM a 87.3 FM), que ampliar\u00e1 a faixa de FM j\u00e1 existente (87.5 FM a 107.9 FM). Tamb\u00e9m h\u00e1 a expectativa do mercado sobre as defini\u00e7\u00f5es da \u00faltima consulta p\u00fablica sobre os canais de migra\u00e7\u00e3o em diferentes regi\u00f5es do pa\u00eds.<\/p>\n<p>&nbsp;<\/p>\n<p style=\"text-align: justify;\">Fonte: Tudor\u00e1dio<\/p>\n","protected":false},"excerpt":{"rendered":"<p>A reta final de 2021 promete ser movimentada na maioria&hellip;<\/p>\n<p> <a class=\"more-link\" href=\"https:\/\/sertsc.org.br\/site\/mercado-de-radio-conta-com-varias-estacoes-ams-preparando-suas-estreias-no-dial-efm\/\">Leia mais<\/a><\/p>\n","protected":false},"author":1,"featured_media":16667,"comment_status":"open","ping_status":"open","sticky":false,"template":"","format":"standard","meta":{"footnotes":""},"categories":[33,3],"tags":[],"class_list":{"0":"post-16664","1":"post","2":"type-post","3":"status-publish","4":"format-standard","5":"has-post-thumbnail","7":"category-destaques","8":"category-noticias"},"_links":{"self":[{"href":"https:\/\/sertsc.org.br\/site\/wp-json\/wp\/v2\/posts\/16664","targetHints":{"allow":["GET"]}}],"collection":[{"href":"https:\/\/sertsc.org.br\/site\/wp-json\/wp\/v2\/posts"}],"about":[{"href":"https:\/\/sertsc.org.br\/site\/wp-json\/wp\/v2\/types\/post"}],"author":[{"embeddable":true,"href":"https:\/\/sertsc.org.br\/site\/wp-json\/wp\/v2\/users\/1"}],"replies":[{"embeddable":true,"href":"https:\/\/sertsc.org.br\/site\/wp-json\/wp\/v2\/comments?post=16664"}],"version-history":[{"count":0,"href":"https:\/\/sertsc.org.br\/site\/wp-json\/wp\/v2\/posts\/16664\/revisions"}],"wp:featuredmedia":[{"embeddable":true,"href":"https:\/\/sertsc.org.br\/site\/wp-json\/"}],"wp:attachment":[{"href":"https:\/\/sertsc.org.br\/site\/wp-json\/wp\/v2\/media?parent=16664"}],"wp:term":[{"taxonomy":"category","embeddable":true,"href":"https:\/\/sertsc.org.br\/site\/wp-json\/wp\/v2\/categories?post=16664"},{"taxonomy":"post_tag","embeddable":true,"href":"https:\/\/sertsc.org.br\/site\/wp-json\/wp\/v2\/tags?post=16664"}],"curies":[{"name":"wp","href":"https:\/\/api.w.org\/{rel}","templated":true}]}}