{"id":16655,"date":"2021-10-05T08:28:27","date_gmt":"2021-10-05T11:28:27","guid":{"rendered":"https:\/\/www.sertsc.org.br\/site\/?p=16655"},"modified":"2021-10-05T08:28:27","modified_gmt":"2021-10-05T11:28:27","slug":"em-enquete-84-dos-participantes-consideram-o-radio-uma-fonte-confiavel-sobre-a-covid-19","status":"publish","type":"post","link":"https:\/\/sertsc.org.br\/site\/em-enquete-84-dos-participantes-consideram-o-radio-uma-fonte-confiavel-sobre-a-covid-19\/","title":{"rendered":"Em enquete, 84% dos participantes consideram o r\u00e1dio uma fonte confi\u00e1vel sobre a covid-19"},"content":{"rendered":"<p style=\"text-align: justify;\">Nos \u00faltimos tr\u00eas meses o\u00a0<strong>tudoradio.com<\/strong>\u00a0deixou aberta uma enquete que questionava a sua audi\u00eancia sobre a confiabilidade do r\u00e1dio na presta\u00e7\u00e3o de servi\u00e7os e nas informa\u00e7\u00f5es veiculadas sobre a pandemia da covid-19. E, seguindo na mesma linha de pesquisas j\u00e1 realizadas sobre o assunto,\u00a0<em><strong>a maioria dos participantes consideraram o r\u00e1dio como um ve\u00edculo confi\u00e1vel<\/strong><\/em>. Para a maioria dos visitantes que responderam \u00e0 enquete (47%), o r\u00e1dio \u00e9 o ve\u00edculo mais confi\u00e1vel quando o assunto \u00e9 a covid-19.<\/p>\n<p style=\"text-align: justify;\">No total,\u00a0<em><strong>84% dos participantes da enquete consideraram o r\u00e1dio como uma fonte com credibilidade sobre assuntos relacionados \u00e0 pandemia<\/strong><\/em>. Al\u00e9m dos 47% j\u00e1 citados anteriormente, outros 37% afirmaram que o meio \u00e9 geralmente confi\u00e1vel, ou seja, as esta\u00e7\u00f5es que os participantes costumam ouvir s\u00e3o consideradas confi\u00e1veis por esses ouvintes.<\/p>\n<p style=\"text-align: justify;\">Na contram\u00e3o da maioria, apenas 9% dos participantes afirmaram que o r\u00e1dio n\u00e3o costuma ser confi\u00e1vel sobre a covid-19 e ouvem as emissoras por outros motivos (n\u00e3o relacionados \u00e0 informa\u00e7\u00f5es sobre a pandemia). E para 7% daqueles que responderam \u00e0 enquete o r\u00e1dio n\u00e3o \u00e9 confi\u00e1vel e, segundo eles, existem outras formas de se obter informa\u00e7\u00f5es sobre a covid-19.<\/p>\n<p style=\"text-align: justify;\">O resultado positivo na enquete sobre a credibilidade do r\u00e1dio na cobertura sobre a pandemia colabora com pesquisas relacionadas sobre o assunto. Segundo a Kantar IBOPE Media,\u00a0<a href=\"https:\/\/tudoradio.com\/noticias\/ver\/25947-o-radio-hoje-mix-de-midia-credibilidade-do-radio-cresce-43-e-meio-e-ouvido-por-80-da-populacao-diz-kantar-ibope-media\"><strong>a credibilidade do r\u00e1dio est\u00e1 em alta<\/strong><\/a>: 69% dos entrevistados pela empresa afirmaram que confiam no r\u00e1dio para se manter informados. Para se ter uma ideia do avan\u00e7o, o percentual no ano passado era de 48% e de 49% em 2019.<\/p>\n<p style=\"text-align: justify;\">O r\u00e1dio tamb\u00e9m conta com uma alta credibilidade fora do Brasil. Seis em cada dez entrevistados afirmam que\u00a0<a href=\"https:\/\/tudoradio.com\/noticias\/ver\/25477-o-radio-hoje-covid-19-seis-em-cada-dez-afirmam-que-radio-e-extremamente-ou-algo-confiavel-quando-o-assunto-e-vacina\"><strong>o r\u00e1dio \u00e9 &#8220;extremamente ou algo confi\u00e1vel&#8221; quando o assunto \u00e9 vacina<\/strong><\/a>, isso segundo um estudo realizado pela Horizon Media, relacionado ao mercado dos Estados Unidos. E levantamentos relacionados \u00e0\u00a0<a href=\"https:\/\/tudoradio.com\/noticias\/ver\/23877-o-radio-hoje-com-credibilidade-e-audiencia-em-alta-na-europa-radio-e-o-meio-que-melhor-lida-com-a-crise-da-covid-19\"><strong>Europa tamb\u00e9m j\u00e1 apontaram que o r\u00e1dio \u00e9 o meio que melhor lida com a crise da covid-19<\/strong><\/a>.<\/p>\n<p><img fetchpriority=\"high\" decoding=\"async\" class=\"aligncenter wp-image-16656 size-full\" src=\"https:\/\/www.sertsc.org.br\/site\/wp-content\/uploads\/2021\/10\/615b7a800fdc6.png\" alt=\"\" width=\"500\" height=\"297\" \/><\/p>\n<p>&nbsp;<\/p>\n<p style=\"text-align: justify;\">Vale ressaltar que a enquete n\u00e3o conta com processo cient\u00edfico de avalia\u00e7\u00e3o, sendo apenas uma forma de saber como foi o comportamento dos visitantes do portal perante o tema proposto. O questionamento esteve em vig\u00eancia entre a primeira quinzena de junho e a primeira quinzena de outubro. E o n\u00famero total de votos foi de 510.<\/p>\n<p style=\"text-align: justify;\"><strong>A pr\u00f3xima enquete: A posse de um receptor FM com dial estendido<\/strong><\/p>\n<p style=\"text-align: justify;\">O\u00a0<strong>tudoradio.com<\/strong>\u00a0j\u00e1 conta com uma nova enquete dispon\u00edvel para a audi\u00eancia. Nela, o portal pergunta o seguinte: \u201c<em><strong>Seja pelo celular, r\u00e1dio do carro ou receptor tradicional\u2026 voc\u00ea j\u00e1 tem algum receptor de r\u00e1dio com FM estendido (a partir de 76.1 FM)?<\/strong><\/em>\u201d<\/p>\n<p style=\"text-align: justify;\">Fonte: Tudor\u00e1dio<\/p>\n","protected":false},"excerpt":{"rendered":"<p>Nos \u00faltimos tr\u00eas meses o\u00a0tudoradio.com\u00a0deixou aberta uma enquete que questionava&hellip;<\/p>\n<p> <a class=\"more-link\" href=\"https:\/\/sertsc.org.br\/site\/em-enquete-84-dos-participantes-consideram-o-radio-uma-fonte-confiavel-sobre-a-covid-19\/\">Leia mais<\/a><\/p>\n","protected":false},"author":1,"featured_media":16657,"comment_status":"open","ping_status":"open","sticky":false,"template":"","format":"standard","meta":{"footnotes":""},"categories":[33,3],"tags":[],"class_list":{"0":"post-16655","1":"post","2":"type-post","3":"status-publish","4":"format-standard","5":"has-post-thumbnail","7":"category-destaques","8":"category-noticias"},"_links":{"self":[{"href":"https:\/\/sertsc.org.br\/site\/wp-json\/wp\/v2\/posts\/16655","targetHints":{"allow":["GET"]}}],"collection":[{"href":"https:\/\/sertsc.org.br\/site\/wp-json\/wp\/v2\/posts"}],"about":[{"href":"https:\/\/sertsc.org.br\/site\/wp-json\/wp\/v2\/types\/post"}],"author":[{"embeddable":true,"href":"https:\/\/sertsc.org.br\/site\/wp-json\/wp\/v2\/users\/1"}],"replies":[{"embeddable":true,"href":"https:\/\/sertsc.org.br\/site\/wp-json\/wp\/v2\/comments?post=16655"}],"version-history":[{"count":0,"href":"https:\/\/sertsc.org.br\/site\/wp-json\/wp\/v2\/posts\/16655\/revisions"}],"wp:featuredmedia":[{"embeddable":true,"href":"https:\/\/sertsc.org.br\/site\/wp-json\/"}],"wp:attachment":[{"href":"https:\/\/sertsc.org.br\/site\/wp-json\/wp\/v2\/media?parent=16655"}],"wp:term":[{"taxonomy":"category","embeddable":true,"href":"https:\/\/sertsc.org.br\/site\/wp-json\/wp\/v2\/categories?post=16655"},{"taxonomy":"post_tag","embeddable":true,"href":"https:\/\/sertsc.org.br\/site\/wp-json\/wp\/v2\/tags?post=16655"}],"curies":[{"name":"wp","href":"https:\/\/api.w.org\/{rel}","templated":true}]}}