{"id":16645,"date":"2021-10-04T16:19:36","date_gmt":"2021-10-04T19:19:36","guid":{"rendered":"https:\/\/www.sertsc.org.br\/site\/?p=16645"},"modified":"2021-10-04T16:19:36","modified_gmt":"2021-10-04T19:19:36","slug":"na-abratel-secretaria-executiva-do-mcom-fala-da-agenda-para-desburocratizar-radiodifusao","status":"publish","type":"post","link":"https:\/\/sertsc.org.br\/site\/na-abratel-secretaria-executiva-do-mcom-fala-da-agenda-para-desburocratizar-radiodifusao\/","title":{"rendered":"Na Abratel, secret\u00e1ria-executiva do MCom fala da agenda para desburocratizar radiodifus\u00e3o"},"content":{"rendered":"<p style=\"text-align: justify;\">Em visita \u00e0 Associa\u00e7\u00e3o Brasileira de R\u00e1dio e Televis\u00e3o (Abratel), nesta semana, a secret\u00e1ria-executiva do Minist\u00e9rio das Comunica\u00e7\u00f5es (MCom), Estella Dantas, ampliou o di\u00e1logo sobre os desafios e os avan\u00e7os da pasta para desburocratizar o setor de radiodifus\u00e3o e assegurar garantias para a sustentabilidade das r\u00e1dios e TVs brasileiras.<\/p>\n<p style=\"text-align: justify;\">&#8220;Nesse sentido, o MCom tem promovido avan\u00e7os bem significativos na legisla\u00e7\u00e3o, que \u00e9 muito atrasada, de 1962, e tem se desenvolvido bastante em um ano&#8221;, argumenta Estella. O ministro F\u00e1bio Faria, de acordo com a secret\u00e1ria-executiva, tem confian\u00e7a na atua\u00e7\u00e3o da Secretaria de Radiodifus\u00e3o e percebe a disposi\u00e7\u00e3o, a disponibilidade e o entendimento para atender \u00e0s expectativas de radiodifusores e da popula\u00e7\u00e3o. &#8220;Cada vez que se promove um avan\u00e7o na legisla\u00e7\u00e3o, tamb\u00e9m se promove avan\u00e7os para o consumidor, para o telespectador, para o ouvinte&#8221;, justificou.<\/p>\n<p style=\"text-align: justify;\">\n<p style=\"text-align: justify;\">Fonte: Telaviva<\/p>\n","protected":false},"excerpt":{"rendered":"<p>Em visita \u00e0 Associa\u00e7\u00e3o Brasileira de R\u00e1dio e Televis\u00e3o (Abratel),&hellip;<\/p>\n<p> <a class=\"more-link\" href=\"https:\/\/sertsc.org.br\/site\/na-abratel-secretaria-executiva-do-mcom-fala-da-agenda-para-desburocratizar-radiodifusao\/\">Leia mais<\/a><\/p>\n","protected":false},"author":1,"featured_media":16646,"comment_status":"open","ping_status":"open","sticky":false,"template":"","format":"standard","meta":{"footnotes":""},"categories":[3],"tags":[],"class_list":{"0":"post-16645","1":"post","2":"type-post","3":"status-publish","4":"format-standard","5":"has-post-thumbnail","7":"category-noticias"},"_links":{"self":[{"href":"https:\/\/sertsc.org.br\/site\/wp-json\/wp\/v2\/posts\/16645","targetHints":{"allow":["GET"]}}],"collection":[{"href":"https:\/\/sertsc.org.br\/site\/wp-json\/wp\/v2\/posts"}],"about":[{"href":"https:\/\/sertsc.org.br\/site\/wp-json\/wp\/v2\/types\/post"}],"author":[{"embeddable":true,"href":"https:\/\/sertsc.org.br\/site\/wp-json\/wp\/v2\/users\/1"}],"replies":[{"embeddable":true,"href":"https:\/\/sertsc.org.br\/site\/wp-json\/wp\/v2\/comments?post=16645"}],"version-history":[{"count":0,"href":"https:\/\/sertsc.org.br\/site\/wp-json\/wp\/v2\/posts\/16645\/revisions"}],"wp:featuredmedia":[{"embeddable":true,"href":"https:\/\/sertsc.org.br\/site\/wp-json\/"}],"wp:attachment":[{"href":"https:\/\/sertsc.org.br\/site\/wp-json\/wp\/v2\/media?parent=16645"}],"wp:term":[{"taxonomy":"category","embeddable":true,"href":"https:\/\/sertsc.org.br\/site\/wp-json\/wp\/v2\/categories?post=16645"},{"taxonomy":"post_tag","embeddable":true,"href":"https:\/\/sertsc.org.br\/site\/wp-json\/wp\/v2\/tags?post=16645"}],"curies":[{"name":"wp","href":"https:\/\/api.w.org\/{rel}","templated":true}]}}