{"id":16631,"date":"2021-10-04T08:22:34","date_gmt":"2021-10-04T11:22:34","guid":{"rendered":"https:\/\/www.sertsc.org.br\/site\/?p=16631"},"modified":"2021-10-04T08:22:34","modified_gmt":"2021-10-04T11:22:34","slug":"audio-digital-em-alta-brasil-esta-entre-os-paises-que-mais-consomem-podcasts-segunda-feira-04-de-outubro-de-2021-0731","status":"publish","type":"post","link":"https:\/\/sertsc.org.br\/site\/audio-digital-em-alta-brasil-esta-entre-os-paises-que-mais-consomem-podcasts-segunda-feira-04-de-outubro-de-2021-0731\/","title":{"rendered":"\u00c1udio digital em alta: Brasil est\u00e1 entre os pa\u00edses que mais consomem podcasts"},"content":{"rendered":"<p style=\"text-align: justify;\">Um levantamento realizado pela Statista, atrav\u00e9s da pesquisa Statista Global Consumer Survey, apontou o quanto os podcasts s\u00e3o populares em diferentes pa\u00edses. E o\u00a0<strong><em>Brasil apareceu como um dos maiores mercados consumidores desse formato de \u00e1udio digital<\/em><\/strong>, \u00e0 frente dos Estados Unidos e do Reino Unido. Segundo a Statista, 40% dos entrevistados brasileiros afirmaram que ouviram pelo menos um podcast nos \u00faltimos 12 meses. No levantamento, apenas Su\u00e9cia e Irlanda apareceram na frente do mercado brasileiro.<\/p>\n<p style=\"text-align: justify;\">O levantamento foi destacado pela Statista em seu perfil oficial nas redes sociais e contou com pesquisas de 1.000 a 5.700 entrevistados por pa\u00eds. Assim como o Brasil, Irlanda e Su\u00e9cia aparecem acima de 40% dos entrevistados afirmando que ouviram pelo menos um podcast nos \u00faltimos 12 meses. Os suecos, donos do maior percentual entre os pa\u00edses pesquisados, contam com 47% dos entrevistados como consumidores desse formato de \u00e1udio digital.<\/p>\n<p style=\"text-align: justify;\">Na Am\u00e9rica Latina, M\u00e9xico e Chile tamb\u00e9m se destacam, com percentuais variando entre 30-39% dos entrevistados afirmando que ouviram podcasts nos \u00faltimos doze meses. Argentina, Peru e Col\u00f4mbia registraram valores entre 20-29%.<\/p>\n<p style=\"text-align: justify;\">Maior produtor de podcasts de acordo com outras pesquisas,\u00a0<a href=\"https:\/\/tudoradio.com\/noticias\/ver\/24242-tendencias-campanhas-feitas-no-radio-fmam-tem-impulsionado-o-consumo-de-podcasts-nos-estados-unidos-meio-segue-fortalecendo-o-digital\"><strong>plataforma de \u00e1udio digital que \u00e9 muito impulsionada pelas gigantes da ind\u00fastria de r\u00e1dio<\/strong><\/a>\u00a0(destaque para a iHeartMedia), 34% dos entrevistados dos Estados Unidos afirmaram que ouviram um podcast nos \u00faltimos doze meses. J\u00e1 o Reino Unido, outro mercado importante para esse formato de \u00e1udio, registrou 31% segundo o levantamento da Statista.<\/p>\n<p style=\"text-align: justify;\">Os podcasts parecem ser menos populares em mercados importantes da \u00c1sia, com base nos dados da Statista. A China conta com 19% de participa\u00e7\u00e3o de ouvintes de podcast entre os participantes da pesquisa, enquanto o Jap\u00e3o aparece em \u00faltimo lugar no levantamento, atr\u00e1s de Taiwan, Mal\u00e1sia e Paquist\u00e3o. Apenas 5% do p\u00fablico japon\u00eas entrevistados afirmaram ter ouvido podcasts nos \u00faltimos doze meses.<\/p>\n<p style=\"text-align: justify;\">Novamente sobre o resultado brasileiro no levantamento da Statista, o n\u00famero n\u00e3o surpreende. O pa\u00eds conta com uma variedade consider\u00e1vel de produtores de podcasts, contando tamb\u00e9m com marcas da m\u00eddia de massa impulsionando o formato (como televis\u00f5es, r\u00e1dios e jornais). Em julho passado, o\u00a0<strong>tudoradio.com<\/strong>\u00a0j\u00e1 havia repercutido um levantamento feito pela plataforma Listen Notes, este que j\u00e1 apontava\u00a0<a href=\"https:\/\/tudoradio.com\/noticias\/ver\/25767-tendencias-2021-ja-conta-com-mais-podcasts-novos-do-que-todo-o-ano-de-2019\"><strong>o Brasil como o segundo pa\u00eds no ranking de cria\u00e7\u00e3o e veicula\u00e7\u00e3o de podcasts<\/strong><\/a>. J\u00e1 sobre o idioma presente nessas produ\u00e7\u00f5es, o portugu\u00eas j\u00e1 aparecia em terceiro lugar.<\/p>\n<p style=\"text-align: justify;\">Sobre o Statista Global Consumer Survey, o levantamento contou com entrevistados com idades entre 18 e 64 anos, 1.000 a 5.700 entrevistados por pa\u00eds, entre os meses de fevereiro de 2020 e junho de 2021.<\/p>\n<p><img fetchpriority=\"high\" decoding=\"async\" class=\"aligncenter wp-image-16632 size-full\" src=\"https:\/\/www.sertsc.org.br\/site\/wp-content\/uploads\/2021\/10\/6158776e6b8a5.jpg\" alt=\"\" width=\"500\" height=\"501\" \/><\/p>\n<p style=\"text-align: center;\">Infogr\u00e1fico da Statista com os dados coletados sobre o consumo de podcasts em v\u00e1rios pa\u00edses<\/p>\n<p>&nbsp;<\/p>\n<p style=\"text-align: justify;\">Fonte: Tudor\u00e1dio.<\/p>\n","protected":false},"excerpt":{"rendered":"<p>Um levantamento realizado pela Statista, atrav\u00e9s da pesquisa Statista Global&hellip;<\/p>\n<p> <a class=\"more-link\" href=\"https:\/\/sertsc.org.br\/site\/audio-digital-em-alta-brasil-esta-entre-os-paises-que-mais-consomem-podcasts-segunda-feira-04-de-outubro-de-2021-0731\/\">Leia mais<\/a><\/p>\n","protected":false},"author":1,"featured_media":16633,"comment_status":"open","ping_status":"open","sticky":false,"template":"","format":"standard","meta":{"footnotes":""},"categories":[33,3],"tags":[],"class_list":{"0":"post-16631","1":"post","2":"type-post","3":"status-publish","4":"format-standard","5":"has-post-thumbnail","7":"category-destaques","8":"category-noticias"},"_links":{"self":[{"href":"https:\/\/sertsc.org.br\/site\/wp-json\/wp\/v2\/posts\/16631","targetHints":{"allow":["GET"]}}],"collection":[{"href":"https:\/\/sertsc.org.br\/site\/wp-json\/wp\/v2\/posts"}],"about":[{"href":"https:\/\/sertsc.org.br\/site\/wp-json\/wp\/v2\/types\/post"}],"author":[{"embeddable":true,"href":"https:\/\/sertsc.org.br\/site\/wp-json\/wp\/v2\/users\/1"}],"replies":[{"embeddable":true,"href":"https:\/\/sertsc.org.br\/site\/wp-json\/wp\/v2\/comments?post=16631"}],"version-history":[{"count":0,"href":"https:\/\/sertsc.org.br\/site\/wp-json\/wp\/v2\/posts\/16631\/revisions"}],"wp:featuredmedia":[{"embeddable":true,"href":"https:\/\/sertsc.org.br\/site\/wp-json\/"}],"wp:attachment":[{"href":"https:\/\/sertsc.org.br\/site\/wp-json\/wp\/v2\/media?parent=16631"}],"wp:term":[{"taxonomy":"category","embeddable":true,"href":"https:\/\/sertsc.org.br\/site\/wp-json\/wp\/v2\/categories?post=16631"},{"taxonomy":"post_tag","embeddable":true,"href":"https:\/\/sertsc.org.br\/site\/wp-json\/wp\/v2\/tags?post=16631"}],"curies":[{"name":"wp","href":"https:\/\/api.w.org\/{rel}","templated":true}]}}