{"id":16621,"date":"2021-10-03T21:30:00","date_gmt":"2021-10-04T00:30:00","guid":{"rendered":"https:\/\/www.sertsc.org.br\/site\/?p=16621"},"modified":"2021-10-03T21:30:00","modified_gmt":"2021-10-04T00:30:00","slug":"nota-de-pesar-14","status":"publish","type":"post","link":"https:\/\/sertsc.org.br\/site\/nota-de-pesar-14\/","title":{"rendered":"NOTA DE PESAR"},"content":{"rendered":"<p style=\"text-align: justify;\"><img fetchpriority=\"high\" decoding=\"async\" class=\"alignnone size-medium wp-image-16626\" src=\"https:\/\/www.sertsc.org.br\/site\/wp-content\/uploads\/2021\/10\/Hugo-2-208x300.jpeg\" alt=\"\" width=\"208\" height=\"300\" \/><\/p>\n<p>Foi com profundo pesar que o SERT\/SC recebeu a not\u00edcia do falecimento do Sr. Hugo Silveira Lopes, aos 87 anos. Ele era presidente do Sindicato dos Empregados em Empresas de Radiodifus\u00e3o e Televis\u00e3o do Estado de SC e foi colaborador da NSC por 53 anos.<\/p>\n<p style=\"text-align: justify;\">Figura admir\u00e1vel, Seu Hugo, como era carinhosamente conhecido, permanecer\u00e1 na mem\u00f3ria de todos n\u00f3s. O SERT\/SC manifesta os seus sentimentos aos familiares, amigos e colegas de trabalho.<\/p>\n<p style=\"text-align: justify;\">Ana Paula Melo<br \/>\nPresidente SERT\/SC<\/p>\n","protected":false},"excerpt":{"rendered":"<p>Foi com profundo pesar que o SERT\/SC recebeu a not\u00edcia&hellip;<\/p>\n<p> <a class=\"more-link\" href=\"https:\/\/sertsc.org.br\/site\/nota-de-pesar-14\/\">Leia mais<\/a><\/p>\n","protected":false},"author":1,"featured_media":16625,"comment_status":"open","ping_status":"open","sticky":false,"template":"","format":"standard","meta":{"footnotes":""},"categories":[33,1],"tags":[],"class_list":{"0":"post-16621","1":"post","2":"type-post","3":"status-publish","4":"format-standard","5":"has-post-thumbnail","7":"category-destaques","8":"category-geral"},"_links":{"self":[{"href":"https:\/\/sertsc.org.br\/site\/wp-json\/wp\/v2\/posts\/16621","targetHints":{"allow":["GET"]}}],"collection":[{"href":"https:\/\/sertsc.org.br\/site\/wp-json\/wp\/v2\/posts"}],"about":[{"href":"https:\/\/sertsc.org.br\/site\/wp-json\/wp\/v2\/types\/post"}],"author":[{"embeddable":true,"href":"https:\/\/sertsc.org.br\/site\/wp-json\/wp\/v2\/users\/1"}],"replies":[{"embeddable":true,"href":"https:\/\/sertsc.org.br\/site\/wp-json\/wp\/v2\/comments?post=16621"}],"version-history":[{"count":0,"href":"https:\/\/sertsc.org.br\/site\/wp-json\/wp\/v2\/posts\/16621\/revisions"}],"wp:featuredmedia":[{"embeddable":true,"href":"https:\/\/sertsc.org.br\/site\/wp-json\/"}],"wp:attachment":[{"href":"https:\/\/sertsc.org.br\/site\/wp-json\/wp\/v2\/media?parent=16621"}],"wp:term":[{"taxonomy":"category","embeddable":true,"href":"https:\/\/sertsc.org.br\/site\/wp-json\/wp\/v2\/categories?post=16621"},{"taxonomy":"post_tag","embeddable":true,"href":"https:\/\/sertsc.org.br\/site\/wp-json\/wp\/v2\/tags?post=16621"}],"curies":[{"name":"wp","href":"https:\/\/api.w.org\/{rel}","templated":true}]}}