{"id":16616,"date":"2021-10-01T09:21:54","date_gmt":"2021-10-01T12:21:54","guid":{"rendered":"https:\/\/www.sertsc.org.br\/site\/?p=16616"},"modified":"2021-10-01T09:21:54","modified_gmt":"2021-10-01T12:21:54","slug":"anatel-normatiza-uso-de-espectro-de-radiodifusao-para-telecomunicacoes","status":"publish","type":"post","link":"https:\/\/sertsc.org.br\/site\/anatel-normatiza-uso-de-espectro-de-radiodifusao-para-telecomunicacoes\/","title":{"rendered":"Anatel normatiza uso de espectro de radiodifus\u00e3o para telecomunica\u00e7\u00f5es"},"content":{"rendered":"<p style=\"text-align: justify;\">O conselho diretor da Ag\u00eancia Nacional de Telecomunica\u00e7\u00f5es (Anatel) aprovou, nesta quinta-feira (30), uma resolu\u00e7\u00e3o que atribui e destina faixas de radiofrequ\u00eancias de TV e estabelece o regulamento sobre condi\u00e7\u00f5es de uso dessas faixas por dispositivos de espectro ocioso, mais conhecido como Regulamento de TV White Spaces.<img decoding=\"async\" src=\"https:\/\/agenciabrasil.ebc.com.br\/ebc.png?id=1423138&amp;o=node\" \/><img decoding=\"async\" src=\"https:\/\/agenciabrasil.ebc.com.br\/ebc.gif?id=1423138&amp;o=node\" \/><\/p>\n<p style=\"text-align: justify;\">Segundo o \u00f3rg\u00e3o, o normativo aprovado regulamenta a aplica\u00e7\u00e3o dessa tecnologia, que permite designar para os servi\u00e7os de telecomunica\u00e7\u00f5es, de forma din\u00e2mica, radiofrequ\u00eancias destinadas \u00e0 radiodifus\u00e3o de sons e imagens (televis\u00e3o) que n\u00e3o estejam autorizadas. Com isso, avalia a Anatel, aumenta-se a efici\u00eancia de uso do espectro, que \u00e9 um recurso limitado, com vantagens caracter\u00edsticas das faixas de frequ\u00eancia de TV, como longo alcance e toler\u00e2ncia a obst\u00e1culos.<\/p>\n<p style=\"text-align: justify;\">Segundo o conselheiro Vicente Aquino, a ocupa\u00e7\u00e3o das radiofrequ\u00eancias de TV por servi\u00e7os de telecomunica\u00e7\u00f5es \u00e9 uma tend\u00eancia mundial, embora o servi\u00e7o de TV necessite de ampla prote\u00e7\u00e3o contra interfer\u00eancias de telecomunica\u00e7\u00f5es operando nessa faixa. Nesse sentido, ele prop\u00f4s acr\u00e9scimos \u00e0 proposta do conselheiro relator, Emmanoel Campelo, para ampliar as salvaguardas: al\u00e9m de limita\u00e7\u00f5es de pot\u00eancia, o novo regulamento prev\u00ea a utiliza\u00e7\u00e3o do sensoriamento de espectro e da separa\u00e7\u00e3o de frequ\u00eancias entre os sinais.<\/p>\n<p style=\"text-align: justify;\"><strong>D\u00ea sua opini\u00e3o sobre a qualidade do conte\u00fado que voc\u00ea acessou<\/strong>.<\/p>\n<p style=\"text-align: justify;\">Para registrar sua opini\u00e3o, copie o link ou o t\u00edtulo do conte\u00fado e clique na barra de manifesta\u00e7\u00e3o.<\/p>\n<p style=\"text-align: justify;\">Voc\u00ea ser\u00e1 direcionado para o &#8220;Fale com a Ouvidoria&#8221; da EBC e poder\u00e1 nos ajudar a melhorar nossos servi\u00e7os, sugerindo, denunciando, reclamando, solicitando e, tamb\u00e9m, elogiando.<\/p>\n<p style=\"text-align: justify;\">\n<p style=\"text-align: justify;\">Fonte: Agencia Brasil<\/p>\n","protected":false},"excerpt":{"rendered":"<p>O conselho diretor da Ag\u00eancia Nacional de Telecomunica\u00e7\u00f5es (Anatel) aprovou,&hellip;<\/p>\n<p> <a class=\"more-link\" href=\"https:\/\/sertsc.org.br\/site\/anatel-normatiza-uso-de-espectro-de-radiodifusao-para-telecomunicacoes\/\">Leia mais<\/a><\/p>\n","protected":false},"author":1,"featured_media":16617,"comment_status":"open","ping_status":"open","sticky":false,"template":"","format":"standard","meta":{"footnotes":""},"categories":[3],"tags":[],"class_list":{"0":"post-16616","1":"post","2":"type-post","3":"status-publish","4":"format-standard","5":"has-post-thumbnail","7":"category-noticias"},"_links":{"self":[{"href":"https:\/\/sertsc.org.br\/site\/wp-json\/wp\/v2\/posts\/16616","targetHints":{"allow":["GET"]}}],"collection":[{"href":"https:\/\/sertsc.org.br\/site\/wp-json\/wp\/v2\/posts"}],"about":[{"href":"https:\/\/sertsc.org.br\/site\/wp-json\/wp\/v2\/types\/post"}],"author":[{"embeddable":true,"href":"https:\/\/sertsc.org.br\/site\/wp-json\/wp\/v2\/users\/1"}],"replies":[{"embeddable":true,"href":"https:\/\/sertsc.org.br\/site\/wp-json\/wp\/v2\/comments?post=16616"}],"version-history":[{"count":0,"href":"https:\/\/sertsc.org.br\/site\/wp-json\/wp\/v2\/posts\/16616\/revisions"}],"wp:featuredmedia":[{"embeddable":true,"href":"https:\/\/sertsc.org.br\/site\/wp-json\/"}],"wp:attachment":[{"href":"https:\/\/sertsc.org.br\/site\/wp-json\/wp\/v2\/media?parent=16616"}],"wp:term":[{"taxonomy":"category","embeddable":true,"href":"https:\/\/sertsc.org.br\/site\/wp-json\/wp\/v2\/categories?post=16616"},{"taxonomy":"post_tag","embeddable":true,"href":"https:\/\/sertsc.org.br\/site\/wp-json\/wp\/v2\/tags?post=16616"}],"curies":[{"name":"wp","href":"https:\/\/api.w.org\/{rel}","templated":true}]}}