{"id":16613,"date":"2021-10-01T09:19:13","date_gmt":"2021-10-01T12:19:13","guid":{"rendered":"https:\/\/www.sertsc.org.br\/site\/?p=16613"},"modified":"2021-10-01T09:19:13","modified_gmt":"2021-10-01T12:19:13","slug":"proposta-da-anatel-atualiza-canalizacoes-e-destinacao-de-faixas","status":"publish","type":"post","link":"https:\/\/sertsc.org.br\/site\/proposta-da-anatel-atualiza-canalizacoes-e-destinacao-de-faixas\/","title":{"rendered":"Proposta da Anatel atualiza canaliza\u00e7\u00f5es e destina\u00e7\u00e3o de faixas"},"content":{"rendered":"<p style=\"text-align: justify;\">Ser\u00e1 colocada em consulta p\u00fablica a proposta de revis\u00e3o da regulamenta\u00e7\u00e3o do uso de frequ\u00eancias. O Conselho Diretor da Anatel aprovou nesta quinta-feira, 30, a proposta apresentada\u00a0 pelo conselheiro Emmanoel Campelo, que atualiza os arranjos e canaliza\u00e7\u00f5es de oito faixas: 450 MHz,\u00a0<a href=\"https:\/\/teletime.com.br\/02\/12\/2019\/com-700-mhz-liberado-em-todo-pais-operadoras-aceleram-ativacoes-na-faixa\/\" target=\"_blank\" rel=\"noreferrer noopener follow\" data-wpel-link=\"internal\">700 MHz<\/a>, 850 MHz, 900 MHz, 1.800 MHz FDD; 1.800 MHz TDD; 1,9-2,1 GHz e de 2,5 GHz.<\/p>\n<p style=\"text-align: justify;\">Segundo Campelo, a ideia \u00e9 de que os arranjos das frequ\u00eancias A nova proposta exclui tamb\u00e9m \u00e1reas j\u00e1 atendidas e leva em considera\u00e7\u00e3o o decreto n\u00ba 10.821,\u00a0<a href=\"https:\/\/teletime.com.br\/28\/09\/2021\/decreto-flexibiliza-prazo-de-cumprimento-de-meta-do-pgmu-para-o-servico-de-telefonia-fixa\/\" target=\"_blank\" rel=\"noreferrer noopener follow\" data-wpel-link=\"internal\">aprovado pelo governo na quarta-feira<\/a>\u00a0e que atualizou o cronograma de metas de backhaul do PGMU para dezembro de 2022.<\/p>\n<p style=\"text-align: justify;\">A proposta foi aprovada por unanimidade pelos conselheiros na reuni\u00e3o, e a consulta p\u00fablica ter\u00e1 a dura\u00e7\u00e3o de 45 dias. De acordo com o relator, haver\u00e1 uma &#8220;significativa moderniza\u00e7\u00e3o do espectro&#8221;. Confira abaixo os novos arranjos.<\/p>\n<p style=\"text-align: justify;\"><strong>450 MHz<\/strong><\/p>\n<p style=\"text-align: justify;\">A alternativa \u00e9 a de atualizar o arranjo enteja em conformidade com recomenda\u00e7\u00f5es da Uni\u00e3o Internacional de Telecomunica\u00e7\u00f5es (UIT). A proposta combina a atualiza\u00e7\u00e3o atual com nova canaliza\u00e7\u00e3o, de 100 kHz, ao longo de toda a extens\u00e3o \u00fatil da subfaixa. A ideia \u00e9 viabilizar portadoras de 200 kHz para NB-IoT, al\u00e9m de LTE-M (1,4 MHz) e LTE (de 5 MHz).<\/p>\n<p style=\"text-align: justify;\"><strong>700 MHz<\/strong><\/p>\n<p style=\"text-align: justify;\">A sugest\u00e3o \u00e9 de retirar a destina\u00e7\u00e3o para aplica\u00e7\u00f5es de seguran\u00e7a p\u00fablica, defesa nacional e infraestrutura do bloco 1, para que seja licitada para o servi\u00e7o m\u00f3vel pessoal (SMP). Essas aplica\u00e7\u00f5es ficariam mais &#8220;bem acolhidos&#8221; na faixa de 850 MHz com a cria\u00e7\u00e3o do Sisnacc.<\/p>\n<p style=\"text-align: justify;\"><strong>850 MHz<\/strong><\/p>\n<p style=\"text-align: justify;\">Replanejamento da subfaixa de 806 \u2013 894 MHz, agrupando a atual subfaixa A com as subfaixas A e B. A ideia \u00e9 disponibilizar bloco de 30 + 30 MHz cont\u00edguos para o SMP \u2013 algo que\u00a0<a href=\"https:\/\/teletime.com.br\/19\/06\/2020\/reorganizacao-de-850-mhz-deve-ganhar-forca-apos-diretriz-para-renovacao-de-espectro\/\" target=\"_blank\" rel=\"noreferrer noopener follow\" data-wpel-link=\"internal\">organizaria o esquema atual, considerado complexo pela ag\u00eancia<\/a>.\u00a0 Al\u00e9m disso, pretende arranjar uma subfaixa de SLP com bloco de 10 + 10 MHz.<\/p>\n<p style=\"text-align: justify;\"><strong>900 MHz\u00a0<\/strong><\/p>\n<p style=\"text-align: justify;\">Segundo Emmanoel Campelo, busca-se um replanejamento da faixa com exce\u00e7\u00e3o de duplex de 10 + 10 MHz nas faixas de 905-915 MHz (uplink) e 950-960 MHz (downlink) para o SMP. A alternativa explorada pelo conselheiro escolheu n\u00e3o expandir a faixa devido a interfer\u00eancias.<\/p>\n<p style=\"text-align: justify;\"><strong>1.800 MHz (FDD e TDD)<\/strong><\/p>\n<p style=\"text-align: justify;\">Para a aplica\u00e7\u00e3o FDD \u2013 ou seja, com divis\u00e3o de frequ\u00eancia -, a destina\u00e7\u00e3o foi considerada atualizada, e por isso n\u00e3o precisaria de revis\u00e3o. A proposta identifica que defini\u00e7\u00e3o de canais de 5 MHz de largura traz maior efici\u00eancia de uso, permitindo agrega\u00e7\u00e3o. No caso da por\u00e7\u00e3o TDD, prop\u00f5e-se o replanejamento para obten\u00e7\u00e3o de 20 MHz cont\u00edguos de faixa de guarda (10 + 10 MHz) nas duas extremidades da subfaixa.<\/p>\n<p style=\"text-align: justify;\"><strong>1,9-2,1 GHz e 2,5 GHz<\/strong><\/p>\n<p style=\"text-align: justify;\">A proposta de reorganiza\u00e7\u00e3o \u00e9 a de atualiza\u00e7\u00e3o da canaliza\u00e7\u00e3o, com blocos de 5 + 5 MHz, com agrega\u00e7\u00e3o. No entanto, a canaliza\u00e7\u00e3o vigente seria mantida &#8220;at\u00e9 o vencimento de todas as outorgas&#8221;.<\/p>\n<p style=\"text-align: justify;\">A faixa de 2,5 GHz traz proposta semelhante. &#8220;Destaca-se que a nova canaliza\u00e7\u00e3o pode entrar em vig\u00eancia imediatamente e n\u00e3o impactar\u00e1 as operadoras&#8221;, colocou Campelo.<\/p>\n<p style=\"text-align: justify;\">\n<p style=\"text-align: justify;\">Fonte: Teletime<\/p>\n","protected":false},"excerpt":{"rendered":"<p>Ser\u00e1 colocada em consulta p\u00fablica a proposta de revis\u00e3o da&hellip;<\/p>\n<p> <a class=\"more-link\" href=\"https:\/\/sertsc.org.br\/site\/proposta-da-anatel-atualiza-canalizacoes-e-destinacao-de-faixas\/\">Leia mais<\/a><\/p>\n","protected":false},"author":1,"featured_media":16614,"comment_status":"open","ping_status":"open","sticky":false,"template":"","format":"standard","meta":{"footnotes":""},"categories":[3],"tags":[],"class_list":{"0":"post-16613","1":"post","2":"type-post","3":"status-publish","4":"format-standard","5":"has-post-thumbnail","7":"category-noticias"},"_links":{"self":[{"href":"https:\/\/sertsc.org.br\/site\/wp-json\/wp\/v2\/posts\/16613","targetHints":{"allow":["GET"]}}],"collection":[{"href":"https:\/\/sertsc.org.br\/site\/wp-json\/wp\/v2\/posts"}],"about":[{"href":"https:\/\/sertsc.org.br\/site\/wp-json\/wp\/v2\/types\/post"}],"author":[{"embeddable":true,"href":"https:\/\/sertsc.org.br\/site\/wp-json\/wp\/v2\/users\/1"}],"replies":[{"embeddable":true,"href":"https:\/\/sertsc.org.br\/site\/wp-json\/wp\/v2\/comments?post=16613"}],"version-history":[{"count":0,"href":"https:\/\/sertsc.org.br\/site\/wp-json\/wp\/v2\/posts\/16613\/revisions"}],"wp:featuredmedia":[{"embeddable":true,"href":"https:\/\/sertsc.org.br\/site\/wp-json\/"}],"wp:attachment":[{"href":"https:\/\/sertsc.org.br\/site\/wp-json\/wp\/v2\/media?parent=16613"}],"wp:term":[{"taxonomy":"category","embeddable":true,"href":"https:\/\/sertsc.org.br\/site\/wp-json\/wp\/v2\/categories?post=16613"},{"taxonomy":"post_tag","embeddable":true,"href":"https:\/\/sertsc.org.br\/site\/wp-json\/wp\/v2\/tags?post=16613"}],"curies":[{"name":"wp","href":"https:\/\/api.w.org\/{rel}","templated":true}]}}