{"id":16604,"date":"2021-09-30T09:20:29","date_gmt":"2021-09-30T12:20:29","guid":{"rendered":"https:\/\/www.sertsc.org.br\/site\/?p=16604"},"modified":"2021-09-30T09:20:29","modified_gmt":"2021-09-30T12:20:29","slug":"anpd-prorroga-consulta-publica-da-lgpd-para-micro-e-pequenas-empresas","status":"publish","type":"post","link":"https:\/\/sertsc.org.br\/site\/anpd-prorroga-consulta-publica-da-lgpd-para-micro-e-pequenas-empresas\/","title":{"rendered":"ANPD prorroga consulta p\u00fablica da LGPD para micro e pequenas empresas"},"content":{"rendered":"<p style=\"text-align: justify;\">A Autoridade Nacional de Prote\u00e7\u00e3o de Dados (ANPD) prorrogou por mais 15 dias o prazo para envio de contribui\u00e7\u00f5es para consulta p\u00fablica sobre a norma de aplica\u00e7\u00e3o da Lei Geral de Prote\u00e7\u00e3o de Dados Pessoais (LGPD) para microempresas e empresas de pequeno porte.\u00a0<a href=\"https:\/\/teletime.com.br\/30\/08\/2021\/anpd-coloca-em-consulta-regras-de-tratamento-de-dados-para-pmes-e-startups\/\" target=\"_blank\" rel=\"noreferrer noopener follow\" data-wpel-link=\"internal\">O prazo inicialmente previsto se encerraria nesta quarta-feira, 29<\/a>.<\/p>\n<p style=\"text-align: justify;\">A decis\u00e3o de prorroga\u00e7\u00e3o foi tomada pelo Conselho Diretor da Autoridade nesta mesma data seguindo o voto do relator da mat\u00e9ria, diretor Arthur Sabbat. De acordo com o relator, a prorroga\u00e7\u00e3o permitir\u00e1 um maior debate da norma com a sociedade.<\/p>\n<p style=\"text-align: justify;\">A minuta colocada em consulta p\u00fablica regulamenta a aplica\u00e7\u00e3o da\u00a0<a href=\"https:\/\/teletime.com.br\/19\/05\/2020\/senado-mantem-vigencia-da-lgpd-para-agosto-de-2020\/\" target=\"_blank\" rel=\"noreferrer noopener follow\" data-wpel-link=\"internal\">LGPD<\/a>\u00a0para microempresas e empresas de pequeno porte,\u00a0<a href=\"https:\/\/teletime.com.br\/02\/12\/2020\/pesquisa-mostra-aumento-no-numero-de-empresas-preparadas-para-a-lgpd\/\" target=\"_blank\" rel=\"noreferrer noopener follow\" data-wpel-link=\"internal\">bem como para iniciativas empresariais que se autodeclarem startups<\/a>\u00a0e para pessoas f\u00edsicas que tratam dados pessoais com fins econ\u00f4micos. A proposta traz algumas flexibilidades para essas empresas, como a n\u00e3o obriga\u00e7\u00e3o de indicar encarregado de tratamento de dados, conforme exigido atualmente pela LGPD.<\/p>\n<p style=\"text-align: justify;\">\n<p style=\"text-align: justify;\">Fonte: Teletime<\/p>\n","protected":false},"excerpt":{"rendered":"<p>A Autoridade Nacional de Prote\u00e7\u00e3o de Dados (ANPD) prorrogou por&hellip;<\/p>\n<p> <a class=\"more-link\" href=\"https:\/\/sertsc.org.br\/site\/anpd-prorroga-consulta-publica-da-lgpd-para-micro-e-pequenas-empresas\/\">Leia mais<\/a><\/p>\n","protected":false},"author":1,"featured_media":16605,"comment_status":"open","ping_status":"open","sticky":false,"template":"","format":"standard","meta":{"footnotes":""},"categories":[33,3],"tags":[],"class_list":{"0":"post-16604","1":"post","2":"type-post","3":"status-publish","4":"format-standard","5":"has-post-thumbnail","7":"category-destaques","8":"category-noticias"},"_links":{"self":[{"href":"https:\/\/sertsc.org.br\/site\/wp-json\/wp\/v2\/posts\/16604","targetHints":{"allow":["GET"]}}],"collection":[{"href":"https:\/\/sertsc.org.br\/site\/wp-json\/wp\/v2\/posts"}],"about":[{"href":"https:\/\/sertsc.org.br\/site\/wp-json\/wp\/v2\/types\/post"}],"author":[{"embeddable":true,"href":"https:\/\/sertsc.org.br\/site\/wp-json\/wp\/v2\/users\/1"}],"replies":[{"embeddable":true,"href":"https:\/\/sertsc.org.br\/site\/wp-json\/wp\/v2\/comments?post=16604"}],"version-history":[{"count":0,"href":"https:\/\/sertsc.org.br\/site\/wp-json\/wp\/v2\/posts\/16604\/revisions"}],"wp:featuredmedia":[{"embeddable":true,"href":"https:\/\/sertsc.org.br\/site\/wp-json\/"}],"wp:attachment":[{"href":"https:\/\/sertsc.org.br\/site\/wp-json\/wp\/v2\/media?parent=16604"}],"wp:term":[{"taxonomy":"category","embeddable":true,"href":"https:\/\/sertsc.org.br\/site\/wp-json\/wp\/v2\/categories?post=16604"},{"taxonomy":"post_tag","embeddable":true,"href":"https:\/\/sertsc.org.br\/site\/wp-json\/wp\/v2\/tags?post=16604"}],"curies":[{"name":"wp","href":"https:\/\/api.w.org\/{rel}","templated":true}]}}