{"id":16571,"date":"2021-09-28T08:53:14","date_gmt":"2021-09-28T11:53:14","guid":{"rendered":"https:\/\/www.sertsc.org.br\/site\/?p=16571"},"modified":"2021-09-28T08:53:14","modified_gmt":"2021-09-28T11:53:14","slug":"governo-amplia-prazo-para-regularizacao-de-retransmissoras-de-tv","status":"publish","type":"post","link":"https:\/\/sertsc.org.br\/site\/governo-amplia-prazo-para-regularizacao-de-retransmissoras-de-tv\/","title":{"rendered":"Governo amplia prazo para regulariza\u00e7\u00e3o de retransmissoras de TV"},"content":{"rendered":"<p style=\"text-align: justify;\"><span data-contrast=\"auto\">O governo publicou, nesta ter\u00e7a-feira, 24, decreto que altera as regras do Servi\u00e7o de Retransmiss\u00e3o de Televis\u00e3o e do Servi\u00e7o de Repeti\u00e7\u00e3o de Televis\u00e3o, ancilares ao Servi\u00e7o de Radiodifus\u00e3o de Sons e Imagens e dos Servi\u00e7os de Radiodifus\u00e3o. A principal mudan\u00e7a \u00e9 de que a<\/span><span data-contrast=\"auto\">s pessoas jur\u00eddicas outorgadas para execu\u00e7\u00e3o de servi\u00e7os de radiodifus\u00e3o e ancilares ter\u00e3o at\u00e9 31 de dezembro de 2022 para obter a autoriza\u00e7\u00e3o de uso de radiofrequ\u00eancia junto \u00e0 Anatel, na hip\u00f3tese de n\u00e3o terem a referida autoriza\u00e7\u00e3o ou de a validade estar expirada, e para solicitar o licenciamento de suas esta\u00e7\u00f5es, na hip\u00f3tese de elas n\u00e3o estarem licenciadas, sem preju\u00edzo da aplica\u00e7\u00e3o das san\u00e7\u00f5es previstas na legisla\u00e7\u00e3o.<\/span><span data-ccp-props=\"{&quot;134233117&quot;:true,&quot;134233118&quot;:true,&quot;201341983&quot;:0,&quot;335559739&quot;:160,&quot;335559740&quot;:240}\">\u00a0<\/span><\/p>\n<p style=\"text-align: justify;\"><span data-contrast=\"auto\">Anteriormente, as entidades que operam sem a autoriza\u00e7\u00e3o de radiofrequ\u00eancia ou com a validade expirada, ou que n\u00e3o est\u00e3o licenciadas, tinham at\u00e9 o dia 1\u00ba de setembro de 2021 para regularizar as esta\u00e7\u00f5es.<\/span><span data-ccp-props=\"{&quot;134233117&quot;:true,&quot;134233118&quot;:true,&quot;201341983&quot;:0,&quot;335559739&quot;:160,&quot;335559740&quot;:240}\">\u00a0<\/span><\/p>\n<p style=\"text-align: justify;\"><span data-contrast=\"auto\">Pelo\u00a0texto, caso o novo prazo para regulariza\u00e7\u00e3o n\u00e3o seja atendido, pode ter a autoriza\u00e7\u00e3o extinta. O texto trata tamb\u00e9m de outros ajustes, como o da inser\u00e7\u00e3o de publicidade no\u00a0servi\u00e7o de retransmiss\u00e3o de r\u00e1dio na Amaz\u00f4nia Legal. Al\u00e9m disso, permite que a esta\u00e7\u00e3o transmissora de emissora de radiodifus\u00e3o seja instalada em munic\u00edpio lim\u00edtrofe ao do objeto da outorga, na forma prevista em regulamento.<\/span><span data-ccp-props=\"{&quot;134233117&quot;:true,&quot;134233118&quot;:true,&quot;201341983&quot;:0,&quot;335559739&quot;:160,&quot;335559740&quot;:240}\">\u00a0<\/span><\/p>\n<p style=\"text-align: justify;\"><span data-contrast=\"auto\">As novas regras foram aplaudidas pelo setor. O presidente da Associa\u00e7\u00e3o Brasileira de Emissoras de R\u00e1dio e TV (Abert), Fl\u00e1vio Lara Resende, afirma em nota que \u201cmais uma vez, o Minist\u00e9rio das Comunica\u00e7\u00f5es conferiu uma resposta \u00e1gil e eficiente \u00e0s demandas apresentadas pelo setor, promovendo importantes altera\u00e7\u00f5es na legisla\u00e7\u00e3o de radiodifus\u00e3o, que, na pr\u00e1tica, beneficiar\u00e3o as r\u00e1dios que estavam com dificuldade de cumprir o prazo para regulariza\u00e7\u00e3o das esta\u00e7\u00f5es, trazendo mais seguran\u00e7a jur\u00eddica \u00e0s emissoras que est\u00e3o em fase de renova\u00e7\u00e3o de outorga\u201d.<\/span><span data-ccp-props=\"{&quot;134233117&quot;:true,&quot;134233118&quot;:true,&quot;201341983&quot;:0,&quot;335559739&quot;:160,&quot;335559740&quot;:240}\">\u00a0<\/span><\/p>\n<p style=\"text-align: justify;\"><span data-contrast=\"auto\">O decreto passa a vigorar no dia 1\u00ba de setembro. Leia\u00a0<a href=\"http:\/\/www.planalto.gov.br\/ccivil_03\/_ato2019-2022\/2021\/decreto\/D10775.htm\">aqui<\/a>\u00a0a \u00edntegra.<\/span><\/p>\n<p style=\"text-align: justify;\">\n<p style=\"text-align: justify;\">Fonte: TeleS\u00edntese<\/p>\n","protected":false},"excerpt":{"rendered":"<p>O governo publicou, nesta ter\u00e7a-feira, 24, decreto que altera as&hellip;<\/p>\n<p> <a class=\"more-link\" href=\"https:\/\/sertsc.org.br\/site\/governo-amplia-prazo-para-regularizacao-de-retransmissoras-de-tv\/\">Leia mais<\/a><\/p>\n","protected":false},"author":1,"featured_media":16572,"comment_status":"open","ping_status":"open","sticky":false,"template":"","format":"standard","meta":{"footnotes":""},"categories":[33,3],"tags":[],"class_list":{"0":"post-16571","1":"post","2":"type-post","3":"status-publish","4":"format-standard","5":"has-post-thumbnail","7":"category-destaques","8":"category-noticias"},"_links":{"self":[{"href":"https:\/\/sertsc.org.br\/site\/wp-json\/wp\/v2\/posts\/16571","targetHints":{"allow":["GET"]}}],"collection":[{"href":"https:\/\/sertsc.org.br\/site\/wp-json\/wp\/v2\/posts"}],"about":[{"href":"https:\/\/sertsc.org.br\/site\/wp-json\/wp\/v2\/types\/post"}],"author":[{"embeddable":true,"href":"https:\/\/sertsc.org.br\/site\/wp-json\/wp\/v2\/users\/1"}],"replies":[{"embeddable":true,"href":"https:\/\/sertsc.org.br\/site\/wp-json\/wp\/v2\/comments?post=16571"}],"version-history":[{"count":0,"href":"https:\/\/sertsc.org.br\/site\/wp-json\/wp\/v2\/posts\/16571\/revisions"}],"wp:featuredmedia":[{"embeddable":true,"href":"https:\/\/sertsc.org.br\/site\/wp-json\/"}],"wp:attachment":[{"href":"https:\/\/sertsc.org.br\/site\/wp-json\/wp\/v2\/media?parent=16571"}],"wp:term":[{"taxonomy":"category","embeddable":true,"href":"https:\/\/sertsc.org.br\/site\/wp-json\/wp\/v2\/categories?post=16571"},{"taxonomy":"post_tag","embeddable":true,"href":"https:\/\/sertsc.org.br\/site\/wp-json\/wp\/v2\/tags?post=16571"}],"curies":[{"name":"wp","href":"https:\/\/api.w.org\/{rel}","templated":true}]}}