{"id":16565,"date":"2021-09-27T16:01:03","date_gmt":"2021-09-27T19:01:03","guid":{"rendered":"https:\/\/www.sertsc.org.br\/site\/?p=16565"},"modified":"2021-09-27T16:01:03","modified_gmt":"2021-09-27T19:01:03","slug":"anatel-publica-edital-para-o-leilao-de-5g","status":"publish","type":"post","link":"https:\/\/sertsc.org.br\/site\/anatel-publica-edital-para-o-leilao-de-5g\/","title":{"rendered":"Anatel publica edital para o leil\u00e3o de 5G"},"content":{"rendered":"<p style=\"text-align: justify;\">O edital com as regras para o\u00a0<strong>leil\u00e3o de 5G<\/strong>\u00a0foi publicado pela Anatel na tarde desta segunda-feira, 27, ap\u00f3s\u00a0<a href=\"https:\/\/teletime.com.br\/24\/09\/2021\/anatel-aprova-edital-de-5g-e-preve-leilao-para-4-de-novembro\/\" target=\"_blank\" rel=\"noreferrer noopener follow\" data-wpel-link=\"internal\">aprova\u00e7\u00e3o dos termos finais pelo Conselho Diretor da ag\u00eancia<\/a>\u00a0no \u00faltimo dia 24.<\/p>\n<p style=\"text-align: justify;\">O\u00a0<a href=\"https:\/\/pesquisa.in.gov.br\/imprensa\/jsp\/visualiza\/index.jsp?data=27\/09\/2021&amp;jornal=530&amp;pagina=9&amp;totalArquivos=520\" target=\"_blank\" rel=\"noreferrer noopener nofollow external\" data-wpel-link=\"external\">aviso de licita\u00e7\u00e3o<\/a>\u00a0foi publicado no Di\u00e1rio Oficial da Uni\u00e3o de hoje, ao passo que a \u00edntegra do documento (com 310 p\u00e1ginas) foi disponibilizado no portal da Anatel e pode ser acessada\u00a0<strong><a href=\"https:\/\/sei.anatel.gov.br\/sei\/modulos\/pesquisa\/md_pesq_documento_consulta_externa.php?eEP-wqk1skrd8hSlk5Z3rN4EVg9uLJqrLYJw_9INcO4pZiryWaSvw0pvlHhFlpHabXHJHyOWvmBqefWPoG7fo9pDth65tk5Ayk_XzwNcT1WYnuqLAaLDWNGq36QBU4ZO\" target=\"_blank\" rel=\"noreferrer noopener nofollow external\" data-wpel-link=\"external\">aqui<\/a><\/strong>.<\/p>\n<p style=\"text-align: justify;\">O edital confirma para\u00a0<strong>4 de novembro<\/strong>\u00a0a primeira sess\u00e3o de abertura, an\u00e1lise e julgamento das propostas de pre\u00e7o pelas radiofrequ\u00eancias que ser\u00e3o disponibilizadas. J\u00e1 o\u00a0<strong>envio das propostas deve ocorrer at\u00e9 o dia 27 de outubro<\/strong>.<\/p>\n<p style=\"text-align: justify;\">Maior oferta de espectro da hist\u00f3ria da Anatel, o leil\u00e3o envolve autoriza\u00e7\u00f5es de uso para as faixas de 700 MHz, 2,3 GHz, 3,5 GHz e 26 GHz. O pre\u00e7o total estimado das frequ\u00eancias\u00a0<a href=\"https:\/\/teletime.com.br\/24\/09\/2021\/leilao-do-5g-e-avaliado-no-total-em-r-497-bilhoes\/\" target=\"_blank\" rel=\"noreferrer noopener follow\" data-wpel-link=\"internal\">\u00e9 de R$ 49,7 bilh\u00f5es<\/a>, sendo que a maior parte dos valores ser\u00e1 paga na forma de obriga\u00e7\u00f5es e compromissos.<\/p>\n<p>&nbsp;<\/p>\n<p>Fonte: Teletime<\/p>\n","protected":false},"excerpt":{"rendered":"<p>O edital com as regras para o\u00a0leil\u00e3o de 5G\u00a0foi publicado&hellip;<\/p>\n<p> <a class=\"more-link\" href=\"https:\/\/sertsc.org.br\/site\/anatel-publica-edital-para-o-leilao-de-5g\/\">Leia mais<\/a><\/p>\n","protected":false},"author":1,"featured_media":16566,"comment_status":"open","ping_status":"open","sticky":false,"template":"","format":"standard","meta":{"footnotes":""},"categories":[33,3],"tags":[],"class_list":{"0":"post-16565","1":"post","2":"type-post","3":"status-publish","4":"format-standard","5":"has-post-thumbnail","7":"category-destaques","8":"category-noticias"},"_links":{"self":[{"href":"https:\/\/sertsc.org.br\/site\/wp-json\/wp\/v2\/posts\/16565","targetHints":{"allow":["GET"]}}],"collection":[{"href":"https:\/\/sertsc.org.br\/site\/wp-json\/wp\/v2\/posts"}],"about":[{"href":"https:\/\/sertsc.org.br\/site\/wp-json\/wp\/v2\/types\/post"}],"author":[{"embeddable":true,"href":"https:\/\/sertsc.org.br\/site\/wp-json\/wp\/v2\/users\/1"}],"replies":[{"embeddable":true,"href":"https:\/\/sertsc.org.br\/site\/wp-json\/wp\/v2\/comments?post=16565"}],"version-history":[{"count":0,"href":"https:\/\/sertsc.org.br\/site\/wp-json\/wp\/v2\/posts\/16565\/revisions"}],"wp:featuredmedia":[{"embeddable":true,"href":"https:\/\/sertsc.org.br\/site\/wp-json\/"}],"wp:attachment":[{"href":"https:\/\/sertsc.org.br\/site\/wp-json\/wp\/v2\/media?parent=16565"}],"wp:term":[{"taxonomy":"category","embeddable":true,"href":"https:\/\/sertsc.org.br\/site\/wp-json\/wp\/v2\/categories?post=16565"},{"taxonomy":"post_tag","embeddable":true,"href":"https:\/\/sertsc.org.br\/site\/wp-json\/wp\/v2\/tags?post=16565"}],"curies":[{"name":"wp","href":"https:\/\/api.w.org\/{rel}","templated":true}]}}